{"id":668,"date":"2026-01-21T12:54:13","date_gmt":"2026-01-21T11:54:13","guid":{"rendered":"https:\/\/kampanj.lt.se\/idrottsgalan\/?p=668"},"modified":"2026-03-12T10:45:34","modified_gmt":"2026-03-12T09:45:34","slug":"det-fossilfria-branslet-var-bara-borjan-idag-ar-hallbarhet-sa-mycket-mer","status":"publish","type":"post","link":"https:\/\/kampanj.lt.se\/idrottsgalan\/det-fossilfria-branslet-var-bara-borjan-idag-ar-hallbarhet-sa-mycket-mer\/","title":{"rendered":"Det fossilfria br\u00e4nslet var bara b\u00f6rjan \u2013 idag \u00e4r h\u00e5llbarhet s\u00e5 mycket mer"},"content":{"rendered":"<p>[et_pb_section fb_built=&#8221;1&#8243; custom_padding_last_edited=&#8221;off|phone&#8221; module_class=&#8221;brodtext&#8221; _builder_version=&#8221;4.23.4&#8243; _module_preset=&#8221;default&#8221; background_color=&#8221;#f7f9fb&#8221; custom_padding=&#8221;30px||30px||false|false&#8221; custom_padding_tablet=&#8221;50px||50px||true|false&#8221; custom_padding_phone=&#8221;40px||40px||true|false&#8221; global_colors_info=&#8221;{}&#8221; theme_builder_area=&#8221;post_content&#8221;][et_pb_row _builder_version=&#8221;4.23.1&#8243; _module_preset=&#8221;default&#8221; width_tablet=&#8221;80%&#8221; width_phone=&#8221;90%&#8221; width_last_edited=&#8221;on|phone&#8221; max_width=&#8221;640px&#8221; module_alignment=&#8221;center&#8221; custom_margin=&#8221;0px||0px||true|false&#8221; custom_padding=&#8221;0px||0px||true|false&#8221; global_colors_info=&#8221;{}&#8221; theme_builder_area=&#8221;post_content&#8221;][et_pb_column type=&#8221;4_4&#8243; _builder_version=&#8221;4.20.0&#8243; _module_preset=&#8221;default&#8221; global_colors_info=&#8221;{}&#8221; theme_builder_area=&#8221;post_content&#8221;][et_pb_text _builder_version=&#8221;4.27.5&#8243; _module_preset=&#8221;default&#8221; header_font=&#8221;|700|||||||&#8221; header_font_size=&#8221;46px&#8221; custom_margin=&#8221;||0px||false|false&#8221; custom_padding=&#8221;||0px||false|false&#8221; header_font_size_tablet=&#8221;45px&#8221; header_font_size_phone=&#8221;30px&#8221; header_font_size_last_edited=&#8221;on|tablet&#8221; custom_css_free_form=&#8221;.citat-blue{||  color:#007CBF;||}||.reg-txt{||  font-weight:normal!important;||}&#8221; global_colors_info=&#8221;{}&#8221; theme_builder_area=&#8221;post_content&#8221;]<\/p>\n<h1>Det fossilfria br\u00e4nslet var bara b\u00f6rjan \u2013 idag \u00e4r h\u00e5llbarhet s\u00e5 mycket mer<\/h1>\n<p>[\/et_pb_text][et_pb_text _builder_version=&#8221;4.27.5&#8243; _dynamic_attributes=&#8221;content&#8221; _module_preset=&#8221;default&#8221; text_font=&#8221;Inter||||||||&#8221; text_text_color=&#8221;#505762&#8243; header_5_font=&#8221;Inter||||||||&#8221; header_5_text_color=&#8221;#505762&#8243; header_5_font_size=&#8221;14px&#8221; custom_margin=&#8221;||14px||false|false&#8221; global_colors_info=&#8221;{}&#8221; theme_builder_area=&#8221;post_content&#8221;]@ET-DC@eyJkeW5hbWljIjp0cnVlLCJjb250ZW50IjoicG9zdF9kYXRlIiwic2V0dGluZ3MiOnsiYmVmb3JlIjoiIiwiYWZ0ZXIiOiIiLCJkYXRlX2Zvcm1hdCI6ImRlZmF1bHQiLCJjdXN0b21fZGF0ZV9mb3JtYXQiOiIifX0=@[\/et_pb_text][et_pb_text _builder_version=&#8221;4.27.5&#8243; _module_preset=&#8221;default&#8221; text_font=&#8221;|700|||||||&#8221; text_text_color=&#8221;#191919&#8243; text_font_size=&#8221;20px&#8221; header_4_font=&#8221;Inter|700|||||||&#8221; header_4_text_color=&#8221;#191919&#8243; header_4_font_size=&#8221;20px&#8221; header_4_line_height=&#8221;1.3em&#8221; custom_margin=&#8221;||0px||false|false&#8221; custom_padding=&#8221;||0px||false|false&#8221; global_colors_info=&#8221;{}&#8221; theme_builder_area=&#8221;post_content&#8221;]<\/p>\n<h4>Fossilfritt br\u00e4nsle, elfordon, solceller och laddare f\u00f6r att kunna ladda \u00e4ven tunga fordon p\u00e5 den egna g\u00e5rden. Det \u00e4r i dag en sj\u00e4lvklar del av verksamheten hos familjef\u00f6retaget Ahr\u00e9ns \u00e5keri i S\u00f6dert\u00e4lje.<\/h4>\n<p>[\/et_pb_text][et_pb_text _builder_version=&#8221;4.27.5&#8243; _module_preset=&#8221;default&#8221; text_font=&#8221;|700|||||||&#8221; text_text_color=&#8221;#191919&#8243; text_font_size=&#8221;20px&#8221; header_4_font=&#8221;Inter|700|||||||&#8221; header_4_text_color=&#8221;#191919&#8243; header_4_font_size=&#8221;20px&#8221; header_4_line_height=&#8221;1.3em&#8221; custom_margin=&#8221;||0px||false|false&#8221; custom_padding=&#8221;||0px||false|false&#8221; global_colors_info=&#8221;{}&#8221; theme_builder_area=&#8221;post_content&#8221;]<\/p>\n<h4>Men h\u00e5llbarhetsarbetet stannar inte d\u00e4r. F\u00f6r Susanne Ahr\u00e9n, vd, handlar det lika mycket om samh\u00e4llsengagemang \u2013 och om vad f\u00f6retaget kan bidra med p\u00e5 hemmaplan.<\/h4>\n<p>[\/et_pb_text][et_pb_text _builder_version=&#8221;4.27.5&#8243; _module_preset=&#8221;default&#8221; text_font=&#8221;||||||||&#8221; text_text_color=&#8221;#141414&#8243; text_font_size=&#8221;16px&#8221; header_6_font_size=&#8221;16px&#8221; header_6_line_height=&#8221;1.3em&#8221; background_color=&#8221;#eff0f2&#8243; custom_margin=&#8221;20px||0px||false|false&#8221; custom_padding=&#8221;14px|20px|14px|20px|true|true&#8221; header_6_line_height_phone=&#8221;1.3em&#8221; header_6_line_height_last_edited=&#8221;off|desktop&#8221; global_colors_info=&#8221;{}&#8221; theme_builder_area=&#8221;post_content&#8221;]<\/p>\n<h6 style=\"padding-bottom: 0px;\"><strong>Inneh\u00e5ll fr\u00e5n Ahr\u00e9ns \u00c5keri<\/strong> \u2013 stolt partner till S\u00f6dert\u00e4lje Idrottsgala 2026.<\/h6>\n<p>[\/et_pb_text][\/et_pb_column][\/et_pb_row][et_pb_row _builder_version=&#8221;4.23.1&#8243; _module_preset=&#8221;default&#8221; width_tablet=&#8221;100%&#8221; width_phone=&#8221;100%&#8221; width_last_edited=&#8221;on|phone&#8221; max_width=&#8221;950px&#8221; module_alignment=&#8221;center&#8221; custom_padding=&#8221;30px||30px||true|false&#8221; global_colors_info=&#8221;{}&#8221; theme_builder_area=&#8221;post_content&#8221;][et_pb_column type=&#8221;4_4&#8243; _builder_version=&#8221;4.23.1&#8243; _module_preset=&#8221;default&#8221; global_colors_info=&#8221;{}&#8221; theme_builder_area=&#8221;post_content&#8221;][et_pb_image src=&#8221;https:\/\/kampanj.lt.se\/idrottsgalan\/wp-content\/uploads\/2026\/01\/lt_ahrens_main.jpg&#8221; title_text=&#8221;lt_ahrens_main&#8221; _builder_version=&#8221;4.27.5&#8243; _module_preset=&#8221;default&#8221; custom_margin=&#8221;0px||0px||true|false&#8221; custom_padding=&#8221;0px||0px||false|false&#8221; global_colors_info=&#8221;{}&#8221; theme_builder_area=&#8221;post_content&#8221;][\/et_pb_image][et_pb_text _builder_version=&#8221;4.27.5&#8243; _module_preset=&#8221;default&#8221; text_text_color=&#8221;#505762&#8243; text_line_height=&#8221;1.3em&#8221; header_5_font=&#8221;Inter||||||||&#8221; header_5_text_color=&#8221;#505762&#8243; width_tablet=&#8221;80%&#8221; width_phone=&#8221;90%&#8221; width_last_edited=&#8221;on|phone&#8221; module_alignment=&#8221;center&#8221; custom_margin=&#8221;10px||0px||false|false&#8221; custom_padding=&#8221;0px||0px||false|false&#8221; custom_padding_tablet=&#8221;|||20px|false|false&#8221; custom_padding_phone=&#8221;|||20px|false|false&#8221; custom_padding_last_edited=&#8221;off|desktop&#8221; locked=&#8221;off&#8221; global_colors_info=&#8221;{}&#8221; theme_builder_area=&#8221;post_content&#8221;]<\/p>\n<p>Hampus, Susanne, Lars och Jesper Ahr\u00e9n.<\/p>\n<p>[\/et_pb_text][\/et_pb_column][\/et_pb_row][et_pb_row _builder_version=&#8221;4.23.1&#8243; _module_preset=&#8221;default&#8221; width_tablet=&#8221;80%&#8221; width_phone=&#8221;90%&#8221; width_last_edited=&#8221;on|phone&#8221; max_width=&#8221;640px&#8221; module_alignment=&#8221;center&#8221; custom_margin=&#8221;0px||0px||true|false&#8221; custom_padding=&#8221;0px||0px||false|false&#8221; global_colors_info=&#8221;{}&#8221; theme_builder_area=&#8221;post_content&#8221;][et_pb_column type=&#8221;4_4&#8243; _builder_version=&#8221;4.20.0&#8243; _module_preset=&#8221;default&#8221; global_colors_info=&#8221;{}&#8221; theme_builder_area=&#8221;post_content&#8221;][et_pb_text module_class=&#8221;tiempos-txt&#8221; _builder_version=&#8221;4.27.5&#8243; _module_preset=&#8221;default&#8221; text_text_color=&#8221;#191919&#8243; text_font_size=&#8221;18px&#8221; link_font=&#8221;||||||||&#8221; header_2_font_size=&#8221;24px&#8221; width_tablet=&#8221;100%&#8221; width_phone=&#8221;100%&#8221; width_last_edited=&#8221;off|desktop&#8221; custom_padding=&#8221;||||false|false&#8221; header_2_font_size_last_edited=&#8221;off|phone&#8221; custom_css_free_form=&#8221;h2{||  padding-bottom:0px;||  margin-bottom:8px;||}&#8221; global_colors_info=&#8221;{}&#8221; theme_builder_area=&#8221;post_content&#8221;]<a href=\"https:\/\/ahrens-transport.se\/\" target=\"_blank\" rel=\"noopener\">EXTERN L\u00c4NK: L\u00e4s mer om Ahr\u00e9ns \u00c5keri h\u00e4r<\/a><\/p>\n<p>En viktig del av Ahr\u00e9ns \u00c5keris h\u00e5llbarhetsarbete \u00e4r st\u00f6det till barn- och ungdomsidrotten i form av sponsring av olika lokala lag.<\/p>\n<p>\u2013 Det \u00e4r s\u00e5 m\u00e5nga barn och ungdomar som inte ens har m\u00f6jlighet att f\u00e5 prova p\u00e5 olika idrotter. Det \u00e4r s\u00e5 or\u00e4ttvist att det redan i unga \u00e5r skapar en skillnad beroende p\u00e5 om du har f\u00f6r\u00e4ldrar som har m\u00f6jlighet att betala eller inte. Jag hoppas att vi kan vara med och bidra till att fler barn kan idrotta.<\/p>\n<p>Susanne Ahr\u00e9n har sj\u00e4lv en bakgrund som idrottsl\u00e4rare och som ledare inom idrotten &#8211; erfarenheter som hon tycker har format hur hon leder f\u00f6retaget.<\/p>\n<p>\u2013 Idrotten har gett mig driv och en t\u00e4vlingsinstinkt. Det viktigaste \u00e4r att skapa ett team d\u00e4r alla drar \u00e5t samma h\u00e5ll. Vi \u00e4r ett lag, och ingen \u00e4r starkare \u00e4n den svagaste l\u00e4nken, s\u00e4ger hon.<\/p>\n<p>Ahr\u00e9ns \u00c5keri startades 1974 av Susannes pappa Lars Ahr\u00e9n. F\u00f6retaget har vuxit rej\u00e4lt sedan dess och har nu \u00f6ver 100 anst\u00e4llda. N\u00e4sta generation finns ocks\u00e5 med i verksamheten, genom Hampus Ahr\u00e9n som \u00e4r verksamhetschef och Jesper Ahr\u00e9n som har en ledande roll i systerbolaget ACT.<\/p>\n<p>Samtidigt betonar Susanne Ahr\u00e9n att familjek\u00e4nslan inte bara handlar om sl\u00e4ktskap.<\/p>\n<p>\u2013 F\u00f6r mig har det varit viktigt att det familj\u00e4ra ska k\u00e4nnas hos alla medarbetare och \u00e4ven f\u00f6lja med n\u00e4r f\u00f6retaget v\u00e4xer.[\/et_pb_text][et_pb_image src=&#8221;https:\/\/kampanj.lt.se\/idrottsgalan\/wp-content\/uploads\/2026\/01\/lt-ahrens-lastbil-laddning.jpg&#8221; title_text=&#8221;lt-ahrens-lastbil-laddning&#8221; _builder_version=&#8221;4.27.5&#8243; _module_preset=&#8221;default&#8221; custom_margin=&#8221;25px||25px||true|false&#8221; custom_padding=&#8221;0px||0px||true|false&#8221; global_colors_info=&#8221;{}&#8221; theme_builder_area=&#8221;post_content&#8221;][\/et_pb_image][et_pb_text module_class=&#8221;tiempos-txt&#8221; _builder_version=&#8221;4.27.5&#8243; _module_preset=&#8221;default&#8221; text_text_color=&#8221;#191919&#8243; text_font_size=&#8221;18px&#8221; link_font=&#8221;||||||||&#8221; header_2_font_size=&#8221;24px&#8221; custom_padding=&#8221;||||false|false&#8221; custom_css_free_form=&#8221;h2{||  padding-bottom:0px;||  margin-bottom:8px;||}&#8221; global_colors_info=&#8221;{}&#8221; theme_builder_area=&#8221;post_content&#8221;]<\/p>\n<h2>Lagandan \u00e4r central<\/h2>\n<p>Hon beskriver ett fram\u00e5triktat driv som finns hos medarbetarna.<\/p>\n<p>\u2013 Vi \u00e4r vinnarskallar allihopa och det \u00e4r en stor anledning till v\u00e5r framg\u00e5ng. Det handlar om att f\u00e5 med hela laget p\u00e5 samma resa.<\/p>\n<p>Susanne Ahr\u00e9n \u00e5terkommer flera g\u00e5nger till vikten av att se allting som en helhet.<\/p>\n<p>\u2013 Att jobba med h\u00e5llbarhet p\u00e5 olika plan skapar b\u00e5de v\u00e4lm\u00e5ende, trivsel och en stolthet f\u00f6r arbetsplatsen. H\u00e5llbarhet genererar \u00e4ven aff\u00e4rer, och tack vare personalens engagemang och v\u00e5r familj\u00e4ra laganda har vi kunnat leverera bra resultat som genererar \u00e4nnu mer aff\u00e4rer.<\/p>\n<p>\u2013 Det i sin tur ger oss m\u00f6jlighet att engagera oss \u00e4nnu mer i samh\u00e4llet, bland annat genom att sponsra olika f\u00f6reningar. Allting h\u00f6r ihop, som en kedja.<\/p>\n<p>N\u00e4r det g\u00e4ller milj\u00f6n s\u00e5 f\u00f6ljer Ahr\u00e9ns sedan l\u00e4nge upp br\u00e4nslef\u00f6rbrukning och k\u00f6rs\u00e4tt och har klimatrapporterat sedan 2010. P\u00e5 senare \u00e5r har delar av transporterna st\u00e4llts om till HVO100 i st\u00e4llet f\u00f6r diesel i takt med \u00f6kade kundkrav. I dag har \u00e5keriet sex el-lastbilar, som kan laddas p\u00e5 g\u00e5rden med fyra laddare f\u00f6r lastbilar.<\/p>\n<p><a href=\"https:\/\/ahrens-transport.se\/\" target=\"_blank\" rel=\"noopener\">EXTERN L\u00c4NK: L\u00e4s mer om Ahr\u00e9ns \u00c5keri h\u00e4r<\/a>[\/et_pb_text][et_pb_text _builder_version=&#8221;4.27.5&#8243; _module_preset=&#8221;default&#8221; text_font=&#8221;&#8211;et_global_body_font||||||||&#8221; text_text_color=&#8221;#191919&#8243; text_font_size=&#8221;16px&#8221; text_line_height=&#8221;1.5em&#8221; header_font=&#8221;&#8211;et_global_body_font||||||||&#8221; header_2_font=&#8221;|700|||||||&#8221; header_2_text_color=&#8221;#191919&#8243; header_2_font_size=&#8221;24px&#8221; background_color=&#8221;#f0f0f2&#8243; width=&#8221;640px&#8221; width_tablet=&#8221;100%&#8221; width_phone=&#8221;100%&#8221; width_last_edited=&#8221;on|phone&#8221; module_alignment=&#8221;center&#8221; custom_margin=&#8221;30px||||false|false&#8221; custom_padding=&#8221;30px|30px|30px|30px|true|true&#8221; hover_enabled=&#8221;0&#8243; header_2_font_size_tablet=&#8221;24px&#8221; header_2_font_size_phone=&#8221;22px&#8221; header_2_font_size_last_edited=&#8221;on|phone&#8221; border_radii=&#8221;on|0.5rem|0.5rem|0.5rem|0.5rem&#8221; locked=&#8221;off&#8221; global_colors_info=&#8221;{}&#8221; theme_builder_area=&#8221;post_content&#8221; sticky_enabled=&#8221;0&#8243;]<\/p>\n<h3>S\u00f6dert\u00e4lje Idrottsgala<\/h3>\n<p><strong>Var:<\/strong> T\u00e4ljehallen.<br \/>\n<strong>N\u00e4r:<\/strong> S\u00f6dert\u00e4lje Idrottsgala gick av stapeln 11 mars.<br \/>\n<strong>Varf\u00f6r:<\/strong> L\u00e4nstidningen S\u00f6dert\u00e4lje ville tillsammans med en rad partners uppm\u00e4rksamma s\u00e5v\u00e4l elit- som breddidrotten i S\u00f6dert\u00e4lje och Nykvarn samt de eldsj\u00e4lar som driver f\u00f6reningslivet fram\u00e5t.<br \/>\n<strong>Vilka var d\u00e4r: <\/strong>Framst\u00e5ende idrottsprofiler och aktiva inom f\u00f6reningslivet. Martin &amp; Love Stenmarck underh\u00f6ll och galan leddes av tv-profilen Jessica Almen\u00e4s.<\/p>\n<p>Vill du vara en del av S\u00f6dert\u00e4lje Idrottsgala 2027 kontakta Pontus Kronemyr: <a href=\"mailto:pontus.kronemyr@bonniernews.se\">pontus.kronemyr@bonniernews.se<\/a>[\/et_pb_text][\/et_pb_column][\/et_pb_row][\/et_pb_section]<\/p>\n","protected":false},"excerpt":{"rendered":"<p>Det fossilfria br\u00e4nslet var bara b\u00f6rjan \u2013 idag \u00e4r h\u00e5llbarhet s\u00e5 mycket merFossilfritt br\u00e4nsle, elfordon, solceller och laddare f\u00f6r att kunna ladda \u00e4ven tunga fordon p\u00e5 den egna g\u00e5rden. Det \u00e4r i dag en sj\u00e4lvklar del av verksamheten hos familjef\u00f6retaget Ahr\u00e9ns \u00e5keri i S\u00f6dert\u00e4lje.Men h\u00e5llbarhetsarbetet stannar inte d\u00e4r. F\u00f6r Susanne Ahr\u00e9n, vd, handlar det lika [&hellip;]<\/p>\n","protected":false},"author":1,"featured_media":1626,"comment_status":"open","ping_status":"open","sticky":false,"template":"","format":"standard","meta":{"_et_pb_use_builder":"on","_et_pb_old_content":"","_et_gb_content_width":"","footnotes":""},"categories":[5],"tags":[],"class_list":["post-668","post","type-post","status-publish","format-standard","has-post-thumbnail","hentry","category-artiklar-2026"],"_links":{"self":[{"href":"https:\/\/kampanj.lt.se\/idrottsgalan\/wp-json\/wp\/v2\/posts\/668","targetHints":{"allow":["GET"]}}],"collection":[{"href":"https:\/\/kampanj.lt.se\/idrottsgalan\/wp-json\/wp\/v2\/posts"}],"about":[{"href":"https:\/\/kampanj.lt.se\/idrottsgalan\/wp-json\/wp\/v2\/types\/post"}],"author":[{"embeddable":true,"href":"https:\/\/kampanj.lt.se\/idrottsgalan\/wp-json\/wp\/v2\/users\/1"}],"replies":[{"embeddable":true,"href":"https:\/\/kampanj.lt.se\/idrottsgalan\/wp-json\/wp\/v2\/comments?post=668"}],"version-history":[{"count":26,"href":"https:\/\/kampanj.lt.se\/idrottsgalan\/wp-json\/wp\/v2\/posts\/668\/revisions"}],"predecessor-version":[{"id":1924,"href":"https:\/\/kampanj.lt.se\/idrottsgalan\/wp-json\/wp\/v2\/posts\/668\/revisions\/1924"}],"wp:featuredmedia":[{"embeddable":true,"href":"https:\/\/kampanj.lt.se\/idrottsgalan\/wp-json\/wp\/v2\/media\/1626"}],"wp:attachment":[{"href":"https:\/\/kampanj.lt.se\/idrottsgalan\/wp-json\/wp\/v2\/media?parent=668"}],"wp:term":[{"taxonomy":"category","embeddable":true,"href":"https:\/\/kampanj.lt.se\/idrottsgalan\/wp-json\/wp\/v2\/categories?post=668"},{"taxonomy":"post_tag","embeddable":true,"href":"https:\/\/kampanj.lt.se\/idrottsgalan\/wp-json\/wp\/v2\/tags?post=668"}],"curies":[{"name":"wp","href":"https:\/\/api.w.org\/{rel}","templated":true}]}}