{"id":560,"date":"2025-03-13T10:28:46","date_gmt":"2025-03-13T09:28:46","guid":{"rendered":"https:\/\/kampanj.lt.se\/idrottsgalan\/?p=560"},"modified":"2026-01-22T11:12:29","modified_gmt":"2026-01-22T10:12:29","slug":"fran-irak-till-sodertalje-rafid-yousef-fann-sitt-nya-liv-pa-ica-maxi-och-fotbollsplanen","status":"publish","type":"post","link":"https:\/\/kampanj.lt.se\/idrottsgalan\/fran-irak-till-sodertalje-rafid-yousef-fann-sitt-nya-liv-pa-ica-maxi-och-fotbollsplanen\/","title":{"rendered":"Fr\u00e5n Irak till S\u00f6dert\u00e4lje: Rafid Yousef fann sitt nya liv p\u00e5 Ica Maxi och fotbollsplanen"},"content":{"rendered":"<p>[et_pb_section fb_built=&#8221;1&#8243; custom_padding_last_edited=&#8221;off|phone&#8221; module_class=&#8221;brodtext&#8221; _builder_version=&#8221;4.23.4&#8243; _module_preset=&#8221;default&#8221; background_color=&#8221;#f7f9fb&#8221; custom_padding=&#8221;30px||30px||false|false&#8221; custom_padding_tablet=&#8221;50px||50px||true|false&#8221; custom_padding_phone=&#8221;40px||40px||true|false&#8221; global_colors_info=&#8221;{}&#8221;][et_pb_row _builder_version=&#8221;4.23.1&#8243; _module_preset=&#8221;default&#8221; width_tablet=&#8221;80%&#8221; width_phone=&#8221;90%&#8221; width_last_edited=&#8221;on|phone&#8221; max_width=&#8221;640px&#8221; module_alignment=&#8221;center&#8221; custom_margin=&#8221;0px||0px||true|false&#8221; custom_padding=&#8221;0px||0px||true|false&#8221; global_colors_info=&#8221;{}&#8221;][et_pb_column type=&#8221;4_4&#8243; _builder_version=&#8221;4.20.0&#8243; _module_preset=&#8221;default&#8221; global_colors_info=&#8221;{}&#8221;][et_pb_text disabled_on=&#8221;on|on|on&#8221; _builder_version=&#8221;4.23.4&#8243; _module_preset=&#8221;default&#8221; text_font=&#8221;Inter||||||||&#8221; header_5_font=&#8221;Inter|||on|||||&#8221; header_5_text_color=&#8221;#141414&#8243; header_5_font_size=&#8221;14px&#8221; custom_margin=&#8221;||6px||false|false&#8221; disabled=&#8221;on&#8221; global_colors_info=&#8221;{}&#8221;]<\/p>\n<h5>Kr\u00f6nika<\/h5>\n<p>[\/et_pb_text][et_pb_text _builder_version=&#8221;4.27.4&#8243; _module_preset=&#8221;default&#8221; header_font=&#8221;|700|||||||&#8221; header_font_size=&#8221;44px&#8221; custom_margin=&#8221;||0px||false|false&#8221; custom_padding=&#8221;||0px||false|false&#8221; header_font_size_tablet=&#8221;42px&#8221; header_font_size_phone=&#8221;30px&#8221; header_font_size_last_edited=&#8221;on|phone&#8221; custom_css_free_form=&#8221;.citat-blue{||  color:#007CBF;||}||.reg-txt{||  font-weight:normal!important;||}&#8221; global_colors_info=&#8221;{}&#8221;]<\/p>\n<h1>Fr\u00e5n Irak till S\u00f6dert\u00e4lje: Rafid Yousef fann sitt nya liv p\u00e5 Ica Maxi och fotbollsplanen<\/h1>\n<p>[\/et_pb_text][et_pb_text _builder_version=&#8221;4.27.4&#8243; _dynamic_attributes=&#8221;content&#8221; _module_preset=&#8221;default&#8221; text_font=&#8221;Inter||||||||&#8221; text_text_color=&#8221;#505762&#8243; header_5_font=&#8221;Inter||||||||&#8221; header_5_text_color=&#8221;#505762&#8243; header_5_font_size=&#8221;14px&#8221; custom_margin=&#8221;||14px||false|false&#8221; global_colors_info=&#8221;{}&#8221;]@ET-DC@eyJkeW5hbWljIjp0cnVlLCJjb250ZW50IjoicG9zdF9kYXRlIiwic2V0dGluZ3MiOnsiYmVmb3JlIjoiIiwiYWZ0ZXIiOiIiLCJkYXRlX2Zvcm1hdCI6ImRlZmF1bHQiLCJjdXN0b21fZGF0ZV9mb3JtYXQiOiIifX0=@[\/et_pb_text][et_pb_text _builder_version=&#8221;4.27.4&#8243; _module_preset=&#8221;default&#8221; text_font=&#8221;|700|||||||&#8221; text_text_color=&#8221;#191919&#8243; text_font_size=&#8221;20px&#8221; header_4_font=&#8221;Inter|700|||||||&#8221; header_4_text_color=&#8221;#191919&#8243; header_4_font_size=&#8221;20px&#8221; header_4_line_height=&#8221;1.3em&#8221; custom_margin=&#8221;||0px||false|false&#8221; custom_padding=&#8221;||0px||false|false&#8221; global_colors_info=&#8221;{}&#8221;]<\/p>\n<h4>Jobbet p\u00e5 Ica Maxi Vasa och fotbollen i S\u00f6dert\u00e4lje Fotbollsklubb har &#8211; tillsammans med familjen &#8211; blivit Rafid Yousefs liv.<br \/>\u2013 Jag gillar att hj\u00e4lpa m\u00e4nniskor och att tr\u00e4ffa folk. Jag trivs v\u00e4ldigt bra h\u00e4r i S\u00f6dert\u00e4lje, s\u00e4ger han.<\/h4>\n<p>[\/et_pb_text][et_pb_text _builder_version=&#8221;4.27.4&#8243; _module_preset=&#8221;default&#8221; text_font=&#8221;Inter||||||||&#8221; text_text_color=&#8221;#141414&#8243; text_font_size=&#8221;16px&#8221; header_6_font_size=&#8221;16px&#8221; header_6_line_height=&#8221;1.3em&#8221; background_color=&#8221;#eff0f2&#8243; custom_margin=&#8221;20px||0px||false|false&#8221; custom_padding=&#8221;14px|20px|14px|20px|true|true&#8221; header_6_line_height_phone=&#8221;1.3em&#8221; header_6_line_height_last_edited=&#8221;off|desktop&#8221; global_colors_info=&#8221;{}&#8221;]<\/p>\n<h6 style=\"padding-bottom: 0px;\"><strong>Inneh\u00e5ll fr\u00e5n Ica Maxi Vasa<\/strong> &#8211; stolt partner till S\u00f6dert\u00e4lje idrottsgala 2025.<\/h6>\n<p>[\/et_pb_text][\/et_pb_column][\/et_pb_row][et_pb_row _builder_version=&#8221;4.23.1&#8243; _module_preset=&#8221;default&#8221; width_tablet=&#8221;100%&#8221; width_phone=&#8221;100%&#8221; width_last_edited=&#8221;on|phone&#8221; max_width=&#8221;950px&#8221; module_alignment=&#8221;center&#8221; custom_padding=&#8221;30px||30px||true|false&#8221; global_colors_info=&#8221;{}&#8221;][et_pb_column type=&#8221;4_4&#8243; _builder_version=&#8221;4.23.1&#8243; _module_preset=&#8221;default&#8221; global_colors_info=&#8221;{}&#8221;][et_pb_image src=&#8221;https:\/\/kampanj.lt.se\/idrottsgalan\/wp-content\/uploads\/2025\/03\/lt-ica-maxi-vasa-1.jpg&#8221; title_text=&#8221;lt-ica-maxi-vasa-1&#8243; _builder_version=&#8221;4.27.4&#8243; _module_preset=&#8221;default&#8221; custom_margin=&#8221;0px||0px||true|false&#8221; custom_padding=&#8221;0px||0px||false|false&#8221; global_colors_info=&#8221;{}&#8221;][\/et_pb_image][et_pb_text _builder_version=&#8221;4.27.4&#8243; _module_preset=&#8221;default&#8221; text_text_color=&#8221;#505762&#8243; text_line_height=&#8221;1.3em&#8221; header_5_font=&#8221;Inter||||||||&#8221; header_5_text_color=&#8221;#505762&#8243; width_tablet=&#8221;80%&#8221; width_phone=&#8221;90%&#8221; width_last_edited=&#8221;on|phone&#8221; module_alignment=&#8221;center&#8221; custom_margin=&#8221;10px||0px||false|false&#8221; custom_padding=&#8221;0px||0px||false|false&#8221; custom_padding_tablet=&#8221;|||20px|false|false&#8221; custom_padding_phone=&#8221;|||20px|false|false&#8221; custom_padding_last_edited=&#8221;off|desktop&#8221; locked=&#8221;off&#8221; global_colors_info=&#8221;{}&#8221;]<\/p>\n<p>Rafid Yousef.<\/p>\n<p>[\/et_pb_text][et_pb_text disabled_on=&#8221;on|on|on&#8221; _builder_version=&#8221;4.27.4&#8243; _module_preset=&#8221;default&#8221; text_text_color=&#8221;#505762&#8243; text_line_height=&#8221;1.3em&#8221; header_5_font=&#8221;Inter||||||||&#8221; header_5_text_color=&#8221;#505762&#8243; width_tablet=&#8221;80%&#8221; width_phone=&#8221;90%&#8221; width_last_edited=&#8221;on|phone&#8221; module_alignment=&#8221;center&#8221; custom_margin=&#8221;10px||0px||false|false&#8221; custom_padding=&#8221;0px||0px||false|false&#8221; custom_padding_tablet=&#8221;|||20px|false|false&#8221; custom_padding_phone=&#8221;|||20px|false|false&#8221; custom_padding_last_edited=&#8221;off|desktop&#8221; disabled=&#8221;on&#8221; locked=&#8221;off&#8221; global_colors_info=&#8221;{}&#8221;]<\/p>\n<p>Bildtext.<\/p>\n<p>[\/et_pb_text][et_pb_text disabled_on=&#8221;on|on|on&#8221; _builder_version=&#8221;4.24.2&#8243; _module_preset=&#8221;default&#8221; text_text_color=&#8221;#505762&#8243; text_line_height=&#8221;1.3em&#8221; header_5_font=&#8221;Inter||||||||&#8221; header_5_text_color=&#8221;#505762&#8243; width=&#8221;100%&#8221; width_tablet=&#8221;80%&#8221; width_phone=&#8221;90%&#8221; width_last_edited=&#8221;on|desktop&#8221; module_alignment=&#8221;center&#8221; custom_margin=&#8221;10px||0px||false|false&#8221; custom_padding=&#8221;||||false|false&#8221; custom_padding_tablet=&#8221;|||20px|false|false&#8221; custom_padding_phone=&#8221;|||20px|false|false&#8221; custom_padding_last_edited=&#8221;off|phone&#8221; disabled=&#8221;on&#8221; global_colors_info=&#8221;{}&#8221;]<\/p>\n<p>Bildtext.<\/p>\n<p>[\/et_pb_text][\/et_pb_column][\/et_pb_row][et_pb_row _builder_version=&#8221;4.23.1&#8243; _module_preset=&#8221;default&#8221; width_tablet=&#8221;80%&#8221; width_phone=&#8221;90%&#8221; width_last_edited=&#8221;on|phone&#8221; max_width=&#8221;640px&#8221; module_alignment=&#8221;center&#8221; custom_margin=&#8221;0px||0px||true|false&#8221; custom_padding=&#8221;0px||0px||false|false&#8221; global_colors_info=&#8221;{}&#8221;][et_pb_column type=&#8221;4_4&#8243; _builder_version=&#8221;4.20.0&#8243; _module_preset=&#8221;default&#8221; global_colors_info=&#8221;{}&#8221;][et_pb_text module_class=&#8221;tiempos-txt&#8221; _builder_version=&#8221;4.27.4&#8243; _module_preset=&#8221;default&#8221; text_text_color=&#8221;#191919&#8243; text_font_size=&#8221;18px&#8221; link_font=&#8221;||||||||&#8221; header_2_font_size=&#8221;24px&#8221; width_tablet=&#8221;100%&#8221; width_phone=&#8221;100%&#8221; width_last_edited=&#8221;off|desktop&#8221; custom_padding=&#8221;||||false|false&#8221; header_2_font_size_last_edited=&#8221;off|phone&#8221; custom_css_free_form=&#8221;h2{||  padding-bottom:0px;||  margin-bottom:8px;||}&#8221; global_colors_info=&#8221;{}&#8221;]<\/p>\n<p><a href=\"https:\/\/www.ica.se\/butiker\/maxi\/sodertalje\/maxi-ica-stormarknad-vasa-handelsplats-1004109\/?gad_source=1&amp;gclid=CjwKCAiA5pq-BhBuEiwAvkzVZZsnGURB82HZrEgeCUk45Xsd-1XKU9fIrn5xqocwHOm8ht1YRzO98RoCKOkQAvD_BwE\" target=\"_blank\" rel=\"noopener\">EXTERN L\u00c4NK: Kolla in veckans erbjudanden fr\u00e5n Ica Maxi Vasa<\/a><\/p>\n<p>Rafid Yousef kom till Sverige fr\u00e5n Irak \u00e5r 2006. Han var d\u00e5 24 \u00e5r gammal.<\/p>\n<p>\u2013 Efter kriget var det sv\u00e5rt att ha ett bra liv d\u00e4r, s\u00e4ger han.<\/p>\n<p>Han bosatte sig i S\u00f6dert\u00e4lje och b\u00f6rjade spela fotboll. Det blev ett viktigt s\u00e4tt att tr\u00e4ffa nya v\u00e4nner och att h\u00e5lla ig\u00e5ng.<\/p>\n<p>\u2013 Jag spelade fotboll i Irak ocks\u00e5, ber\u00e4ttar Rafid Yousef.<\/p>\n<p>Klubben hette Irakorna och gjorde en snabb resa genom seriesystemet &#8211; fr\u00e5n division sju till division fyra p\u00e5 bara n\u00e5gra \u00e5r.<\/p>\n<p>\u2013 Det var en rolig tid, s\u00e4ger Rafid.<a href=\"https:\/\/www.ica.se\/butiker\/maxi\/sodertalje\/maxi-ica-stormarknad-vasa-handelsplats-1004109\/?gad_source=1&amp;gclid=CjwKCAiA5pq-BhBuEiwAvkzVZZsnGURB82HZrEgeCUk45Xsd-1XKU9fIrn5xqocwHOm8ht1YRzO98RoCKOkQAvD_BwE\" target=\"_blank\" rel=\"noopener\"><\/a><\/p>\n<p>[\/et_pb_text][et_pb_text module_class=&#8221;tiempos-txt&#8221; _builder_version=&#8221;4.27.4&#8243; _module_preset=&#8221;default&#8221; text_text_color=&#8221;#191919&#8243; text_font_size=&#8221;18px&#8221; link_font=&#8221;||||||||&#8221; header_2_font_size=&#8221;24px&#8221; custom_padding=&#8221;||||false|false&#8221; custom_css_free_form=&#8221;h2{||  padding-bottom:0px;||  margin-bottom:8px;||}&#8221; global_colors_info=&#8221;{}&#8221;]<\/p>\n<h2><\/h2>\n<h2><\/h2>\n<h2><\/h2>\n<h2>Gillar att tr\u00e4ffa folk<\/h2>\n<p>Han bildade familj, 2013 kom sonen Lionel och lillebror Leonardo f\u00f6ddes tre \u00e5r senare. I samma veva b\u00f6rjade Rafid Yousef p\u00e5 Ica Maxi Vasa i S\u00f6dert\u00e4lje som praktikant. Det blev helt r\u00e4tt f\u00f6r honom.<\/p>\n<p>\u2013 Efter tv\u00e5 veckor sa de att de var j\u00e4tten\u00f6jda med mitt jobb, och efter n\u00e5gra veckor till s\u00e5 fick jag en timanst\u00e4llning.<\/p>\n<p>Idag \u00e4r Rafid Yousef ett v\u00e4lk\u00e4nt och uppskattat ansikte b\u00e5de bland kunder och \u00f6vrig personal.<\/p>\n<p>\u2013 Jag gillar att hj\u00e4lpa kunder, att tr\u00e4ffa folk, visa dem r\u00e4tt och sm\u00e5prata lite.<a href=\"https:\/\/www.ica.se\/butiker\/maxi\/sodertalje\/maxi-ica-stormarknad-vasa-handelsplats-1004109\/?gad_source=1&amp;gclid=CjwKCAiA5pq-BhBuEiwAvkzVZZsnGURB82HZrEgeCUk45Xsd-1XKU9fIrn5xqocwHOm8ht1YRzO98RoCKOkQAvD_BwE\" target=\"_blank\" rel=\"noopener\"><\/a><\/p>\n<h2><\/h2>\n<p>[\/et_pb_text][et_pb_image src=&#8221;https:\/\/kampanj.lt.se\/idrottsgalan\/wp-content\/uploads\/2025\/03\/lt-ica-maxi-vasa-2.jpg&#8221; title_text=&#8221;lt-ica-maxi-vasa-2&#8243; _builder_version=&#8221;4.27.4&#8243; _module_preset=&#8221;default&#8221; custom_margin=&#8221;25px||25px||true|false&#8221; custom_padding=&#8221;0px||0px||true|false&#8221; global_colors_info=&#8221;{}&#8221;][\/et_pb_image][et_pb_text disabled_on=&#8221;on|on|on&#8221; _builder_version=&#8221;4.24.2&#8243; _module_preset=&#8221;default&#8221; text_text_color=&#8221;#505762&#8243; text_line_height=&#8221;1.3em&#8221; header_5_font=&#8221;Inter||||||||&#8221; header_5_text_color=&#8221;#505762&#8243; width_tablet=&#8221;100%&#8221; width_phone=&#8221;100%&#8221; width_last_edited=&#8221;off|desktop&#8221; custom_margin=&#8221;0px||25px||false|false&#8221; custom_padding=&#8221;0px||0px||false|false&#8221; custom_padding_tablet=&#8221;|||20px|false|false&#8221; custom_padding_phone=&#8221;|||20px|false|false&#8221; custom_padding_last_edited=&#8221;off|desktop&#8221; disabled=&#8221;on&#8221; locked=&#8221;off&#8221; global_colors_info=&#8221;{}&#8221;]<\/p>\n<p>Bildtext.<\/p>\n<p>[\/et_pb_text][et_pb_text module_class=&#8221;tiempos-txt&#8221; _builder_version=&#8221;4.27.4&#8243; _module_preset=&#8221;default&#8221; text_text_color=&#8221;#191919&#8243; text_font_size=&#8221;18px&#8221; link_font=&#8221;||||||||&#8221; header_2_font_size=&#8221;24px&#8221; custom_padding=&#8221;||||false|false&#8221; custom_css_free_form=&#8221;h2{||  padding-bottom:0px;||  margin-bottom:8px;||}&#8221; global_colors_info=&#8221;{}&#8221;]<\/p>\n<h2><\/h2>\n<h2><\/h2>\n<h2><\/h2>\n<h2>Fotbollstr\u00e4nare i S\u00f6dert\u00e4lje Fotbollsklubb<\/h2>\n<p>Rafid kombinerar jobbet p\u00e5 Ica Maxi med att vara fotbollstr\u00e4nare f\u00f6r s\u00f6nernas lag i S\u00f6dert\u00e4lje Fotbollsklubb, och med egen tr\u00e4ning.<\/p>\n<p>\u2013 Jag tr\u00e4nar p\u00e5 gym fem dagar i veckan, oftast f\u00f6re jobbet. Det ger mig mycket energi och \u00e4r en bra start p\u00e5 dagen.<\/p>\n<p>Att vara fotbollstr\u00e4nare tycker han \u00e4r b\u00e5de roligt och givande.<\/p>\n<p>\u2013 Det \u00e4r roligt att vara med och hj\u00e4lpa barnen att utvecklas. Mina s\u00f6ner tycker mycket om fotboll. Jag f\u00f6rs\u00f6ker tr\u00e4na dem till att bli allround-spelare, det \u00e4r bra att kunna spela p\u00e5 alla positioner.<\/p>\n<p>I slutet av f\u00f6rra \u00e5ret ut\u00f6kades familjen med lillasyster Maribell, s\u00e5 det \u00e4r full fart i Rafids vardag &#8211; n\u00e5got han trivs bra med.<\/p>\n<p>Jobbet p\u00e5 Ica Maxi \u00e4r viktigt f\u00f6r honom. Favoritavdelningen \u00e4r frukt och gr\u00f6nt, men han trivs \u00f6verallt i butiken. Den sociala biten betyder mycket.<\/p>\n<p>\u2013 F\u00f6rutom alla kunder s\u00e5 tr\u00e4ffar jag ju \u00e4ven mina kollegor varje dag. De har blivit mina v\u00e4nner och vi har v\u00e4ldigt roligt tillsammans.<\/p>\n<h2><\/h2>\n<p>[\/et_pb_text][et_pb_image src=&#8221;https:\/\/kampanj.lt.se\/idrottsgalan\/wp-content\/uploads\/2025\/03\/lt-ica-maxi-vasa-jonas-berg.jpg&#8221; title_text=&#8221;lt-ica-maxi-vasa-jonas-berg&#8221; _builder_version=&#8221;4.27.4&#8243; _module_preset=&#8221;default&#8221; custom_margin=&#8221;25px||10px||false|false&#8221; custom_padding=&#8221;0px||0px||true|false&#8221; global_colors_info=&#8221;{}&#8221;][\/et_pb_image][et_pb_text _builder_version=&#8221;4.27.4&#8243; _module_preset=&#8221;default&#8221; text_text_color=&#8221;#505762&#8243; text_line_height=&#8221;1.3em&#8221; header_5_font=&#8221;Inter||||||||&#8221; header_5_text_color=&#8221;#505762&#8243; width_tablet=&#8221;80%&#8221; width_phone=&#8221;90%&#8221; width_last_edited=&#8221;off|desktop&#8221; module_alignment=&#8221;center&#8221; custom_margin=&#8221;0px||25px||false|false&#8221; custom_padding=&#8221;0px||0px||false|false&#8221; custom_padding_tablet=&#8221;|||20px|false|false&#8221; custom_padding_phone=&#8221;|||20px|false|false&#8221; custom_padding_last_edited=&#8221;off|desktop&#8221; locked=&#8221;off&#8221; global_colors_info=&#8221;{}&#8221;]Jonas Berg, Ica-handlare p\u00e5 Ica Maxi Vasa.[\/et_pb_text][et_pb_text module_class=&#8221;tiempos-txt&#8221; _builder_version=&#8221;4.27.4&#8243; _module_preset=&#8221;default&#8221; text_text_color=&#8221;#191919&#8243; text_font_size=&#8221;18px&#8221; link_font=&#8221;||||||||&#8221; header_2_font_size=&#8221;24px&#8221; width_tablet=&#8221;100%&#8221; width_phone=&#8221;100%&#8221; width_last_edited=&#8221;off|desktop&#8221; custom_padding=&#8221;||||false|false&#8221; header_2_font_size_last_edited=&#8221;off|phone&#8221; custom_css_free_form=&#8221;h2{||  padding-bottom:0px;||  margin-bottom:8px;||}&#8221; global_colors_info=&#8221;{}&#8221;]<\/p>\n<h2>Hj\u00e4lper m\u00e4nniskor till arbete<\/h2>\n<p>Jonas Berg \u00e4r Ica-handlare p\u00e5 Ica Maxi Vasa. Han ber\u00e4ttar att man under 20 \u00e5rs tid har tagit emot upp\u00e5t 100 prao\/l\u00e4rlingar och praktikanter per \u00e5r.<\/p>\n<p>\u2013 F\u00f6r oss \u00e4r det ett s\u00e4tt att ge m\u00e4nniskor en chans och f\u00e5 sina f\u00f6rsta rader p\u00e5 sitt CV. Vi har anst\u00e4llt 60-70 medarbetare den v\u00e4gen och hela v\u00e5rt arbetslag \u00e4r stolta \u00f6ver att vi p\u00e5 s\u00e5 s\u00e4tt hj\u00e4lper till att f\u00e5 folk i arbete.<\/p>\n<p>Jonas Berg ber\u00e4ttar att arbetss\u00e4ttet nu har kopierats och f\u00e5tt namnet P\u00e5fart Ica och kommer att anv\u00e4ndas av m\u00e5nga av de 1300 Ica-butikerna ute i landet<\/p>\n<p>\u2013 Det \u00e4r vi ocks\u00e5 v\u00e4ldigt stolta \u00f6ver! Vi \u00e4r mer \u00e4n en butik &#8211; vi \u00e4r en del av S\u00f6dert\u00e4lje. Tillsammans skapar vi ett starkare och tryggare S\u00f6dert\u00e4lje.<\/p>\n<p><a href=\"https:\/\/www.ica.se\/butiker\/maxi\/sodertalje\/maxi-ica-stormarknad-vasa-handelsplats-1004109\/?gad_source=1&amp;gclid=CjwKCAiA5pq-BhBuEiwAvkzVZZsnGURB82HZrEgeCUk45Xsd-1XKU9fIrn5xqocwHOm8ht1YRzO98RoCKOkQAvD_BwE\" target=\"_blank\" rel=\"noopener\">EXTERN L\u00c4NK: Kolla in veckans erbjudanden fr\u00e5n Ica Maxi Vasa<\/a><\/p>\n<p>[\/et_pb_text][\/et_pb_column][\/et_pb_row][\/et_pb_section]<\/p>\n","protected":false},"excerpt":{"rendered":"<p>Kr\u00f6nikaFr\u00e5n Irak till S\u00f6dert\u00e4lje: Rafid Yousef fann sitt nya liv p\u00e5 Ica Maxi och fotbollsplanenJobbet p\u00e5 Ica Maxi Vasa och fotbollen i S\u00f6dert\u00e4lje Fotbollsklubb har &#8211; tillsammans med familjen &#8211; blivit Rafid Yousefs liv.\u2013 Jag gillar att hj\u00e4lpa m\u00e4nniskor och att tr\u00e4ffa folk. Jag trivs v\u00e4ldigt bra h\u00e4r i S\u00f6dert\u00e4lje, s\u00e4ger han.Inneh\u00e5ll fr\u00e5n Ica Maxi [&hellip;]<\/p>\n","protected":false},"author":1,"featured_media":573,"comment_status":"open","ping_status":"open","sticky":false,"template":"","format":"standard","meta":{"_et_pb_use_builder":"on","_et_pb_old_content":"","_et_gb_content_width":"","footnotes":""},"categories":[2],"tags":[],"class_list":["post-560","post","type-post","status-publish","format-standard","has-post-thumbnail","hentry","category-artiklar-2025"],"_links":{"self":[{"href":"https:\/\/kampanj.lt.se\/idrottsgalan\/wp-json\/wp\/v2\/posts\/560","targetHints":{"allow":["GET"]}}],"collection":[{"href":"https:\/\/kampanj.lt.se\/idrottsgalan\/wp-json\/wp\/v2\/posts"}],"about":[{"href":"https:\/\/kampanj.lt.se\/idrottsgalan\/wp-json\/wp\/v2\/types\/post"}],"author":[{"embeddable":true,"href":"https:\/\/kampanj.lt.se\/idrottsgalan\/wp-json\/wp\/v2\/users\/1"}],"replies":[{"embeddable":true,"href":"https:\/\/kampanj.lt.se\/idrottsgalan\/wp-json\/wp\/v2\/comments?post=560"}],"version-history":[{"count":18,"href":"https:\/\/kampanj.lt.se\/idrottsgalan\/wp-json\/wp\/v2\/posts\/560\/revisions"}],"predecessor-version":[{"id":1593,"href":"https:\/\/kampanj.lt.se\/idrottsgalan\/wp-json\/wp\/v2\/posts\/560\/revisions\/1593"}],"wp:featuredmedia":[{"embeddable":true,"href":"https:\/\/kampanj.lt.se\/idrottsgalan\/wp-json\/wp\/v2\/media\/573"}],"wp:attachment":[{"href":"https:\/\/kampanj.lt.se\/idrottsgalan\/wp-json\/wp\/v2\/media?parent=560"}],"wp:term":[{"taxonomy":"category","embeddable":true,"href":"https:\/\/kampanj.lt.se\/idrottsgalan\/wp-json\/wp\/v2\/categories?post=560"},{"taxonomy":"post_tag","embeddable":true,"href":"https:\/\/kampanj.lt.se\/idrottsgalan\/wp-json\/wp\/v2\/tags?post=560"}],"curies":[{"name":"wp","href":"https:\/\/api.w.org\/{rel}","templated":true}]}}