{"id":535,"date":"2025-02-26T09:07:33","date_gmt":"2025-02-26T08:07:33","guid":{"rendered":"https:\/\/kampanj.lt.se\/idrottsgalan\/?p=535"},"modified":"2026-01-22T11:12:39","modified_gmt":"2026-01-22T10:12:39","slug":"pa-barnens-arena-motesplats-sodertalje-nar-ut-och-gor-skillnad","status":"publish","type":"post","link":"https:\/\/kampanj.lt.se\/idrottsgalan\/pa-barnens-arena-motesplats-sodertalje-nar-ut-och-gor-skillnad\/","title":{"rendered":"P\u00e5 barnens arena &#8211; M\u00f6tesplats S\u00f6dert\u00e4lje n\u00e5r ut och g\u00f6r skillnad"},"content":{"rendered":"<p>[et_pb_section fb_built=&#8221;1&#8243; custom_padding_last_edited=&#8221;off|phone&#8221; module_class=&#8221;brodtext&#8221; _builder_version=&#8221;4.23.4&#8243; _module_preset=&#8221;default&#8221; background_color=&#8221;#f7f9fb&#8221; custom_padding=&#8221;30px||30px||false|false&#8221; custom_padding_tablet=&#8221;50px||50px||true|false&#8221; custom_padding_phone=&#8221;40px||40px||true|false&#8221; global_colors_info=&#8221;{}&#8221;][et_pb_row _builder_version=&#8221;4.23.1&#8243; _module_preset=&#8221;default&#8221; width_tablet=&#8221;80%&#8221; width_phone=&#8221;90%&#8221; width_last_edited=&#8221;on|phone&#8221; max_width=&#8221;640px&#8221; module_alignment=&#8221;center&#8221; custom_margin=&#8221;0px||0px||true|false&#8221; custom_padding=&#8221;0px||0px||true|false&#8221; global_colors_info=&#8221;{}&#8221;][et_pb_column type=&#8221;4_4&#8243; _builder_version=&#8221;4.20.0&#8243; _module_preset=&#8221;default&#8221; global_colors_info=&#8221;{}&#8221;][et_pb_text disabled_on=&#8221;on|on|on&#8221; _builder_version=&#8221;4.23.4&#8243; _module_preset=&#8221;default&#8221; text_font=&#8221;Inter||||||||&#8221; header_5_font=&#8221;Inter|||on|||||&#8221; header_5_text_color=&#8221;#141414&#8243; header_5_font_size=&#8221;14px&#8221; custom_margin=&#8221;||6px||false|false&#8221; disabled=&#8221;on&#8221; global_colors_info=&#8221;{}&#8221;]<\/p>\n<h5>Kr\u00f6nika<\/h5>\n<p>[\/et_pb_text][et_pb_text _builder_version=&#8221;4.27.4&#8243; _module_preset=&#8221;default&#8221; header_font=&#8221;|700|||||||&#8221; header_font_size=&#8221;40px&#8221; custom_margin=&#8221;||0px||false|false&#8221; custom_padding=&#8221;||0px||false|false&#8221; header_font_size_tablet=&#8221;36px&#8221; header_font_size_phone=&#8221;30px&#8221; header_font_size_last_edited=&#8221;on|phone&#8221; custom_css_free_form=&#8221;.citat-blue{||  color:#007CBF;||}||.reg-txt{||  font-weight:normal!important;||}&#8221; global_colors_info=&#8221;{}&#8221;]<\/p>\n<h1>P\u00e5 barnens arena &#8211; M\u00f6tesplats S\u00f6dert\u00e4lje n\u00e5r ut och g\u00f6r skillnad<\/h1>\n<p>[\/et_pb_text][et_pb_text _builder_version=&#8221;4.27.4&#8243; _dynamic_attributes=&#8221;content&#8221; _module_preset=&#8221;default&#8221; text_font=&#8221;Inter||||||||&#8221; text_text_color=&#8221;#505762&#8243; header_5_font=&#8221;Inter||||||||&#8221; header_5_text_color=&#8221;#505762&#8243; header_5_font_size=&#8221;14px&#8221; custom_margin=&#8221;||14px||false|false&#8221; global_colors_info=&#8221;{}&#8221;]@ET-DC@eyJkeW5hbWljIjp0cnVlLCJjb250ZW50IjoicG9zdF9kYXRlIiwic2V0dGluZ3MiOnsiYmVmb3JlIjoiIiwiYWZ0ZXIiOiIiLCJkYXRlX2Zvcm1hdCI6ImRlZmF1bHQiLCJjdXN0b21fZGF0ZV9mb3JtYXQiOiIifX0=@[\/et_pb_text][et_pb_text _builder_version=&#8221;4.27.4&#8243; _module_preset=&#8221;default&#8221; text_font=&#8221;|700|||||||&#8221; text_text_color=&#8221;#191919&#8243; text_font_size=&#8221;20px&#8221; header_4_font=&#8221;Inter|700|||||||&#8221; header_4_text_color=&#8221;#191919&#8243; header_4_font_size=&#8221;20px&#8221; header_4_line_height=&#8221;1.3em&#8221; custom_margin=&#8221;||0px||false|false&#8221; custom_padding=&#8221;||0px||false|false&#8221; global_colors_info=&#8221;{}&#8221;]<\/p>\n<h4>M\u00f6tesplats S\u00f6dert\u00e4lje tilldelades AstraZenecas hemliga pris under Idrottsgalan.<br \/>\u2013 Att hj\u00e4lpa barnen att hitta till idrotten och se deras gl\u00e4dje. Det \u00e4r det st\u00f6rsta f\u00f6r mig, s\u00e4ger Susan Kiryo, futsalstj\u00e4rna och en av grundarna till M\u00f6tesplats S\u00f6dert\u00e4lje.<\/h4>\n<p>[\/et_pb_text][et_pb_text _builder_version=&#8221;4.27.4&#8243; _module_preset=&#8221;default&#8221; text_font=&#8221;Inter||||||||&#8221; text_text_color=&#8221;#141414&#8243; text_font_size=&#8221;16px&#8221; header_6_font_size=&#8221;16px&#8221; header_6_line_height=&#8221;1.3em&#8221; background_color=&#8221;#eff0f2&#8243; custom_margin=&#8221;20px||0px||false|false&#8221; custom_padding=&#8221;14px|20px|14px|20px|true|true&#8221; header_6_line_height_phone=&#8221;1.3em&#8221; header_6_line_height_last_edited=&#8221;off|desktop&#8221; global_colors_info=&#8221;{}&#8221;]<\/p>\n<h6 style=\"padding-bottom: 0px;\"><strong>Inneh\u00e5ll fr\u00e5n AstraZeneca<\/strong> &#8211; stolt partner till S\u00f6dert\u00e4lje idrottsgala 2025.<\/h6>\n<p>[\/et_pb_text][\/et_pb_column][\/et_pb_row][et_pb_row _builder_version=&#8221;4.23.1&#8243; _module_preset=&#8221;default&#8221; width_tablet=&#8221;100%&#8221; width_phone=&#8221;100%&#8221; width_last_edited=&#8221;on|phone&#8221; max_width=&#8221;950px&#8221; module_alignment=&#8221;center&#8221; custom_padding=&#8221;30px||30px||true|false&#8221; global_colors_info=&#8221;{}&#8221;][et_pb_column type=&#8221;4_4&#8243; _builder_version=&#8221;4.23.1&#8243; _module_preset=&#8221;default&#8221; global_colors_info=&#8221;{}&#8221;][et_pb_image src=&#8221;https:\/\/kampanj.lt.se\/idrottsgalan\/wp-content\/uploads\/2025\/02\/lt-az-Fotokredd-LT.jpg&#8221; title_text=&#8221;lt-az-Fotokredd-LT&#8221; _builder_version=&#8221;4.27.4&#8243; _module_preset=&#8221;default&#8221; custom_margin=&#8221;0px||0px||true|false&#8221; custom_padding=&#8221;0px||0px||false|false&#8221; global_colors_info=&#8221;{}&#8221;][\/et_pb_image][et_pb_text _builder_version=&#8221;4.27.4&#8243; _module_preset=&#8221;default&#8221; text_text_color=&#8221;#505762&#8243; text_line_height=&#8221;1.3em&#8221; header_5_font=&#8221;Inter||||||||&#8221; header_5_text_color=&#8221;#505762&#8243; width_tablet=&#8221;80%&#8221; width_phone=&#8221;90%&#8221; width_last_edited=&#8221;on|phone&#8221; module_alignment=&#8221;center&#8221; custom_margin=&#8221;10px||0px||false|false&#8221; custom_padding=&#8221;0px||0px||false|false&#8221; custom_padding_tablet=&#8221;|||20px|false|false&#8221; custom_padding_phone=&#8221;|||20px|false|false&#8221; custom_padding_last_edited=&#8221;off|desktop&#8221; locked=&#8221;off&#8221; global_colors_info=&#8221;{}&#8221;]<\/p>\n<p>\u201cSt\u00f6det fr\u00e5n v\u00e5ra sponsorer betyder j\u00e4ttemycket. Det \u00e4r v\u00e4ldigt roligt att AstraZeneca valt att st\u00f6tta oss, och tilldelat oss det h\u00e4r priset\u201d, s\u00e4ger Susan Kyrio som tog emot priset p\u00e5 Idrottsgalan tillsammans med bland andra Alexander Wikner och Diala Elia.<br \/>Foto: LT<\/p>\n<p>[\/et_pb_text][et_pb_text disabled_on=&#8221;on|on|on&#8221; _builder_version=&#8221;4.24.2&#8243; _module_preset=&#8221;default&#8221; text_text_color=&#8221;#505762&#8243; text_line_height=&#8221;1.3em&#8221; header_5_font=&#8221;Inter||||||||&#8221; header_5_text_color=&#8221;#505762&#8243; width=&#8221;100%&#8221; width_tablet=&#8221;80%&#8221; width_phone=&#8221;90%&#8221; width_last_edited=&#8221;on|desktop&#8221; module_alignment=&#8221;center&#8221; custom_margin=&#8221;10px||0px||false|false&#8221; custom_padding=&#8221;||||false|false&#8221; custom_padding_tablet=&#8221;|||20px|false|false&#8221; custom_padding_phone=&#8221;|||20px|false|false&#8221; custom_padding_last_edited=&#8221;off|phone&#8221; disabled=&#8221;on&#8221; global_colors_info=&#8221;{}&#8221;]<\/p>\n<p>Bildtext.<\/p>\n<p>[\/et_pb_text][\/et_pb_column][\/et_pb_row][et_pb_row _builder_version=&#8221;4.23.1&#8243; _module_preset=&#8221;default&#8221; width_tablet=&#8221;80%&#8221; width_phone=&#8221;90%&#8221; width_last_edited=&#8221;on|phone&#8221; max_width=&#8221;640px&#8221; module_alignment=&#8221;center&#8221; custom_margin=&#8221;0px||0px||true|false&#8221; custom_padding=&#8221;0px||0px||false|false&#8221; global_colors_info=&#8221;{}&#8221;][et_pb_column type=&#8221;4_4&#8243; _builder_version=&#8221;4.20.0&#8243; _module_preset=&#8221;default&#8221; global_colors_info=&#8221;{}&#8221;][et_pb_text module_class=&#8221;tiempos-txt&#8221; _builder_version=&#8221;4.27.4&#8243; _module_preset=&#8221;default&#8221; text_text_color=&#8221;#191919&#8243; text_font_size=&#8221;18px&#8221; link_font=&#8221;||||||||&#8221; header_2_font_size=&#8221;24px&#8221; width_tablet=&#8221;100%&#8221; width_phone=&#8221;100%&#8221; width_last_edited=&#8221;off|desktop&#8221; custom_padding=&#8221;||||false|false&#8221; header_2_font_size_last_edited=&#8221;off|phone&#8221; custom_css_free_form=&#8221;h2{||  padding-bottom:0px;||  margin-bottom:8px;||}&#8221; global_colors_info=&#8221;{}&#8221;]<\/p>\n<p><a href=\"https:\/\/www.astrazeneca.se\/\" target=\"_blank\" rel=\"noopener\">EXTERN L\u00c4NK: L\u00e4s mer om AstraZeneca h\u00e4r<\/a><\/p>\n<p>Trygga, meningsfulla och kostnadsfria lovaktiviteter f\u00f6r barn och ungdomar, och mer spontanidrott och r\u00f6relsegl\u00e4dje i vardagen.<\/p>\n<p>Det \u00e4r syftet med M\u00f6tesplats S\u00f6dert\u00e4lje, ett projekt som startades 2021 av futsalspelaren Susan Kiryo och basketspelaren Alexander Wikner.<\/p>\n<p>\u2013 Vi \u00e4r sj\u00e4lva uppv\u00e4xta h\u00e4r i S\u00f6dert\u00e4lje och under hela v\u00e5r barndom tillbringade vi all ledig tid ute p\u00e5 g\u00e5rden och spelade fotboll. Men vi m\u00e4rkte att den spontana idrotten hade f\u00f6rsvunnit fr\u00e5n bostadsomr\u00e5dena. D\u00e4rf\u00f6r ville vi skapa aktiva m\u00f6tesplatser f\u00f6r barn p\u00e5 platser d\u00e4r de redan befinner sig, s\u00e4ger Susan Kiryo.<\/p>\n<p>F\u00f6rsta \u00e5ret var det hon och Alexander Wikner som gjorde det mesta sj\u00e4lva.<\/p>\n<p>\u2013 Vi \u00e5kte runt i min lilla bil f\u00f6r att tr\u00e4ffa barn och ungdomar. I b\u00f6rjan handlade det mest om v\u00e5ra egna sporter, futsal och basket, men det har v\u00e4xt mycket sen dess tack vare sponsorer och samarbetspartners. Nu samarbetar vi med ett tjugotal f\u00f6reningar och har med tennis, ridning, innebandy, volleyboll och mycket mer, s\u00e4ger Susan.<\/p>\n<h2>P\u00e5 barnens arena<\/h2>\n<p>Alexander Wikner ber\u00e4ttar att de \u00e4r mycket ute i idrottssvaga omr\u00e5den d\u00e4r f\u00e5 \u00e4r aktiva i f\u00f6reningslivet.<\/p>\n<p>\u2013 Genom att befinna oss p\u00e5 barnens arena s\u00e4nker vi tr\u00f6sklarna f\u00f6r att testa p\u00e5 och hitta till v\u00e5ra lokala idrottsf\u00f6reningar. Vi startade med en stadsdel per dag 2021. Sen har vi utvecklat verksamheten f\u00f6r varje \u00e5r. 2025 kommer vi att befinna oss i fyra stadsdelar varje vardag. Det k\u00e4nns roligt och meningsfullt att vi n\u00e5r s\u00e5 m\u00e5nga barn och ungdomar \u00f6ver hela S\u00f6dert\u00e4lje.<\/p>\n<p>Under sommarlovet 2024 anordnades aktiviteter som samlade 8000 barn i S\u00f6dert\u00e4lje, d\u00e4r M\u00f6tesplats stod f\u00f6r 3500 barn. M\u00e5let f\u00f6r 2025 \u00e4r att komma upp i 4500 barn.<\/p>\n<p>M\u00f6tesplats S\u00f6dert\u00e4lje anordnar ocks\u00e5 festivaler p\u00e5 torget f\u00f6r att samla S\u00f6dert\u00e4ljeborna, d\u00e4r folk fr\u00e5n alla stadsdelar kommer och spelar matcher mot varandra. I sommar blir det bland annat Street Basket 14 juni och Street Futsal 5 juli.<\/p>\n<p>\u2013 Det brukar vara j\u00e4ttekul och uppskattat, s\u00e4ger Alexander Wikner.<\/p>\n<h2>En viktig skillnad<\/h2>\n<p>Diala Elia \u00e4r futsalspelare med landslagsspel och SM-guld p\u00e5 meritlistan. Hon \u00e4r aktiv i S\u00f6dert\u00e4lje Futsal Club, bland annat som spelar- och tr\u00e4narutvecklare, och handledare i M\u00f6tesplats S\u00f6dert\u00e4lje.<\/p>\n<p>\u2013 M\u00e5nga med invandrarbakgrund kommer fr\u00e5n kulturer d\u00e4r f\u00f6reningslivet inte finns, och d\u00e4r framf\u00f6r allt tjejer inte idrottar. D\u00e4r kan vi g\u00f6ra en viktig skillnad genom att hj\u00e4lpa dem att hitta till f\u00f6reningslivet, s\u00e4ger Diala Elia.<\/p>\n<p>\u2013 Vi h\u00f6r ocks\u00e5 ibland att barn inte idrottar f\u00f6r att f\u00f6r\u00e4ldrarna inte har r\u00e5d. Men v\u00e5ra aktiviteter inom M\u00f6tesplats \u00e4r gratis.<\/p>\n<p>I sommar kommer hon bland annat att finnas till hands n\u00e4r ungdomar i S\u00f6dert\u00e4lje erbjuds feriepraktik hos M\u00f6tesplats &#8211; ett s\u00e4tt att st\u00f6tta och utveckla nya ledare.<\/p>\n<h2>Stolt och glad<\/h2>\n<p>Susan Kiryo konstaterar att det ger mycket tillbaka, b\u00e5de engagemanget inom M\u00f6tesplats och i S\u00f6dert\u00e4lje Futsal Club, som sedan starten 2019 har v\u00e4xt enormt mycket och idag har \u00f6ver 150 tjejer aktiva i lag p\u00e5 olika niv\u00e5er.<\/p>\n<p>\u2013 En del fr\u00e5gar \u201chur orkar du?!\u201d Men jag g\u00f6r ju det f\u00f6r att det \u00e4r kul! Det handlar inte om att jag k\u00e4nner att jag m\u00e5ste. Jag tycker det \u00e4r roligt och jag \u00e4r stolt och glad \u00f6ver vad vi har byggt upp tillsammans!<\/p>\n<p><a href=\"https:\/\/www.astrazeneca.se\/\" target=\"_blank\" rel=\"noopener\">EXTERN L\u00c4NK: L\u00e4s mer om AstraZeneca h\u00e4r<\/a><\/p>\n<p>[\/et_pb_text][et_pb_text disabled_on=&#8221;on|on|on&#8221; _builder_version=&#8221;4.24.2&#8243; _module_preset=&#8221;default&#8221; text_text_color=&#8221;#505762&#8243; text_line_height=&#8221;1.3em&#8221; header_5_font=&#8221;Inter||||||||&#8221; header_5_text_color=&#8221;#505762&#8243; width_tablet=&#8221;100%&#8221; width_phone=&#8221;100%&#8221; width_last_edited=&#8221;off|desktop&#8221; custom_margin=&#8221;0px||25px||false|false&#8221; custom_padding=&#8221;0px||0px||false|false&#8221; custom_padding_tablet=&#8221;|||20px|false|false&#8221; custom_padding_phone=&#8221;|||20px|false|false&#8221; custom_padding_last_edited=&#8221;off|desktop&#8221; disabled=&#8221;on&#8221; locked=&#8221;off&#8221; global_colors_info=&#8221;{}&#8221;]<\/p>\n<p>Bildtext.<\/p>\n<p>[\/et_pb_text][\/et_pb_column][\/et_pb_row][\/et_pb_section]<\/p>\n","protected":false},"excerpt":{"rendered":"<p>Kr\u00f6nikaP\u00e5 barnens arena &#8211; M\u00f6tesplats S\u00f6dert\u00e4lje n\u00e5r ut och g\u00f6r skillnadM\u00f6tesplats S\u00f6dert\u00e4lje tilldelades AstraZenecas hemliga pris under Idrottsgalan.\u2013 Att hj\u00e4lpa barnen att hitta till idrotten och se deras gl\u00e4dje. Det \u00e4r det st\u00f6rsta f\u00f6r mig, s\u00e4ger Susan Kiryo, futsalstj\u00e4rna och en av grundarna till M\u00f6tesplats S\u00f6dert\u00e4lje.Inneh\u00e5ll fr\u00e5n AstraZeneca &#8211; stolt partner till S\u00f6dert\u00e4lje idrottsgala 2025.\u201cSt\u00f6det [&hellip;]<\/p>\n","protected":false},"author":1,"featured_media":544,"comment_status":"open","ping_status":"open","sticky":false,"template":"","format":"standard","meta":{"_et_pb_use_builder":"on","_et_pb_old_content":"","_et_gb_content_width":"","footnotes":""},"categories":[2],"tags":[],"class_list":["post-535","post","type-post","status-publish","format-standard","has-post-thumbnail","hentry","category-artiklar-2025"],"_links":{"self":[{"href":"https:\/\/kampanj.lt.se\/idrottsgalan\/wp-json\/wp\/v2\/posts\/535","targetHints":{"allow":["GET"]}}],"collection":[{"href":"https:\/\/kampanj.lt.se\/idrottsgalan\/wp-json\/wp\/v2\/posts"}],"about":[{"href":"https:\/\/kampanj.lt.se\/idrottsgalan\/wp-json\/wp\/v2\/types\/post"}],"author":[{"embeddable":true,"href":"https:\/\/kampanj.lt.se\/idrottsgalan\/wp-json\/wp\/v2\/users\/1"}],"replies":[{"embeddable":true,"href":"https:\/\/kampanj.lt.se\/idrottsgalan\/wp-json\/wp\/v2\/comments?post=535"}],"version-history":[{"count":11,"href":"https:\/\/kampanj.lt.se\/idrottsgalan\/wp-json\/wp\/v2\/posts\/535\/revisions"}],"predecessor-version":[{"id":1595,"href":"https:\/\/kampanj.lt.se\/idrottsgalan\/wp-json\/wp\/v2\/posts\/535\/revisions\/1595"}],"wp:featuredmedia":[{"embeddable":true,"href":"https:\/\/kampanj.lt.se\/idrottsgalan\/wp-json\/wp\/v2\/media\/544"}],"wp:attachment":[{"href":"https:\/\/kampanj.lt.se\/idrottsgalan\/wp-json\/wp\/v2\/media?parent=535"}],"wp:term":[{"taxonomy":"category","embeddable":true,"href":"https:\/\/kampanj.lt.se\/idrottsgalan\/wp-json\/wp\/v2\/categories?post=535"},{"taxonomy":"post_tag","embeddable":true,"href":"https:\/\/kampanj.lt.se\/idrottsgalan\/wp-json\/wp\/v2\/tags?post=535"}],"curies":[{"name":"wp","href":"https:\/\/api.w.org\/{rel}","templated":true}]}}