{"id":511,"date":"2025-02-20T15:32:44","date_gmt":"2025-02-20T14:32:44","guid":{"rendered":"https:\/\/kampanj.lt.se\/idrottsgalan\/?p=511"},"modified":"2026-01-22T11:13:01","modified_gmt":"2026-01-22T10:13:01","slug":"med-hjartat-for-sodertalje-alexander-fick-priset-arets-telgehjarta","status":"publish","type":"post","link":"https:\/\/kampanj.lt.se\/idrottsgalan\/med-hjartat-for-sodertalje-alexander-fick-priset-arets-telgehjarta\/","title":{"rendered":"Med hj\u00e4rtat f\u00f6r S\u00f6dert\u00e4lje &#8211; Alexander fick priset \u201c\u00c5rets Telgehj\u00e4rta\u201d"},"content":{"rendered":"<p>[et_pb_section fb_built=&#8221;1&#8243; custom_padding_last_edited=&#8221;off|phone&#8221; module_class=&#8221;brodtext&#8221; _builder_version=&#8221;4.23.4&#8243; _module_preset=&#8221;default&#8221; background_color=&#8221;#f7f9fb&#8221; custom_padding=&#8221;30px||30px||false|false&#8221; custom_padding_tablet=&#8221;50px||50px||true|false&#8221; custom_padding_phone=&#8221;40px||40px||true|false&#8221; global_colors_info=&#8221;{}&#8221;][et_pb_row _builder_version=&#8221;4.23.1&#8243; _module_preset=&#8221;default&#8221; width_tablet=&#8221;80%&#8221; width_phone=&#8221;90%&#8221; width_last_edited=&#8221;on|phone&#8221; max_width=&#8221;640px&#8221; module_alignment=&#8221;center&#8221; custom_margin=&#8221;0px||0px||true|false&#8221; custom_padding=&#8221;0px||0px||true|false&#8221; global_colors_info=&#8221;{}&#8221;][et_pb_column type=&#8221;4_4&#8243; _builder_version=&#8221;4.20.0&#8243; _module_preset=&#8221;default&#8221; global_colors_info=&#8221;{}&#8221;][et_pb_text disabled_on=&#8221;on|on|on&#8221; _builder_version=&#8221;4.23.4&#8243; _module_preset=&#8221;default&#8221; text_font=&#8221;Inter||||||||&#8221; header_5_font=&#8221;Inter|||on|||||&#8221; header_5_text_color=&#8221;#141414&#8243; header_5_font_size=&#8221;14px&#8221; custom_margin=&#8221;||6px||false|false&#8221; disabled=&#8221;on&#8221; global_colors_info=&#8221;{}&#8221;]<\/p>\n<h5>Kr\u00f6nika<\/h5>\n<p>[\/et_pb_text][et_pb_text _builder_version=&#8221;4.27.4&#8243; _module_preset=&#8221;default&#8221; header_font=&#8221;|700|||||||&#8221; header_font_size=&#8221;44px&#8221; custom_margin=&#8221;||0px||false|false&#8221; custom_padding=&#8221;||0px||false|false&#8221; header_font_size_tablet=&#8221;32px&#8221; header_font_size_phone=&#8221;30px&#8221; header_font_size_last_edited=&#8221;on|phone&#8221; custom_css_free_form=&#8221;.citat-blue{||  color:#007CBF;||}||.reg-txt{||  font-weight:normal!important;||}&#8221; global_colors_info=&#8221;{}&#8221;]<\/p>\n<h1>Med hj\u00e4rtat f\u00f6r S\u00f6dert\u00e4lje &#8211; Alexander fick priset \u201c\u00c5rets&nbsp;Telgehj\u00e4rta\u201d<\/h1>\n<p>[\/et_pb_text][et_pb_text _builder_version=&#8221;4.27.4&#8243; _dynamic_attributes=&#8221;content&#8221; _module_preset=&#8221;default&#8221; text_font=&#8221;Inter||||||||&#8221; text_text_color=&#8221;#505762&#8243; header_5_font=&#8221;Inter||||||||&#8221; header_5_text_color=&#8221;#505762&#8243; header_5_font_size=&#8221;14px&#8221; custom_margin=&#8221;||14px||false|false&#8221; global_colors_info=&#8221;{}&#8221;]@ET-DC@eyJkeW5hbWljIjp0cnVlLCJjb250ZW50IjoicG9zdF9kYXRlIiwic2V0dGluZ3MiOnsiYmVmb3JlIjoiIiwiYWZ0ZXIiOiIiLCJkYXRlX2Zvcm1hdCI6ImRlZmF1bHQiLCJjdXN0b21fZGF0ZV9mb3JtYXQiOiIifX0=@[\/et_pb_text][et_pb_text _builder_version=&#8221;4.27.4&#8243; _module_preset=&#8221;default&#8221; text_font=&#8221;|700|||||||&#8221; text_text_color=&#8221;#191919&#8243; text_font_size=&#8221;20px&#8221; header_4_font=&#8221;Inter|700|||||||&#8221; header_4_text_color=&#8221;#191919&#8243; header_4_font_size=&#8221;20px&#8221; header_4_line_height=&#8221;1.3em&#8221; custom_margin=&#8221;||0px||false|false&#8221; custom_padding=&#8221;||0px||false|false&#8221; global_colors_info=&#8221;{}&#8221;]<\/p>\n<h4>En sann f\u00f6rebild och en ov\u00e4rderlig tillg\u00e5ng f\u00f6r S\u00f6dert\u00e4lje.<br \/>Alexander Wikner fick ta emot priset \u201c\u00c5rets Telgehj\u00e4rta\u201d p\u00e5 Idrottsgalan i S\u00f6dert\u00e4lje.<br \/>\u2013 Det betyder j\u00e4ttemycket, s\u00e4ger han.<\/h4>\n<p>[\/et_pb_text][et_pb_text _builder_version=&#8221;4.27.4&#8243; _module_preset=&#8221;default&#8221; text_font=&#8221;Inter||||||||&#8221; text_text_color=&#8221;#141414&#8243; text_font_size=&#8221;16px&#8221; header_6_font_size=&#8221;16px&#8221; header_6_line_height=&#8221;1.3em&#8221; background_color=&#8221;#eff0f2&#8243; custom_margin=&#8221;20px||0px||false|false&#8221; custom_padding=&#8221;14px|20px|14px|20px|true|true&#8221; header_6_line_height_phone=&#8221;1.3em&#8221; header_6_line_height_last_edited=&#8221;off|desktop&#8221; global_colors_info=&#8221;{}&#8221;]<\/p>\n<h6 style=\"padding-bottom: 0px;\"><strong>Inneh\u00e5ll fr\u00e5n Telge<\/strong> &#8211; stolt huvudpartner till S\u00f6dert\u00e4lje idrottsgala 2025.<\/h6>\n<p>[\/et_pb_text][\/et_pb_column][\/et_pb_row][et_pb_row _builder_version=&#8221;4.23.1&#8243; _module_preset=&#8221;default&#8221; width_tablet=&#8221;100%&#8221; width_phone=&#8221;100%&#8221; width_last_edited=&#8221;on|phone&#8221; max_width=&#8221;950px&#8221; module_alignment=&#8221;center&#8221; custom_padding=&#8221;30px||30px||true|false&#8221; global_colors_info=&#8221;{}&#8221;][et_pb_column type=&#8221;4_4&#8243; _builder_version=&#8221;4.23.1&#8243; _module_preset=&#8221;default&#8221; global_colors_info=&#8221;{}&#8221;][et_pb_image src=&#8221;https:\/\/kampanj.lt.se\/idrottsgalan\/wp-content\/uploads\/2025\/02\/lt-telge-3-3.jpg&#8221; title_text=&#8221;lt-telge-3-3&#8243; _builder_version=&#8221;4.27.4&#8243; _module_preset=&#8221;default&#8221; custom_margin=&#8221;0px||0px||true|false&#8221; custom_padding=&#8221;0px||0px||false|false&#8221; global_colors_info=&#8221;{}&#8221;][\/et_pb_image][et_pb_text _builder_version=&#8221;4.27.4&#8243; _module_preset=&#8221;default&#8221; text_text_color=&#8221;#505762&#8243; text_line_height=&#8221;1.3em&#8221; header_5_font=&#8221;Inter||||||||&#8221; header_5_text_color=&#8221;#505762&#8243; width_tablet=&#8221;80%&#8221; width_phone=&#8221;90%&#8221; width_last_edited=&#8221;on|phone&#8221; module_alignment=&#8221;center&#8221; custom_margin=&#8221;10px||0px||false|false&#8221; custom_padding=&#8221;0px||0px||false|false&#8221; custom_padding_tablet=&#8221;|||20px|false|false&#8221; custom_padding_phone=&#8221;|||20px|false|false&#8221; custom_padding_last_edited=&#8221;off|desktop&#8221; locked=&#8221;off&#8221; global_colors_info=&#8221;{}&#8221;]<\/p>\n<p>Bild: LT<\/p>\n<p>[\/et_pb_text][et_pb_text disabled_on=&#8221;on|on|on&#8221; _builder_version=&#8221;4.24.2&#8243; _module_preset=&#8221;default&#8221; text_text_color=&#8221;#505762&#8243; text_line_height=&#8221;1.3em&#8221; header_5_font=&#8221;Inter||||||||&#8221; header_5_text_color=&#8221;#505762&#8243; width=&#8221;100%&#8221; width_tablet=&#8221;80%&#8221; width_phone=&#8221;90%&#8221; width_last_edited=&#8221;on|desktop&#8221; module_alignment=&#8221;center&#8221; custom_margin=&#8221;10px||0px||false|false&#8221; custom_padding=&#8221;||||false|false&#8221; custom_padding_tablet=&#8221;|||20px|false|false&#8221; custom_padding_phone=&#8221;|||20px|false|false&#8221; custom_padding_last_edited=&#8221;off|phone&#8221; disabled=&#8221;on&#8221; global_colors_info=&#8221;{}&#8221;]<\/p>\n<p>Bildtext.<\/p>\n<p>[\/et_pb_text][\/et_pb_column][\/et_pb_row][et_pb_row _builder_version=&#8221;4.23.1&#8243; _module_preset=&#8221;default&#8221; width_tablet=&#8221;80%&#8221; width_phone=&#8221;90%&#8221; width_last_edited=&#8221;on|phone&#8221; max_width=&#8221;640px&#8221; module_alignment=&#8221;center&#8221; custom_margin=&#8221;0px||0px||true|false&#8221; custom_padding=&#8221;0px||0px||false|false&#8221; global_colors_info=&#8221;{}&#8221;][et_pb_column type=&#8221;4_4&#8243; _builder_version=&#8221;4.20.0&#8243; _module_preset=&#8221;default&#8221; global_colors_info=&#8221;{}&#8221;][et_pb_text module_class=&#8221;tiempos-txt&#8221; _builder_version=&#8221;4.27.4&#8243; _module_preset=&#8221;default&#8221; text_text_color=&#8221;#191919&#8243; text_font_size=&#8221;18px&#8221; link_font=&#8221;||||||||&#8221; header_2_font_size=&#8221;24px&#8221; width_tablet=&#8221;100%&#8221; width_phone=&#8221;100%&#8221; width_last_edited=&#8221;off|desktop&#8221; custom_padding=&#8221;||||false|false&#8221; header_2_font_size_last_edited=&#8221;off|phone&#8221; custom_css_free_form=&#8221;h2{||  padding-bottom:0px;||  margin-bottom:8px;||}&#8221; global_colors_info=&#8221;{}&#8221;]<\/p>\n<p><a href=\"https:\/\/www.telge.se\/om-telge\/sponsring\/\" target=\"_blank\" rel=\"noopener\">EXTERN L\u00c4NK: L\u00e4s mer om Telges engagemang h\u00e4r<\/a><\/p>\n<p>Alexander Wikner har en omfattande erfarenhet inom f\u00f6reningslivet, b\u00e5de som basketspelare och nu som sportchef f\u00f6r barn och ungdom i SBBK. Han \u00e4r \u00e4ven samordnare av \u201dTelge hj\u00e4rta Efter skolan\u201d och en viktig del av Telge hj\u00e4rta. Tillsammans med Susan Kiryo har Alexander ocks\u00e5 grundat M\u00f6tesplats S\u00f6dert\u00e4lje.<\/p>\n<p>Vid Idrottsgalan i S\u00f6dert\u00e4lje prisades han av Telge f\u00f6r sitt brinnande engagemang.<\/p>\n<p>\u2013 Idrotten har varit viktig f\u00f6r mig fr\u00e5n tidig \u00e5lder. Jag f\u00f6rlorade en f\u00f6r\u00e4lder n\u00e4r jag var v\u00e4ldigt ung, och b\u00f6rjade sen att spela basket. Basketen blev j\u00e4tteviktigt f\u00f6r mig. Jag fick ett intresse, rutiner och n\u00e5got att g\u00f6ra, och jag hade bra, vuxna f\u00f6rebilder omkring mig. Idrotten kan g\u00f6ra s\u00e5 mycket.<\/p>\n<p>\u2013 Jag m\u00e5r v\u00e4ldigt bra i den v\u00e4rlden, och det k\u00e4nns meningsfullt att bidra till att fler barn och unga hittar till idrotten. Den har en st\u00f6rre mening \u00e4n att bara tr\u00e4na och spela match, s\u00e4ger Alexander Wikner.<a href=\"https:\/\/www.telge.se\/om-telge\/sponsring\/\" target=\"_blank\" rel=\"noopener\"><\/a><\/p>\n<p>[\/et_pb_text][et_pb_image src=&#8221;https:\/\/kampanj.lt.se\/idrottsgalan\/wp-content\/uploads\/2025\/02\/lt-telge-3-1.jpg&#8221; title_text=&#8221;lt-telge-3-1&#8243; _builder_version=&#8221;4.27.4&#8243; _module_preset=&#8221;default&#8221; custom_margin=&#8221;25px||25px||true|false&#8221; custom_padding=&#8221;0px||0px||true|false&#8221; global_colors_info=&#8221;{}&#8221;][\/et_pb_image][et_pb_text disabled_on=&#8221;on|on|on&#8221; _builder_version=&#8221;4.24.2&#8243; _module_preset=&#8221;default&#8221; text_text_color=&#8221;#505762&#8243; text_line_height=&#8221;1.3em&#8221; header_5_font=&#8221;Inter||||||||&#8221; header_5_text_color=&#8221;#505762&#8243; width_tablet=&#8221;100%&#8221; width_phone=&#8221;100%&#8221; width_last_edited=&#8221;off|desktop&#8221; custom_margin=&#8221;0px||25px||false|false&#8221; custom_padding=&#8221;0px||0px||false|false&#8221; custom_padding_tablet=&#8221;|||20px|false|false&#8221; custom_padding_phone=&#8221;|||20px|false|false&#8221; custom_padding_last_edited=&#8221;off|desktop&#8221; disabled=&#8221;on&#8221; locked=&#8221;off&#8221; global_colors_info=&#8221;{}&#8221;]<\/p>\n<p>Bildtext.<\/p>\n<p>[\/et_pb_text][et_pb_text module_class=&#8221;tiempos-txt&#8221; _builder_version=&#8221;4.27.4&#8243; _module_preset=&#8221;default&#8221; text_text_color=&#8221;#191919&#8243; text_font_size=&#8221;18px&#8221; link_font=&#8221;||||||||&#8221; header_2_font_size=&#8221;24px&#8221; custom_padding=&#8221;||||false|false&#8221; custom_css_free_form=&#8221;h2{||  padding-bottom:0px;||  margin-bottom:8px;||}&#8221; global_colors_info=&#8221;{}&#8221;]<\/p>\n<h2>Aktiviteter n\u00e4ra barnen<\/h2>\n<p>Telge hj\u00e4rta Efter skolan riktar sig till elever i \u00e5rskurs 3-6 som f\u00e5r prova p\u00e5 olika idrotter i sina egna bostadsomr\u00e5den. Allt \u00e4r gratis och det finns inget krav p\u00e5 egen utrustning.<\/p>\n<p>\u2013 Barnen k\u00e4nner sig hemma i sitt omr\u00e5de och vi s\u00e4nker tr\u00f6sklar f\u00f6r att hitta till idrotten. Det blir en trygghet och ett s\u00e4tt att uppt\u00e4cka olika idrotter och f\u00e5 f\u00f6rebilder som f\u00f6rmedlar positiva och sunda v\u00e4rderingar.<\/p>\n<p>M\u00f6tesplats S\u00f6dert\u00e4lje startades 2021 med syftet att skapa trygga och aktiva m\u00f6tesplatser f\u00f6r barn och ungdomar.<\/p>\n<p>\u2013 Vi \u00e4r mycket ute i idrottssvaga omr\u00e5den d\u00e4r f\u00e5 \u00e4r aktiva i f\u00f6reningslivet.<\/p>\n<p>Redan fr\u00e5n b\u00f6rjan valde Telge och S\u00f6dert\u00e4lje kommun att g\u00e5 in och st\u00f6tta projektet. Idag \u00e4r en rad olika ytterligare akt\u00f6rer med.<\/p>\n<p>\u2013 Det har betytt v\u00e4ldigt mycket. S\u00e5dana h\u00e4r satsningar \u00e4r om\u00f6jliga utan st\u00f6ttning och samverkan, s\u00e4ger Alexander Wikner.<\/p>\n<p>M\u00f6tesplats S\u00f6dert\u00e4lje anordnar ocks\u00e5 festivaler p\u00e5 torget.<\/p>\n<p>\u2013 D\u00e5 kommer folk fr\u00e5n alla stadsdelar och spelar matcher mot varandra. Vi f\u00f6rs\u00f6ker samla S\u00f6dert\u00e4ljeborna p\u00e5 det s\u00e4ttet. Det brukar vara v\u00e4ldigt roligt och uppskattat.<\/p>\n<h2><\/h2>\n<h2><\/h2>\n<p>[\/et_pb_text][et_pb_image src=&#8221;https:\/\/kampanj.lt.se\/idrottsgalan\/wp-content\/uploads\/2025\/02\/lt-telge-3-2.jpg&#8221; title_text=&#8221;lt-telge-3-2&#8243; _builder_version=&#8221;4.27.4&#8243; _module_preset=&#8221;default&#8221; custom_margin=&#8221;25px||10px||false|false&#8221; custom_padding=&#8221;0px||0px||true|false&#8221; global_colors_info=&#8221;{}&#8221;][\/et_pb_image][et_pb_text _builder_version=&#8221;4.27.4&#8243; _module_preset=&#8221;default&#8221; text_text_color=&#8221;#505762&#8243; text_line_height=&#8221;1.3em&#8221; header_5_font=&#8221;Inter||||||||&#8221; header_5_text_color=&#8221;#505762&#8243; width_tablet=&#8221;80%&#8221; width_phone=&#8221;90%&#8221; width_last_edited=&#8221;off|desktop&#8221; module_alignment=&#8221;center&#8221; custom_margin=&#8221;0px||25px||false|false&#8221; custom_padding=&#8221;0px||0px||false|false&#8221; custom_padding_tablet=&#8221;|||20px|false|false&#8221; custom_padding_phone=&#8221;|||20px|false|false&#8221; custom_padding_last_edited=&#8221;off|desktop&#8221; locked=&#8221;off&#8221; global_colors_info=&#8221;{}&#8221;]<\/p>\n<p>Alexander Rosenberg, ordf\u00f6rande i Telge AB:s styrelse, pristagaren Alexander Wikner, Karin Medin, vd Telge AB och koncernchef.<br \/>Bild: LT<\/p>\n<p>[\/et_pb_text][et_pb_text module_class=&#8221;tiempos-txt&#8221; _builder_version=&#8221;4.27.4&#8243; _module_preset=&#8221;default&#8221; text_text_color=&#8221;#191919&#8243; text_font_size=&#8221;18px&#8221; link_font=&#8221;||||||||&#8221; header_2_font_size=&#8221;24px&#8221; custom_padding=&#8221;||||false|false&#8221; custom_css_free_form=&#8221;h2{||  padding-bottom:0px;||  margin-bottom:8px;||}&#8221; global_colors_info=&#8221;{}&#8221;]<\/p>\n<h2>Vill lyfta det positiva<\/h2>\n<p>Att f\u00e5 ta emot priset \u201c\u00c5rets Telgehj\u00e4rta\u201d p\u00e5 Idrottsgalan i Scaniarinken betydde mycket f\u00f6r Alexander Wikner, p\u00e5 flera olika s\u00e4tt.<\/p>\n<p>Hans pappa kom till S\u00f6dert\u00e4lje fr\u00e5n Finland som sju\u00e5ring och b\u00f6rjade med ishockey och spelade i SSKs ungdomsverksamhet innan han engagerade sig som ledare i f\u00f6reningslivet. Hans mamma flyttade till stan p\u00e5 grund av basketen och SBBK.<\/p>\n<p>\u2013 Det k\u00e4ndes s\u00e5 fint att f\u00e5 st\u00e5 h\u00e4r, i min egen stad S\u00f6dert\u00e4lje som jag brinner f\u00f6r, och ta emot det h\u00e4r priset.<\/p>\n<p>I motiveringen st\u00e5r bland annat: \u201cMed en outtr\u00f6ttlig energi och en f\u00f6rm\u00e5ga att se l\u00f6sningar d\u00e4r andra ser hinder, har vinnaren bidragit till att skapa en trygg och utvecklande plats f\u00f6r v\u00e5ra barn och unga. Denna person \u00e4r en sann f\u00f6rebild och en ov\u00e4rderlig tillg\u00e5ng f\u00f6r S\u00f6dert\u00e4lje.\u201d<\/p>\n<p>Alexander Wikner s\u00e4ger att han tycker det \u00e4r viktigt att allt positivt med S\u00f6dert\u00e4lje lyfts fram mer, som till exempel p\u00e5 Idrottsgalan.<\/p>\n<p>\u2013 Vi sj\u00e4lva m\u00e5ste ber\u00e4tta storyn om v\u00e5r egen stad, och alla vi tillsammans- barn, unga, f\u00f6r\u00e4ldrar, eldsj\u00e4lar och alla som bidrar p\u00e5 olika s\u00e4tt till alla positiva initiativ &#8211; skriver den h\u00e4r ber\u00e4ttelsen ihop.<\/p>\n<p><a href=\"https:\/\/www.telge.se\/om-telge\/sponsring\/\" target=\"_blank\" rel=\"noopener\">EXTERN L\u00c4NK: L\u00e4s mer om Telges engagemang h\u00e4r<\/a><\/p>\n<h2><\/h2>\n<p>[\/et_pb_text][et_pb_text _builder_version=&#8221;4.27.4&#8243; _module_preset=&#8221;default&#8221; text_text_color=&#8221;#191919&#8243; text_font_size=&#8221;16px&#8221; header_2_font_size=&#8221;24px&#8221; background_color=&#8221;#f0f0f2&#8243; custom_margin=&#8221;30px||||false|false&#8221; custom_padding=&#8221;30px|30px|30px|30px|true|true&#8221; border_radii=&#8221;on|0.5rem|0.5rem|0.5rem|0.5rem&#8221; global_colors_info=&#8221;{}&#8221;]<\/p>\n<h6>FAKTA<\/h6>\n<p>Telge hj\u00e4rta \u00e4r ett samlingsnamn f\u00f6r de initiativ som Telge g\u00f6r f\u00f6r att bidra till att ge fler barn och unga i S\u00f6dert\u00e4lje en meningsfull fritid. Det kan vara aktiviteter direkt efter skolan eller p\u00e5 lov och de h\u00e4nder p\u00e5 platser d\u00e4r barnen redan befinner sig, ist\u00e4llet f\u00f6r tv\u00e4rtom. Ambitionen \u00e4r att aktiviteterna ska upplevas b\u00e5de trygga och roliga. Allt \u00e4r gratis och utan krav p\u00e5 f\u00f6rkunskap eller dyr utrustning.[\/et_pb_text][et_pb_text module_class=&#8221;inter-txt&#8221; _builder_version=&#8221;4.27.4&#8243; _module_preset=&#8221;default&#8221; text_text_color=&#8221;#191919&#8243; text_font_size=&#8221;16px&#8221; header_2_font_size=&#8221;24px&#8221; background_color=&#8221;#f0f0f2&#8243; custom_margin=&#8221;30px||||false|false&#8221; custom_padding=&#8221;30px|30px|30px|30px|true|true&#8221; border_radii=&#8221;on|0.5rem|0.5rem|0.5rem|0.5rem&#8221; global_colors_info=&#8221;{}&#8221;]<\/p>\n<p><strong>Motiveringen:<\/strong><br \/>\u201c\u00c5rets Telgehj\u00e4rta pris tilldelas den person som med sitt driv och vilja har visat enast\u00e5ende kreativitet och samarbetsf\u00f6rm\u00e5ga. Genom starkt ledarskap och h\u00f6gt engagemang har denna individ skapat en positiv och inspirerande milj\u00f6 d\u00e4r m\u00f6jligheter alltid ses, och barnens b\u00e4sta alltid st\u00e5r i fokus. Med en outtr\u00f6ttlig energi och en f\u00f6rm\u00e5ga att se l\u00f6sningar d\u00e4r andra ser hinder, har vinnaren bidragit till att skapa en trygg och utvecklande plats f\u00f6r v\u00e5ra barn och unga. Denna person \u00e4r en sann f\u00f6rebild och en ov\u00e4rderlig tillg\u00e5ng f\u00f6r S\u00f6dert\u00e4lje och vinnaren av \u00e5rets Telgehj\u00e4rta \u00e4r Alexander Wikner.\u201d<\/p>\n<p>[\/et_pb_text][\/et_pb_column][\/et_pb_row][\/et_pb_section]<\/p>\n","protected":false},"excerpt":{"rendered":"<p>Kr\u00f6nikaMed hj\u00e4rtat f\u00f6r S\u00f6dert\u00e4lje &#8211; Alexander fick priset \u201c\u00c5rets&nbsp;Telgehj\u00e4rta\u201dEn sann f\u00f6rebild och en ov\u00e4rderlig tillg\u00e5ng f\u00f6r S\u00f6dert\u00e4lje.Alexander Wikner fick ta emot priset \u201c\u00c5rets Telgehj\u00e4rta\u201d p\u00e5 Idrottsgalan i S\u00f6dert\u00e4lje.\u2013 Det betyder j\u00e4ttemycket, s\u00e4ger han.Inneh\u00e5ll fr\u00e5n Telge &#8211; stolt huvudpartner till S\u00f6dert\u00e4lje idrottsgala 2025.Bild: LTBildtext.EXTERN L\u00c4NK: L\u00e4s mer om Telges engagemang h\u00e4r Alexander Wikner har en omfattande [&hellip;]<\/p>\n","protected":false},"author":1,"featured_media":528,"comment_status":"open","ping_status":"open","sticky":false,"template":"","format":"standard","meta":{"_et_pb_use_builder":"on","_et_pb_old_content":"","_et_gb_content_width":"","footnotes":""},"categories":[2],"tags":[],"class_list":["post-511","post","type-post","status-publish","format-standard","has-post-thumbnail","hentry","category-artiklar-2025"],"_links":{"self":[{"href":"https:\/\/kampanj.lt.se\/idrottsgalan\/wp-json\/wp\/v2\/posts\/511","targetHints":{"allow":["GET"]}}],"collection":[{"href":"https:\/\/kampanj.lt.se\/idrottsgalan\/wp-json\/wp\/v2\/posts"}],"about":[{"href":"https:\/\/kampanj.lt.se\/idrottsgalan\/wp-json\/wp\/v2\/types\/post"}],"author":[{"embeddable":true,"href":"https:\/\/kampanj.lt.se\/idrottsgalan\/wp-json\/wp\/v2\/users\/1"}],"replies":[{"embeddable":true,"href":"https:\/\/kampanj.lt.se\/idrottsgalan\/wp-json\/wp\/v2\/comments?post=511"}],"version-history":[{"count":17,"href":"https:\/\/kampanj.lt.se\/idrottsgalan\/wp-json\/wp\/v2\/posts\/511\/revisions"}],"predecessor-version":[{"id":1597,"href":"https:\/\/kampanj.lt.se\/idrottsgalan\/wp-json\/wp\/v2\/posts\/511\/revisions\/1597"}],"wp:featuredmedia":[{"embeddable":true,"href":"https:\/\/kampanj.lt.se\/idrottsgalan\/wp-json\/wp\/v2\/media\/528"}],"wp:attachment":[{"href":"https:\/\/kampanj.lt.se\/idrottsgalan\/wp-json\/wp\/v2\/media?parent=511"}],"wp:term":[{"taxonomy":"category","embeddable":true,"href":"https:\/\/kampanj.lt.se\/idrottsgalan\/wp-json\/wp\/v2\/categories?post=511"},{"taxonomy":"post_tag","embeddable":true,"href":"https:\/\/kampanj.lt.se\/idrottsgalan\/wp-json\/wp\/v2\/tags?post=511"}],"curies":[{"name":"wp","href":"https:\/\/api.w.org\/{rel}","templated":true}]}}