{"id":482,"date":"2025-02-13T14:58:49","date_gmt":"2025-02-13T13:58:49","guid":{"rendered":"https:\/\/kampanj.lt.se\/idrottsgalan\/?p=482"},"modified":"2026-01-22T11:13:10","modified_gmt":"2026-01-22T10:13:10","slug":"sodertalje-valkomnar-alla-och-satsar-pa-idrotten","status":"publish","type":"post","link":"https:\/\/kampanj.lt.se\/idrottsgalan\/sodertalje-valkomnar-alla-och-satsar-pa-idrotten\/","title":{"rendered":"S\u00f6dert\u00e4lje v\u00e4lkomnar alla och satsar p\u00e5 idrotten"},"content":{"rendered":"<p>[et_pb_section fb_built=&#8221;1&#8243; custom_padding_last_edited=&#8221;off|phone&#8221; module_class=&#8221;brodtext&#8221; _builder_version=&#8221;4.23.4&#8243; _module_preset=&#8221;default&#8221; background_color=&#8221;#f7f9fb&#8221; custom_padding=&#8221;30px||30px||false|false&#8221; custom_padding_tablet=&#8221;50px||50px||true|false&#8221; custom_padding_phone=&#8221;40px||40px||true|false&#8221; global_colors_info=&#8221;{}&#8221;][et_pb_row _builder_version=&#8221;4.23.1&#8243; _module_preset=&#8221;default&#8221; width_tablet=&#8221;80%&#8221; width_phone=&#8221;90%&#8221; width_last_edited=&#8221;on|phone&#8221; max_width=&#8221;640px&#8221; module_alignment=&#8221;center&#8221; custom_margin=&#8221;0px||0px||true|false&#8221; custom_padding=&#8221;0px||0px||true|false&#8221; global_colors_info=&#8221;{}&#8221;][et_pb_column type=&#8221;4_4&#8243; _builder_version=&#8221;4.20.0&#8243; _module_preset=&#8221;default&#8221; global_colors_info=&#8221;{}&#8221;][et_pb_text disabled_on=&#8221;on|on|on&#8221; _builder_version=&#8221;4.23.4&#8243; _module_preset=&#8221;default&#8221; text_font=&#8221;Inter||||||||&#8221; header_5_font=&#8221;Inter|||on|||||&#8221; header_5_text_color=&#8221;#141414&#8243; header_5_font_size=&#8221;14px&#8221; custom_margin=&#8221;||6px||false|false&#8221; disabled=&#8221;on&#8221; global_colors_info=&#8221;{}&#8221;]<\/p>\n<h5>Kr\u00f6nika<\/h5>\n<p>[\/et_pb_text][et_pb_text _builder_version=&#8221;4.27.4&#8243; _module_preset=&#8221;default&#8221; header_font=&#8221;|700|||||||&#8221; header_font_size=&#8221;48px&#8221; custom_margin=&#8221;||0px||false|false&#8221; custom_padding=&#8221;||0px||false|false&#8221; header_font_size_tablet=&#8221;44px&#8221; header_font_size_phone=&#8221;30px&#8221; header_font_size_last_edited=&#8221;on|phone&#8221; custom_css_free_form=&#8221;.citat-blue{||  color:#007CBF;||}||.reg-txt{||  font-weight:normal!important;||}&#8221; global_colors_info=&#8221;{}&#8221;]<\/p>\n<h1>S\u00f6dert\u00e4lje v\u00e4lkomnar alla och satsar p\u00e5 idrotten<\/h1>\n<p>[\/et_pb_text][et_pb_text _builder_version=&#8221;4.27.4&#8243; _dynamic_attributes=&#8221;content&#8221; _module_preset=&#8221;default&#8221; text_font=&#8221;Inter||||||||&#8221; text_text_color=&#8221;#505762&#8243; header_5_font=&#8221;Inter||||||||&#8221; header_5_text_color=&#8221;#505762&#8243; header_5_font_size=&#8221;14px&#8221; custom_margin=&#8221;||14px||false|false&#8221; global_colors_info=&#8221;{}&#8221;]@ET-DC@eyJkeW5hbWljIjp0cnVlLCJjb250ZW50IjoicG9zdF9kYXRlIiwic2V0dGluZ3MiOnsiYmVmb3JlIjoiIiwiYWZ0ZXIiOiIiLCJkYXRlX2Zvcm1hdCI6ImRlZmF1bHQiLCJjdXN0b21fZGF0ZV9mb3JtYXQiOiIifX0=@[\/et_pb_text][et_pb_text _builder_version=&#8221;4.27.4&#8243; _module_preset=&#8221;default&#8221; text_font=&#8221;|700|||||||&#8221; text_text_color=&#8221;#191919&#8243; text_font_size=&#8221;20px&#8221; header_4_font=&#8221;Inter|700|||||||&#8221; header_4_text_color=&#8221;#191919&#8243; header_4_font_size=&#8221;20px&#8221; header_4_line_height=&#8221;1.3em&#8221; custom_margin=&#8221;||0px||false|false&#8221; custom_padding=&#8221;||0px||false|false&#8221; global_colors_info=&#8221;{}&#8221;]<\/p>\n<h4>Ett brett idrottsliv &#8211; fr\u00e5n knattar till elit &#8211; l\u00e4gger grunden till en v\u00e4lm\u00e5ende stad d\u00e4r alla \u00e4r v\u00e4lkomna.<br \/>I \u00e5r satsar S\u00f6dert\u00e4lje extra mycket p\u00e5 idrotten.<br \/>\u2013 Vi har ett otroligt rikt f\u00f6reningsliv. H\u00e4r finns n\u00e5got f\u00f6r alla, och vi hoppas att det ska f\u00e5 fler att vilja bes\u00f6ka oss och vilja leva och bo i S\u00f6dert\u00e4lje, s\u00e4ger Robban Andersson, projektledare f\u00f6r S\u00f6dert\u00e4lje Idrotts\u00e5r 2025.<\/h4>\n<p>[\/et_pb_text][et_pb_text _builder_version=&#8221;4.27.4&#8243; _module_preset=&#8221;default&#8221; text_font=&#8221;Inter||||||||&#8221; text_text_color=&#8221;#141414&#8243; text_font_size=&#8221;16px&#8221; header_6_font_size=&#8221;16px&#8221; header_6_line_height=&#8221;1.3em&#8221; background_color=&#8221;#eff0f2&#8243; custom_margin=&#8221;20px||0px||false|false&#8221; custom_padding=&#8221;14px|20px|14px|20px|true|true&#8221; header_6_line_height_phone=&#8221;1.3em&#8221; header_6_line_height_last_edited=&#8221;off|desktop&#8221; global_colors_info=&#8221;{}&#8221;]<\/p>\n<h6 style=\"padding-bottom: 0px;\"><strong>Inneh\u00e5ll fr\u00e5n S\u00f6dert\u00e4lje kommun<\/strong> &#8211; stolt huvudpartner till S\u00f6dert\u00e4lje idrottsgala 2025.<\/h6>\n<p>[\/et_pb_text][\/et_pb_column][\/et_pb_row][et_pb_row _builder_version=&#8221;4.23.1&#8243; _module_preset=&#8221;default&#8221; width_tablet=&#8221;100%&#8221; width_phone=&#8221;100%&#8221; width_last_edited=&#8221;on|phone&#8221; max_width=&#8221;950px&#8221; module_alignment=&#8221;center&#8221; custom_padding=&#8221;30px||30px||true|false&#8221; global_colors_info=&#8221;{}&#8221;][et_pb_column type=&#8221;4_4&#8243; _builder_version=&#8221;4.23.1&#8243; _module_preset=&#8221;default&#8221; global_colors_info=&#8221;{}&#8221;][et_pb_image src=&#8221;https:\/\/kampanj.lt.se\/idrottsgalan\/wp-content\/uploads\/2025\/02\/lt-sodertalje-kommun-art3-topp.jpg&#8221; title_text=&#8221;lt-sodertalje-kommun-art3-topp&#8221; _builder_version=&#8221;4.27.4&#8243; _module_preset=&#8221;default&#8221; custom_margin=&#8221;0px||0px||true|false&#8221; custom_padding=&#8221;0px||0px||false|false&#8221; global_colors_info=&#8221;{}&#8221;][\/et_pb_image][et_pb_text disabled_on=&#8221;on|on|on&#8221; _builder_version=&#8221;4.27.4&#8243; _module_preset=&#8221;default&#8221; text_text_color=&#8221;#505762&#8243; text_line_height=&#8221;1.3em&#8221; header_5_font=&#8221;Inter||||||||&#8221; header_5_text_color=&#8221;#505762&#8243; width_tablet=&#8221;80%&#8221; width_phone=&#8221;90%&#8221; width_last_edited=&#8221;on|phone&#8221; module_alignment=&#8221;center&#8221; custom_margin=&#8221;10px||0px||false|false&#8221; custom_padding=&#8221;0px||0px||false|false&#8221; custom_padding_tablet=&#8221;|||20px|false|false&#8221; custom_padding_phone=&#8221;|||20px|false|false&#8221; custom_padding_last_edited=&#8221;off|desktop&#8221; disabled=&#8221;on&#8221; locked=&#8221;off&#8221; global_colors_info=&#8221;{}&#8221;]<\/p>\n<p>Bildtext.<\/p>\n<p>[\/et_pb_text][et_pb_text disabled_on=&#8221;on|on|on&#8221; _builder_version=&#8221;4.24.2&#8243; _module_preset=&#8221;default&#8221; text_text_color=&#8221;#505762&#8243; text_line_height=&#8221;1.3em&#8221; header_5_font=&#8221;Inter||||||||&#8221; header_5_text_color=&#8221;#505762&#8243; width=&#8221;100%&#8221; width_tablet=&#8221;80%&#8221; width_phone=&#8221;90%&#8221; width_last_edited=&#8221;on|desktop&#8221; module_alignment=&#8221;center&#8221; custom_margin=&#8221;10px||0px||false|false&#8221; custom_padding=&#8221;||||false|false&#8221; custom_padding_tablet=&#8221;|||20px|false|false&#8221; custom_padding_phone=&#8221;|||20px|false|false&#8221; custom_padding_last_edited=&#8221;off|phone&#8221; disabled=&#8221;on&#8221; global_colors_info=&#8221;{}&#8221;]<\/p>\n<p>Bildtext.<\/p>\n<p>[\/et_pb_text][\/et_pb_column][\/et_pb_row][et_pb_row _builder_version=&#8221;4.23.1&#8243; _module_preset=&#8221;default&#8221; width_tablet=&#8221;80%&#8221; width_phone=&#8221;90%&#8221; width_last_edited=&#8221;on|phone&#8221; max_width=&#8221;640px&#8221; module_alignment=&#8221;center&#8221; custom_margin=&#8221;0px||0px||true|false&#8221; custom_padding=&#8221;0px||0px||false|false&#8221; global_colors_info=&#8221;{}&#8221;][et_pb_column type=&#8221;4_4&#8243; _builder_version=&#8221;4.20.0&#8243; _module_preset=&#8221;default&#8221; global_colors_info=&#8221;{}&#8221;][et_pb_text module_class=&#8221;tiempos-txt&#8221; _builder_version=&#8221;4.27.4&#8243; _module_preset=&#8221;default&#8221; text_text_color=&#8221;#191919&#8243; text_font_size=&#8221;18px&#8221; link_font=&#8221;||||||||&#8221; header_2_font_size=&#8221;24px&#8221; width_tablet=&#8221;100%&#8221; width_phone=&#8221;100%&#8221; width_last_edited=&#8221;off|desktop&#8221; custom_padding=&#8221;||||false|false&#8221; header_2_font_size_last_edited=&#8221;off|phone&#8221; custom_css_free_form=&#8221;h2{||  padding-bottom:0px;||  margin-bottom:8px;||}&#8221; global_colors_info=&#8221;{}&#8221;]<\/p>\n<p><a href=\"http:\/\/www.sodertalje.se\" target=\"_blank\" rel=\"noopener\">EXTERN L\u00c4NK: L\u00e4s mer om S\u00f6dert\u00e4lje h\u00e4r<\/a><\/p>\n<p>S\u00f6dert\u00e4ljes basketdamer blev SM-m\u00e4stare 2024, S\u00f6dert\u00e4lje SK \u00e5ngar p\u00e5 i Hockeyallsvenskan, Nykvarns Innebandys herrlag och Telge Innebandys damlag spelar b\u00e5da i h\u00f6gsta serien &#8211; ja, listan p\u00e5 idrottsframg\u00e5ngar i S\u00f6dert\u00e4lje kommun kan g\u00f6ras l\u00e5ng.<\/p>\n<p>Att kommunen i \u00e5r satsar extra mycket p\u00e5 idrotten beror p\u00e5 att man vill fr\u00e4mja och st\u00e4rka f\u00f6reningslivet, och d\u00e4rmed skapa ett \u00e4nnu mer attraktivt S\u00f6dert\u00e4lje.<\/p>\n<p>\u2013 Det \u00e4r f\u00f6rst\u00e5s viktigt med s\u00e5dant som bostad, arbete och barnomsorg n\u00e4r du ska flytta till en stad, men att det finns m\u00f6jlighet till en meningsfull fritid \u00e4r ocks\u00e5 otroligt viktigt, s\u00e4ger Robban Andersson, projektledare f\u00f6r S\u00f6dert\u00e4lje Idrotts\u00e5r 2025 &#8211; en satsning fr\u00e5n S\u00f6dert\u00e4lje kommun som p\u00e5g\u00e5r hela \u00e5ret med m\u00e5nga evenemang och aktiviteter och andra insatser f\u00f6r att f\u00e5 f\u00f6reningslivet att v\u00e4xa och blomstra \u00e4nnu mer.<\/p>\n<p>Han konstaterar att idrotten \u00e4r viktig p\u00e5 s\u00e5 m\u00e5nga niv\u00e5er, d\u00e4r gemenskap och inkludering g\u00e5r som en r\u00f6d tr\u00e5d genom hela kedjan.<\/p>\n<p>\u2013 Idrotten betyder s\u00e5 mycket i ett samh\u00e4lle. Det \u00e4r j\u00e4tteviktigt att det finns en bredd.<a href=\"https:\/\/www.idrottsaretsodertalje.se\/\" target=\"_blank\" rel=\"noopener\"><\/a><\/p>\n<p>[\/et_pb_text][et_pb_image src=&#8221;https:\/\/kampanj.lt.se\/idrottsgalan\/wp-content\/uploads\/2025\/01\/lt-sodertalje-kommun-Profilbild-Robban.jpg&#8221; title_text=&#8221;lt-sodertalje-kommun-Profilbild-Robban&#8221; _builder_version=&#8221;4.27.4&#8243; _module_preset=&#8221;default&#8221; custom_margin=&#8221;25px||10px||false|false&#8221; custom_padding=&#8221;0px||0px||true|false&#8221; global_colors_info=&#8221;{}&#8221;][\/et_pb_image][et_pb_text _builder_version=&#8221;4.27.4&#8243; _module_preset=&#8221;default&#8221; text_text_color=&#8221;#505762&#8243; text_line_height=&#8221;1.3em&#8221; header_5_font=&#8221;Inter||||||||&#8221; header_5_text_color=&#8221;#505762&#8243; width_tablet=&#8221;80%&#8221; width_phone=&#8221;90%&#8221; width_last_edited=&#8221;off|desktop&#8221; module_alignment=&#8221;center&#8221; custom_margin=&#8221;0px||25px||false|false&#8221; custom_padding=&#8221;0px||0px||false|false&#8221; custom_padding_tablet=&#8221;|||20px|false|false&#8221; custom_padding_phone=&#8221;|||20px|false|false&#8221; custom_padding_last_edited=&#8221;off|desktop&#8221; locked=&#8221;off&#8221; global_colors_info=&#8221;{}&#8221;]Robban Andersson, projektledare f\u00f6r Idrotts\u00e5ret 2025.[\/et_pb_text][et_pb_text disabled_on=&#8221;on|on|on&#8221; _builder_version=&#8221;4.24.2&#8243; _module_preset=&#8221;default&#8221; text_text_color=&#8221;#505762&#8243; text_line_height=&#8221;1.3em&#8221; header_5_font=&#8221;Inter||||||||&#8221; header_5_text_color=&#8221;#505762&#8243; width_tablet=&#8221;100%&#8221; width_phone=&#8221;100%&#8221; width_last_edited=&#8221;off|desktop&#8221; custom_margin=&#8221;0px||25px||false|false&#8221; custom_padding=&#8221;0px||0px||false|false&#8221; custom_padding_tablet=&#8221;|||20px|false|false&#8221; custom_padding_phone=&#8221;|||20px|false|false&#8221; custom_padding_last_edited=&#8221;off|desktop&#8221; disabled=&#8221;on&#8221; locked=&#8221;off&#8221; global_colors_info=&#8221;{}&#8221;]<\/p>\n<p>Bildtext.<\/p>\n<p>[\/et_pb_text][et_pb_text module_class=&#8221;tiempos-txt&#8221; _builder_version=&#8221;4.27.4&#8243; _module_preset=&#8221;default&#8221; text_text_color=&#8221;#191919&#8243; text_font_size=&#8221;18px&#8221; link_font=&#8221;||||||||&#8221; header_2_font_size=&#8221;24px&#8221; custom_padding=&#8221;||||false|false&#8221; custom_css_free_form=&#8221;h2{||  padding-bottom:0px;||  margin-bottom:8px;||}&#8221; global_colors_info=&#8221;{}&#8221;]<\/p>\n<h2>Idrott f\u00f6r alla<\/h2>\n<p>Robban Andersson s\u00e4ger att representationslagen som \u00e4r p\u00e5 elitniv\u00e5 har en viktig roll d\u00e5 de b\u00e5de blir f\u00f6rebilder f\u00f6r de yngre generationerna och skapar en viktig gemenskap och stolthet i en stad.<\/p>\n<p>\u2013 Tillsammans med bredden som str\u00e4cker sig hela v\u00e4gen fr\u00e5n barn-, ungdoms- och paraidrotten och upp till senioridrott p\u00e5 alla niv\u00e5er s\u00e5 skapas en attraktiv stad med m\u00e5nga m\u00f6jligheter.<\/p>\n<p>Ytterligare n\u00e5got som \u00e4r viktigt f\u00f6r S\u00f6dert\u00e4lje kommun \u00e4r att idrott \u00e4r f\u00f6r alla.<\/p>\n<p>\u2013 Vi satsar p\u00e5 tillg\u00e4nglighet f\u00f6r alla oavsett vilka f\u00f6ruts\u00e4ttningar man har, s\u00e4ger Robban Andersson.<\/p>\n<p>Detta innefattar alltifr\u00e5n tillg\u00e4nglighet vid stadens idrottsanl\u00e4ggningar till att det finns meningsfulla aktiviteter att ta del av. Paraidrotten \u00e4r v\u00e4l utvecklad och har aktiva inom sporter som golf, ishockey, fotboll och innebandy.<\/p>\n<h2><\/h2>\n<p>[\/et_pb_text][et_pb_image src=&#8221;https:\/\/kampanj.lt.se\/idrottsgalan\/wp-content\/uploads\/2025\/01\/lt-sodertalje-kommun-2.jpg&#8221; title_text=&#8221;lt-sodertalje-kommun-2&#8243; _builder_version=&#8221;4.27.4&#8243; _module_preset=&#8221;default&#8221; custom_margin=&#8221;25px||25px||true|false&#8221; custom_padding=&#8221;0px||0px||true|false&#8221; global_colors_info=&#8221;{}&#8221;][\/et_pb_image][et_pb_text module_class=&#8221;tiempos-txt&#8221; _builder_version=&#8221;4.27.4&#8243; _module_preset=&#8221;default&#8221; text_text_color=&#8221;#191919&#8243; text_font_size=&#8221;18px&#8221; link_font=&#8221;||||||||&#8221; header_2_font_size=&#8221;24px&#8221; width_tablet=&#8221;100%&#8221; width_phone=&#8221;100%&#8221; width_last_edited=&#8221;off|desktop&#8221; custom_padding=&#8221;||||false|false&#8221; header_2_font_size_last_edited=&#8221;off|phone&#8221; custom_css_free_form=&#8221;h2{||  padding-bottom:0px;||  margin-bottom:8px;||}&#8221; global_colors_info=&#8221;{}&#8221;]<\/p>\n<h2>Spontanidrott och r\u00f6relsegl\u00e4dje<\/h2>\n<p>S\u00f6dert\u00e4lje kommun finns ocks\u00e5 med och sponsrar \u201cM\u00f6tesplats S\u00f6dert\u00e4lje\u201d &#8211; ett p\u00e5g\u00e5ende samverkansprojekt som inspirerar och arrangerar verksamhet f\u00f6r spontanidrott och r\u00f6relsegl\u00e4dje i m\u00e5nga av stadens bostadsomr\u00e5den. Man anordnar \u00e4ven meningsfulla, kostnadsfria lovaktiviteter f\u00f6r barn.<\/p>\n<p>\u2013 Idrott ska vara tillg\u00e4ngligt f\u00f6r alla, och vi \u00e4r glada och stolta \u00f6ver att se hur mycket gl\u00e4dje idrotten skapar i S\u00f6dert\u00e4lje, s\u00e4ger Robban Andersson.<\/p>\n<p>\u2013 Staden har en stark idrottstradition och den traditionen ska forts\u00e4tta in i framtiden!<\/p>\n<p><a href=\"https:\/\/www.idrottsaretsodertalje.se\/\" target=\"_blank\" rel=\"noopener\">EXTERN L\u00c4NK: L\u00e4s mer om Idrotts\u00e5ret i S\u00f6dert\u00e4lje h\u00e4r<\/a><\/p>\n<p>[\/et_pb_text][et_pb_text _builder_version=&#8221;4.27.4&#8243; _module_preset=&#8221;default&#8221; text_text_color=&#8221;#191919&#8243; text_font_size=&#8221;16px&#8221; header_2_font_size=&#8221;24px&#8221; background_color=&#8221;#f0f0f2&#8243; custom_margin=&#8221;30px||||false|false&#8221; custom_padding=&#8221;30px|30px|30px|30px|true|true&#8221; border_radii=&#8221;on|0.5rem|0.5rem|0.5rem|0.5rem&#8221; global_colors_info=&#8221;{}&#8221;]<\/p>\n<h6>FAKTA<\/h6>\n<p>Idrotts\u00e5ret 2025 \u00e4r en satsning fr\u00e5n S\u00f6dert\u00e4lje kommun med syftet att f\u00f6rst\u00e4rka idrottens roll i samh\u00e4llet, och engagera b\u00e5de inv\u00e5nare och bes\u00f6kare.<\/p>\n<p>Ett rej\u00e4lt startskott blir Idrottsgalan som kommer att h\u00e5llas p\u00e5 Scaniarinken 19 februari.<\/p>\n<p><a href=\"https:\/\/sodertalje-idrottsgala-2025.confetti.events\/\" target=\"_blank\" rel=\"noopener\">Biljetter hittar du h\u00e4r.<\/a><\/p>\n<p>[\/et_pb_text][\/et_pb_column][\/et_pb_row][\/et_pb_section]<\/p>\n","protected":false},"excerpt":{"rendered":"<p>Kr\u00f6nikaS\u00f6dert\u00e4lje v\u00e4lkomnar alla och satsar p\u00e5 idrottenEtt brett idrottsliv &#8211; fr\u00e5n knattar till elit &#8211; l\u00e4gger grunden till en v\u00e4lm\u00e5ende stad d\u00e4r alla \u00e4r v\u00e4lkomna.I \u00e5r satsar S\u00f6dert\u00e4lje extra mycket p\u00e5 idrotten.\u2013 Vi har ett otroligt rikt f\u00f6reningsliv. H\u00e4r finns n\u00e5got f\u00f6r alla, och vi hoppas att det ska f\u00e5 fler att vilja bes\u00f6ka oss [&hellip;]<\/p>\n","protected":false},"author":1,"featured_media":500,"comment_status":"open","ping_status":"open","sticky":false,"template":"","format":"standard","meta":{"_et_pb_use_builder":"on","_et_pb_old_content":"","_et_gb_content_width":"","footnotes":""},"categories":[2],"tags":[],"class_list":["post-482","post","type-post","status-publish","format-standard","has-post-thumbnail","hentry","category-artiklar-2025"],"_links":{"self":[{"href":"https:\/\/kampanj.lt.se\/idrottsgalan\/wp-json\/wp\/v2\/posts\/482","targetHints":{"allow":["GET"]}}],"collection":[{"href":"https:\/\/kampanj.lt.se\/idrottsgalan\/wp-json\/wp\/v2\/posts"}],"about":[{"href":"https:\/\/kampanj.lt.se\/idrottsgalan\/wp-json\/wp\/v2\/types\/post"}],"author":[{"embeddable":true,"href":"https:\/\/kampanj.lt.se\/idrottsgalan\/wp-json\/wp\/v2\/users\/1"}],"replies":[{"embeddable":true,"href":"https:\/\/kampanj.lt.se\/idrottsgalan\/wp-json\/wp\/v2\/comments?post=482"}],"version-history":[{"count":16,"href":"https:\/\/kampanj.lt.se\/idrottsgalan\/wp-json\/wp\/v2\/posts\/482\/revisions"}],"predecessor-version":[{"id":1599,"href":"https:\/\/kampanj.lt.se\/idrottsgalan\/wp-json\/wp\/v2\/posts\/482\/revisions\/1599"}],"wp:featuredmedia":[{"embeddable":true,"href":"https:\/\/kampanj.lt.se\/idrottsgalan\/wp-json\/wp\/v2\/media\/500"}],"wp:attachment":[{"href":"https:\/\/kampanj.lt.se\/idrottsgalan\/wp-json\/wp\/v2\/media?parent=482"}],"wp:term":[{"taxonomy":"category","embeddable":true,"href":"https:\/\/kampanj.lt.se\/idrottsgalan\/wp-json\/wp\/v2\/categories?post=482"},{"taxonomy":"post_tag","embeddable":true,"href":"https:\/\/kampanj.lt.se\/idrottsgalan\/wp-json\/wp\/v2\/tags?post=482"}],"curies":[{"name":"wp","href":"https:\/\/api.w.org\/{rel}","templated":true}]}}