{"id":462,"date":"2025-02-12T13:50:58","date_gmt":"2025-02-12T12:50:58","guid":{"rendered":"https:\/\/kampanj.lt.se\/idrottsgalan\/?p=462"},"modified":"2026-01-22T11:13:28","modified_gmt":"2026-01-22T10:13:28","slug":"ahrens-laddar-for-framtiden","status":"publish","type":"post","link":"https:\/\/kampanj.lt.se\/idrottsgalan\/ahrens-laddar-for-framtiden\/","title":{"rendered":"Ahr\u00e9ns laddar f\u00f6r framtiden"},"content":{"rendered":"<p>[et_pb_section fb_built=&#8221;1&#8243; custom_padding_last_edited=&#8221;off|phone&#8221; module_class=&#8221;brodtext&#8221; _builder_version=&#8221;4.23.4&#8243; _module_preset=&#8221;default&#8221; background_color=&#8221;#f7f9fb&#8221; custom_padding=&#8221;30px||30px||false|false&#8221; custom_padding_tablet=&#8221;50px||50px||true|false&#8221; custom_padding_phone=&#8221;40px||40px||true|false&#8221; global_colors_info=&#8221;{}&#8221;][et_pb_row _builder_version=&#8221;4.23.1&#8243; _module_preset=&#8221;default&#8221; width_tablet=&#8221;80%&#8221; width_phone=&#8221;90%&#8221; width_last_edited=&#8221;on|phone&#8221; max_width=&#8221;640px&#8221; module_alignment=&#8221;center&#8221; custom_margin=&#8221;0px||0px||true|false&#8221; custom_padding=&#8221;0px||0px||true|false&#8221; global_colors_info=&#8221;{}&#8221;][et_pb_column type=&#8221;4_4&#8243; _builder_version=&#8221;4.20.0&#8243; _module_preset=&#8221;default&#8221; global_colors_info=&#8221;{}&#8221;][et_pb_text disabled_on=&#8221;on|on|on&#8221; _builder_version=&#8221;4.23.4&#8243; _module_preset=&#8221;default&#8221; text_font=&#8221;Inter||||||||&#8221; header_5_font=&#8221;Inter|||on|||||&#8221; header_5_text_color=&#8221;#141414&#8243; header_5_font_size=&#8221;14px&#8221; custom_margin=&#8221;||6px||false|false&#8221; disabled=&#8221;on&#8221; global_colors_info=&#8221;{}&#8221;]<\/p>\n<h5>Kr\u00f6nika<\/h5>\n<p>[\/et_pb_text][et_pb_text _builder_version=&#8221;4.27.4&#8243; _module_preset=&#8221;default&#8221; header_font=&#8221;|700|||||||&#8221; header_font_size=&#8221;46px&#8221; custom_margin=&#8221;||0px||false|false&#8221; custom_padding=&#8221;||0px||false|false&#8221; header_font_size_tablet=&#8221;44px&#8221; header_font_size_phone=&#8221;32px&#8221; header_font_size_last_edited=&#8221;on|phone&#8221; custom_css_free_form=&#8221;.citat-blue{||  color:#007CBF;||}||.reg-txt{||  font-weight:normal!important;||}&#8221; global_colors_info=&#8221;{}&#8221;]<\/p>\n<h1>Ahr\u00e9ns laddar f\u00f6r framtiden<\/h1>\n<p>[\/et_pb_text][et_pb_text _builder_version=&#8221;4.27.4&#8243; _dynamic_attributes=&#8221;content&#8221; _module_preset=&#8221;default&#8221; text_font=&#8221;Inter||||||||&#8221; text_text_color=&#8221;#505762&#8243; header_5_font=&#8221;Inter||||||||&#8221; header_5_text_color=&#8221;#505762&#8243; header_5_font_size=&#8221;14px&#8221; custom_margin=&#8221;||14px||false|false&#8221; global_colors_info=&#8221;{}&#8221;]@ET-DC@eyJkeW5hbWljIjp0cnVlLCJjb250ZW50IjoicG9zdF9kYXRlIiwic2V0dGluZ3MiOnsiYmVmb3JlIjoiIiwiYWZ0ZXIiOiIiLCJkYXRlX2Zvcm1hdCI6ImRlZmF1bHQiLCJjdXN0b21fZGF0ZV9mb3JtYXQiOiIifX0=@[\/et_pb_text][et_pb_text _builder_version=&#8221;4.27.4&#8243; _module_preset=&#8221;default&#8221; text_font=&#8221;|700|||||||&#8221; text_text_color=&#8221;#191919&#8243; text_font_size=&#8221;20px&#8221; header_4_font=&#8221;Inter|700|||||||&#8221; header_4_text_color=&#8221;#191919&#8243; header_4_font_size=&#8221;20px&#8221; header_4_line_height=&#8221;1.3em&#8221; custom_margin=&#8221;||0px||false|false&#8221; custom_padding=&#8221;||0px||false|false&#8221; global_colors_info=&#8221;{}&#8221;]<\/p>\n<h4>Med supersnabba laddstationer, klimatrapportering och installation av solceller vill Ahr\u00e9ns \u00c5keri leda v\u00e4gen mot en gr\u00f6nare transportbransch.<br \/>F\u00f6r Susanne Ahr\u00e9n \u00e4r h\u00e5llbarhet inte bara en framtidsfr\u00e5ga \u2013 det \u00e4r en del av f\u00f6retagets identitet.<\/h4>\n<p>[\/et_pb_text][et_pb_text _builder_version=&#8221;4.27.4&#8243; _module_preset=&#8221;default&#8221; text_font=&#8221;Inter||||||||&#8221; text_text_color=&#8221;#141414&#8243; text_font_size=&#8221;16px&#8221; header_6_font_size=&#8221;16px&#8221; header_6_line_height=&#8221;1.3em&#8221; background_color=&#8221;#eff0f2&#8243; custom_margin=&#8221;20px||0px||false|false&#8221; custom_padding=&#8221;14px|20px|14px|20px|true|true&#8221; header_6_line_height_phone=&#8221;1.3em&#8221; header_6_line_height_last_edited=&#8221;off|desktop&#8221; global_colors_info=&#8221;{}&#8221;]<\/p>\n<h6 style=\"padding-bottom: 0px;\"><strong>Inneh\u00e5ll fr\u00e5n Ahr\u00e9ns \u00c5keri<\/strong> &#8211; stolt partner till S\u00f6dert\u00e4lje idrottsgala 2025.<\/h6>\n<p>[\/et_pb_text][\/et_pb_column][\/et_pb_row][et_pb_row _builder_version=&#8221;4.23.1&#8243; _module_preset=&#8221;default&#8221; width_tablet=&#8221;100%&#8221; width_phone=&#8221;100%&#8221; width_last_edited=&#8221;on|phone&#8221; max_width=&#8221;950px&#8221; module_alignment=&#8221;center&#8221; custom_padding=&#8221;30px||30px||true|false&#8221; global_colors_info=&#8221;{}&#8221;][et_pb_column type=&#8221;4_4&#8243; _builder_version=&#8221;4.23.1&#8243; _module_preset=&#8221;default&#8221; global_colors_info=&#8221;{}&#8221;][et_pb_image src=&#8221;https:\/\/kampanj.lt.se\/idrottsgalan\/wp-content\/uploads\/2025\/02\/lt-ahrens-2-3.jpg&#8221; title_text=&#8221;lt-ahrens-2-3&#8243; _builder_version=&#8221;4.27.4&#8243; _module_preset=&#8221;default&#8221; custom_margin=&#8221;0px||0px||true|false&#8221; custom_padding=&#8221;0px||0px||false|false&#8221; global_colors_info=&#8221;{}&#8221;][\/et_pb_image][et_pb_text _builder_version=&#8221;4.27.4&#8243; _module_preset=&#8221;default&#8221; text_text_color=&#8221;#505762&#8243; text_line_height=&#8221;1.3em&#8221; header_5_font=&#8221;Inter||||||||&#8221; header_5_text_color=&#8221;#505762&#8243; width_tablet=&#8221;80%&#8221; width_phone=&#8221;90%&#8221; width_last_edited=&#8221;on|phone&#8221; module_alignment=&#8221;center&#8221; custom_margin=&#8221;10px||0px||false|false&#8221; custom_padding=&#8221;0px||0px||false|false&#8221; custom_padding_tablet=&#8221;|||20px|false|false&#8221; custom_padding_phone=&#8221;|||20px|false|false&#8221; custom_padding_last_edited=&#8221;off|desktop&#8221; locked=&#8221;off&#8221; global_colors_info=&#8221;{}&#8221;]Susanne Ahr\u00e9n \u00e4r stolt \u00f6ver de nya laddstationerna: \u201cJag hoppas att andra \u00e5kerier ska se f\u00f6rdelen med el och v\u00e5ra snabba laddare. Det k\u00e4nns som en konkret \u00e5tg\u00e4rd som verkligen g\u00f6r skillnad f\u00f6r hela transportsektorn.\u201d[\/et_pb_text][et_pb_text disabled_on=&#8221;on|on|on&#8221; _builder_version=&#8221;4.24.2&#8243; _module_preset=&#8221;default&#8221; text_text_color=&#8221;#505762&#8243; text_line_height=&#8221;1.3em&#8221; header_5_font=&#8221;Inter||||||||&#8221; header_5_text_color=&#8221;#505762&#8243; width=&#8221;100%&#8221; width_tablet=&#8221;80%&#8221; width_phone=&#8221;90%&#8221; width_last_edited=&#8221;on|desktop&#8221; module_alignment=&#8221;center&#8221; custom_margin=&#8221;10px||0px||false|false&#8221; custom_padding=&#8221;||||false|false&#8221; custom_padding_tablet=&#8221;|||20px|false|false&#8221; custom_padding_phone=&#8221;|||20px|false|false&#8221; custom_padding_last_edited=&#8221;off|phone&#8221; disabled=&#8221;on&#8221; global_colors_info=&#8221;{}&#8221;]<\/p>\n<p>Bildtext.<\/p>\n<p>[\/et_pb_text][\/et_pb_column][\/et_pb_row][et_pb_row _builder_version=&#8221;4.23.1&#8243; _module_preset=&#8221;default&#8221; width_tablet=&#8221;80%&#8221; width_phone=&#8221;90%&#8221; width_last_edited=&#8221;on|phone&#8221; max_width=&#8221;640px&#8221; module_alignment=&#8221;center&#8221; custom_margin=&#8221;0px||0px||true|false&#8221; custom_padding=&#8221;0px||0px||false|false&#8221; global_colors_info=&#8221;{}&#8221;][et_pb_column type=&#8221;4_4&#8243; _builder_version=&#8221;4.20.0&#8243; _module_preset=&#8221;default&#8221; global_colors_info=&#8221;{}&#8221;][et_pb_text module_class=&#8221;tiempos-txt&#8221; _builder_version=&#8221;4.27.4&#8243; _module_preset=&#8221;default&#8221; text_text_color=&#8221;#191919&#8243; text_font_size=&#8221;18px&#8221; link_font=&#8221;||||||||&#8221; header_2_font_size=&#8221;24px&#8221; width_tablet=&#8221;100%&#8221; width_phone=&#8221;100%&#8221; width_last_edited=&#8221;off|desktop&#8221; custom_padding=&#8221;||||false|false&#8221; header_2_font_size_last_edited=&#8221;off|phone&#8221; custom_css_free_form=&#8221;h2{||  padding-bottom:0px;||  margin-bottom:8px;||}&#8221; global_colors_info=&#8221;{}&#8221;]<\/p>\n<p><a href=\"https:\/\/ahrens-transport.se\/\" target=\"_blank\" rel=\"noopener\">EXTERN L\u00c4NK: L\u00e4s mer om Ahr\u00e9ns \u00c5keri h\u00e4r<\/a><\/p>\n<p>H\u00e5llbarhet st\u00e5r h\u00f6gt p\u00e5 agendan hos Ahr\u00e9ns \u00c5keri. Med fyra snabbladdare f\u00f6r ellastbilar, 26 laddpunkter f\u00f6r personbilar och l\u00e5ngtg\u00e5ende planer p\u00e5 solceller visar f\u00f6retaget v\u00e4gen mot en gr\u00f6nare transportbransch.<\/p>\n<p>\u2013 Min f\u00f6rhoppning \u00e4r att v\u00e5ra laddare ska inspirera andra \u00e5kerier att v\u00e5ga satsa p\u00e5 elbilar. Det sv\u00e5ra med en ellastbil \u00e4r ju att kunna ladda i r\u00e4tt tid, och v\u00e5rt l\u00e4ge vid E4:an g\u00f6r det optimalt, s\u00e4ger Susanne Ahr\u00e9n, vd.<\/p>\n<p>Ahr\u00e9ns grundades 1974 av Susannes pappa, Lars Ahr\u00e9n, och har v\u00e4xt till en hel koncern. Med basen i S\u00f6dert\u00e4lje har de tagit en ledande roll i h\u00e5llbarhetsarbetet i regionen.<\/p>\n<p>\u2013 Vi \u00e4r inte ensamma om att g\u00f6ra satsningar, men jag ser inga andra i v\u00e5r n\u00e4rhet som kommit lika l\u00e5ngt som vi. Det \u00e4r en roll vi \u00e4r stolta \u00f6ver att ha tagit.<\/p>\n<p>F\u00f6r Susanne Ahr\u00e9n handlar h\u00e5llbarhetsarbetet inte bara om aff\u00e4rsnytta \u2013 det \u00e4r ocks\u00e5 en personlig \u00f6vertygelse.<\/p>\n<p>\u2013 Vi som jobbar med transport och logistik har en betydande roll i h\u00e5llbarhetsarbetet. Transporterna har en stor roll i dagens samh\u00e4lle och det \u00e4r d\u00e4rf\u00f6r av yttersta vikt att vi tar ansvar och hela tiden f\u00f6rs\u00f6ker f\u00f6rb\u00e4ttra och optimera de olika transportfl\u00f6dena, s\u00e4ger hon.<a href=\"https:\/\/ahrens-transport.se\/\" target=\"_blank\" rel=\"noopener\"><\/a><\/p>\n<p>[\/et_pb_text][et_pb_image src=&#8221;https:\/\/kampanj.lt.se\/idrottsgalan\/wp-content\/uploads\/2025\/02\/lt-ahrens-2-1.jpg&#8221; title_text=&#8221;lt-ahrens-2-1&#8243; _builder_version=&#8221;4.27.4&#8243; _module_preset=&#8221;default&#8221; custom_margin=&#8221;25px||25px||true|false&#8221; custom_padding=&#8221;0px||0px||true|false&#8221; global_colors_info=&#8221;{}&#8221;][\/et_pb_image][et_pb_text disabled_on=&#8221;on|on|on&#8221; _builder_version=&#8221;4.24.2&#8243; _module_preset=&#8221;default&#8221; text_text_color=&#8221;#505762&#8243; text_line_height=&#8221;1.3em&#8221; header_5_font=&#8221;Inter||||||||&#8221; header_5_text_color=&#8221;#505762&#8243; width_tablet=&#8221;100%&#8221; width_phone=&#8221;100%&#8221; width_last_edited=&#8221;off|desktop&#8221; custom_margin=&#8221;0px||25px||false|false&#8221; custom_padding=&#8221;0px||0px||false|false&#8221; custom_padding_tablet=&#8221;|||20px|false|false&#8221; custom_padding_phone=&#8221;|||20px|false|false&#8221; custom_padding_last_edited=&#8221;off|desktop&#8221; disabled=&#8221;on&#8221; locked=&#8221;off&#8221; global_colors_info=&#8221;{}&#8221;]<\/p>\n<p>Bildtext.<\/p>\n<p>[\/et_pb_text][et_pb_text module_class=&#8221;tiempos-txt&#8221; _builder_version=&#8221;4.27.4&#8243; _module_preset=&#8221;default&#8221; text_text_color=&#8221;#191919&#8243; text_font_size=&#8221;18px&#8221; link_font=&#8221;||||||||&#8221; header_2_font_size=&#8221;24px&#8221; custom_padding=&#8221;||||false|false&#8221; custom_css_free_form=&#8221;h2{||  padding-bottom:0px;||  margin-bottom:8px;||}&#8221; global_colors_info=&#8221;{}&#8221;]<\/p>\n<h2>En gr\u00f6n utveckling som forts\u00e4tter<\/h2>\n<p>Ahr\u00e9ns b\u00f6rjade klimatrapportera redan 2013, l\u00e5ngt innan det blev ett krav fr\u00e5n kunderna.<\/p>\n<p>\u2013 Fr\u00e5n b\u00f6rjan anv\u00e4nde vi dem mest internt f\u00f6r att j\u00e4mf\u00f6ra utsl\u00e4pp mellan \u00e5r. Senare lades klimatrapporterna ut p\u00e5 v\u00e5r hemsida s\u00e5 att partners och kunder kunde f\u00f6lja v\u00e5rt h\u00e5llbarhetsarbete. Nu efterfr\u00e5gas de verkligen, och vi ser f\u00f6rb\u00e4ttringar varje \u00e5r. Vi har ut\u00f6kat fr\u00e5n en rapport till att \u00e4ven redovisa utsl\u00e4pp via EcoVadis, CDP och v\u00e5ra m\u00e5l \u00e4r godk\u00e4nda av SBTi. Det \u00e4r roligt att f\u00f6lja utvecklingen, s\u00e4ger Susanne Ahr\u00e9n.<\/p>\n<p>Klimatrapporteringen har blivit en viktig del av f\u00f6retagets arbete. Bland de m\u00e5nga satsningarna st\u00e5r solceller och batterier p\u00e5 tur. F\u00f6rutom minskat klimatavtryck \u00e4r en plan \u00e4ven att s\u00e4lja el.<\/p>\n<h2><\/h2>\n<p>[\/et_pb_text][et_pb_image src=&#8221;https:\/\/kampanj.lt.se\/idrottsgalan\/wp-content\/uploads\/2025\/02\/lt-ahrens-2-2.jpg&#8221; title_text=&#8221;lt-ahrens-2-2&#8243; _builder_version=&#8221;4.27.4&#8243; _module_preset=&#8221;default&#8221; custom_margin=&#8221;25px||25px||true|false&#8221; custom_padding=&#8221;0px||0px||true|false&#8221; global_colors_info=&#8221;{}&#8221;][\/et_pb_image][et_pb_text module_class=&#8221;tiempos-txt&#8221; _builder_version=&#8221;4.27.4&#8243; _module_preset=&#8221;default&#8221; text_text_color=&#8221;#191919&#8243; text_font_size=&#8221;18px&#8221; link_font=&#8221;||||||||&#8221; header_2_font_size=&#8221;24px&#8221; custom_padding=&#8221;||||false|false&#8221; custom_css_free_form=&#8221;h2{||  padding-bottom:0px;||  margin-bottom:8px;||}&#8221; global_colors_info=&#8221;{}&#8221;]<\/p>\n<h2>M\u00e5ngfald och inkludering<\/h2>\n<p>H\u00e5llbarhet handlar inte bara om milj\u00f6 utan ocks\u00e5 om m\u00e4nniskor. Ahr\u00e9ns har l\u00e4nge arbetat f\u00f6r m\u00e5ngfald och inkludering, n\u00e5got som enligt Susanne Ahr\u00e9n g\u00f6r f\u00f6retaget starkare.<\/p>\n<p>\u2013 V\u00e5r arbetsplats speglar verkligen samh\u00e4llet, med m\u00e5nga spr\u00e5k och olika bakgrunder.<\/p>\n<p>F\u00f6r Susanne Ahr\u00e9n handlar m\u00e5ngfald om att skapa en inkluderande kultur d\u00e4r prestation g\u00e5r f\u00f6re allt annat &#8211; inte om att ge f\u00f6rdel till n\u00e5gon endast p\u00e5 grund av k\u00f6n eller annat.<\/p>\n<p>\u2013 Samtidigt vet jag att en arbetsplats blir mycket b\u00e4ttre med b\u00e5de kvinnor och m\u00e4n.<\/p>\n<p>De h\u00e5llbarhets\u00e5tg\u00e4rder som Ahr\u00e9ns gjort har inte g\u00e5tt obem\u00e4rkt f\u00f6rbi.<\/p>\n<p>\u2013 Vi f\u00e5r bara positiva kommentarer. V\u00e5ra kunder vill se mer alternativa br\u00e4nslen, fr\u00e4mst el och HVO100. Hade vi inte gjort dessa satsningar skulle vi inte kunna konkurrera p\u00e5 samma s\u00e4tt idag.<\/p>\n<p><a href=\"https:\/\/ahrens-transport.se\/\" target=\"_blank\" rel=\"noopener\">EXTERN L\u00c4NK: L\u00e4s mer om Ahr\u00e9ns \u00c5keri h\u00e4r<\/a><\/p>\n<h2><\/h2>\n<p>[\/et_pb_text][et_pb_text _builder_version=&#8221;4.27.4&#8243; _module_preset=&#8221;default&#8221; text_text_color=&#8221;#191919&#8243; text_font_size=&#8221;16px&#8221; header_2_font_size=&#8221;24px&#8221; background_color=&#8221;#f0f0f2&#8243; custom_margin=&#8221;30px||||false|false&#8221; custom_padding=&#8221;30px|30px|30px|30px|true|true&#8221; border_radii=&#8221;on|0.5rem|0.5rem|0.5rem|0.5rem&#8221; global_colors_info=&#8221;{}&#8221;]<\/p>\n<h6>FAKTA<\/h6>\n<h2>Om Ahr\u00e9ns<\/h2>\n<p><strong>Grundat:<\/strong> 1974.<br \/><strong>Huvudkontor:<\/strong> S\u00f6dert\u00e4lje.<br \/><strong>Verksamhet:<\/strong> Transport och logistik.<br \/><strong>Antal anst\u00e4llda:<\/strong> Cirka 100.<br \/><strong>H\u00e5llbarhetssatsningar:<\/strong> Elbilar, laddstationer, solceller (p\u00e5 g\u00e5ng).<\/p>\n<p>Partner till S\u00f6dert\u00e4lje Idrottsgala 2025.<\/p>\n<p>[\/et_pb_text][\/et_pb_column][\/et_pb_row][\/et_pb_section]<\/p>\n","protected":false},"excerpt":{"rendered":"<p>Kr\u00f6nikaAhr\u00e9ns laddar f\u00f6r framtidenMed supersnabba laddstationer, klimatrapportering och installation av solceller vill Ahr\u00e9ns \u00c5keri leda v\u00e4gen mot en gr\u00f6nare transportbransch.F\u00f6r Susanne Ahr\u00e9n \u00e4r h\u00e5llbarhet inte bara en framtidsfr\u00e5ga \u2013 det \u00e4r en del av f\u00f6retagets identitet.Inneh\u00e5ll fr\u00e5n Ahr\u00e9ns \u00c5keri &#8211; stolt partner till S\u00f6dert\u00e4lje idrottsgala 2025.Susanne Ahr\u00e9n \u00e4r stolt \u00f6ver de nya laddstationerna: \u201cJag hoppas [&hellip;]<\/p>\n","protected":false},"author":1,"featured_media":476,"comment_status":"open","ping_status":"open","sticky":false,"template":"","format":"standard","meta":{"_et_pb_use_builder":"on","_et_pb_old_content":"","_et_gb_content_width":"","footnotes":""},"categories":[2],"tags":[],"class_list":["post-462","post","type-post","status-publish","format-standard","has-post-thumbnail","hentry","category-artiklar-2025"],"_links":{"self":[{"href":"https:\/\/kampanj.lt.se\/idrottsgalan\/wp-json\/wp\/v2\/posts\/462","targetHints":{"allow":["GET"]}}],"collection":[{"href":"https:\/\/kampanj.lt.se\/idrottsgalan\/wp-json\/wp\/v2\/posts"}],"about":[{"href":"https:\/\/kampanj.lt.se\/idrottsgalan\/wp-json\/wp\/v2\/types\/post"}],"author":[{"embeddable":true,"href":"https:\/\/kampanj.lt.se\/idrottsgalan\/wp-json\/wp\/v2\/users\/1"}],"replies":[{"embeddable":true,"href":"https:\/\/kampanj.lt.se\/idrottsgalan\/wp-json\/wp\/v2\/comments?post=462"}],"version-history":[{"count":16,"href":"https:\/\/kampanj.lt.se\/idrottsgalan\/wp-json\/wp\/v2\/posts\/462\/revisions"}],"predecessor-version":[{"id":1601,"href":"https:\/\/kampanj.lt.se\/idrottsgalan\/wp-json\/wp\/v2\/posts\/462\/revisions\/1601"}],"wp:featuredmedia":[{"embeddable":true,"href":"https:\/\/kampanj.lt.se\/idrottsgalan\/wp-json\/wp\/v2\/media\/476"}],"wp:attachment":[{"href":"https:\/\/kampanj.lt.se\/idrottsgalan\/wp-json\/wp\/v2\/media?parent=462"}],"wp:term":[{"taxonomy":"category","embeddable":true,"href":"https:\/\/kampanj.lt.se\/idrottsgalan\/wp-json\/wp\/v2\/categories?post=462"},{"taxonomy":"post_tag","embeddable":true,"href":"https:\/\/kampanj.lt.se\/idrottsgalan\/wp-json\/wp\/v2\/tags?post=462"}],"curies":[{"name":"wp","href":"https:\/\/api.w.org\/{rel}","templated":true}]}}