{"id":441,"date":"2025-02-10T10:38:02","date_gmt":"2025-02-10T09:38:02","guid":{"rendered":"https:\/\/kampanj.lt.se\/idrottsgalan\/?p=441"},"modified":"2026-01-22T11:13:51","modified_gmt":"2026-01-22T10:13:51","slug":"med-hjartat-for-sodertalje","status":"publish","type":"post","link":"https:\/\/kampanj.lt.se\/idrottsgalan\/med-hjartat-for-sodertalje\/","title":{"rendered":"Med hj\u00e4rtat f\u00f6r S\u00f6dert\u00e4lje"},"content":{"rendered":"<p>[et_pb_section fb_built=&#8221;1&#8243; custom_padding_last_edited=&#8221;off|phone&#8221; module_class=&#8221;brodtext&#8221; _builder_version=&#8221;4.23.4&#8243; _module_preset=&#8221;default&#8221; background_color=&#8221;#f7f9fb&#8221; custom_padding=&#8221;30px||30px||false|false&#8221; custom_padding_tablet=&#8221;50px||50px||true|false&#8221; custom_padding_phone=&#8221;40px||40px||true|false&#8221; global_colors_info=&#8221;{}&#8221;][et_pb_row _builder_version=&#8221;4.23.1&#8243; _module_preset=&#8221;default&#8221; width_tablet=&#8221;80%&#8221; width_phone=&#8221;90%&#8221; width_last_edited=&#8221;on|phone&#8221; max_width=&#8221;640px&#8221; module_alignment=&#8221;center&#8221; custom_margin=&#8221;0px||0px||true|false&#8221; custom_padding=&#8221;0px||0px||true|false&#8221; global_colors_info=&#8221;{}&#8221;][et_pb_column type=&#8221;4_4&#8243; _builder_version=&#8221;4.20.0&#8243; _module_preset=&#8221;default&#8221; global_colors_info=&#8221;{}&#8221;][et_pb_text disabled_on=&#8221;on|on|on&#8221; _builder_version=&#8221;4.23.4&#8243; _module_preset=&#8221;default&#8221; text_font=&#8221;Inter||||||||&#8221; header_5_font=&#8221;Inter|||on|||||&#8221; header_5_text_color=&#8221;#141414&#8243; header_5_font_size=&#8221;14px&#8221; custom_margin=&#8221;||6px||false|false&#8221; disabled=&#8221;on&#8221; global_colors_info=&#8221;{}&#8221;]<\/p>\n<h5>Kr\u00f6nika<\/h5>\n<p>[\/et_pb_text][et_pb_text _builder_version=&#8221;4.27.4&#8243; _module_preset=&#8221;default&#8221; header_font=&#8221;|700|||||||&#8221; header_font_size=&#8221;48px&#8221; custom_margin=&#8221;||0px||false|false&#8221; custom_padding=&#8221;||0px||false|false&#8221; header_font_size_tablet=&#8221;44px&#8221; header_font_size_phone=&#8221;30px&#8221; header_font_size_last_edited=&#8221;on|phone&#8221; custom_css_free_form=&#8221;.citat-blue{||  color:#007CBF;||}||.reg-txt{||  font-weight:normal!important;||}&#8221; global_colors_info=&#8221;{}&#8221;]<\/p>\n<h1><b>Med hj\u00e4rtat f\u00f6r S\u00f6dert\u00e4lje<\/b><\/h1>\n<p>[\/et_pb_text][et_pb_text _builder_version=&#8221;4.27.4&#8243; _dynamic_attributes=&#8221;content&#8221; _module_preset=&#8221;default&#8221; text_font=&#8221;Inter||||||||&#8221; text_text_color=&#8221;#505762&#8243; header_5_font=&#8221;Inter||||||||&#8221; header_5_text_color=&#8221;#505762&#8243; header_5_font_size=&#8221;14px&#8221; custom_margin=&#8221;||14px||false|false&#8221; global_colors_info=&#8221;{}&#8221;]@ET-DC@eyJkeW5hbWljIjp0cnVlLCJjb250ZW50IjoicG9zdF9kYXRlIiwic2V0dGluZ3MiOnsiYmVmb3JlIjoiIiwiYWZ0ZXIiOiIiLCJkYXRlX2Zvcm1hdCI6ImRlZmF1bHQiLCJjdXN0b21fZGF0ZV9mb3JtYXQiOiIifX0=@[\/et_pb_text][et_pb_text _builder_version=&#8221;4.27.4&#8243; _module_preset=&#8221;default&#8221; text_font=&#8221;|700|||||||&#8221; text_text_color=&#8221;#191919&#8243; text_font_size=&#8221;20px&#8221; header_4_font=&#8221;Inter|700|||||||&#8221; header_4_text_color=&#8221;#191919&#8243; header_4_font_size=&#8221;20px&#8221; header_4_line_height=&#8221;1.3em&#8221; custom_margin=&#8221;||0px||false|false&#8221; custom_padding=&#8221;||0px||false|false&#8221; global_colors_info=&#8221;{}&#8221;]<\/p>\n<h4>Som S\u00f6dert\u00e4ljes st\u00f6rsta arbetsgivare \u00e4r det viktigt f\u00f6r Scania att engagera sig i staden p\u00e5 olika s\u00e4tt &#8211; inte minst i den lokala idrotten.<br \/>\u2013 Alla v\u00e5ra initiativ handlar om att forts\u00e4tta att bygga lokalsamh\u00e4llet. S\u00f6dert\u00e4lje ska vara en trygg och attraktiv plats att bo p\u00e5, s\u00e4ger Jeanna T\u00e4llberg, global HR-direkt\u00f6r p\u00e5 Scania.<\/h4>\n<p>[\/et_pb_text][et_pb_text _builder_version=&#8221;4.27.4&#8243; _module_preset=&#8221;default&#8221; text_font=&#8221;Inter||||||||&#8221; text_text_color=&#8221;#141414&#8243; text_font_size=&#8221;16px&#8221; header_6_font_size=&#8221;16px&#8221; header_6_line_height=&#8221;1.3em&#8221; background_color=&#8221;#eff0f2&#8243; custom_margin=&#8221;20px||0px||false|false&#8221; custom_padding=&#8221;14px|20px|14px|20px|true|true&#8221; header_6_line_height_phone=&#8221;1.3em&#8221; header_6_line_height_last_edited=&#8221;off|desktop&#8221; global_colors_info=&#8221;{}&#8221;]<\/p>\n<h6 style=\"padding-bottom: 0px;\"><strong>Inneh\u00e5ll fr\u00e5n Scania<\/strong> &#8211; stolt sponsor till S\u00f6dert\u00e4lje idrottsgala 2025.<\/h6>\n<p>[\/et_pb_text][\/et_pb_column][\/et_pb_row][et_pb_row _builder_version=&#8221;4.23.1&#8243; _module_preset=&#8221;default&#8221; width_tablet=&#8221;100%&#8221; width_phone=&#8221;100%&#8221; width_last_edited=&#8221;on|phone&#8221; max_width=&#8221;950px&#8221; module_alignment=&#8221;center&#8221; custom_padding=&#8221;30px||30px||true|false&#8221; global_colors_info=&#8221;{}&#8221;][et_pb_column type=&#8221;4_4&#8243; _builder_version=&#8221;4.23.1&#8243; _module_preset=&#8221;default&#8221; global_colors_info=&#8221;{}&#8221;][et_pb_image src=&#8221;https:\/\/kampanj.lt.se\/idrottsgalan\/wp-content\/uploads\/2025\/02\/lt-scaniamilen.jpg&#8221; title_text=&#8221;lt-scaniamilen&#8221; _builder_version=&#8221;4.27.4&#8243; _module_preset=&#8221;default&#8221; custom_margin=&#8221;0px||0px||true|false&#8221; custom_padding=&#8221;0px||0px||false|false&#8221; global_colors_info=&#8221;{}&#8221;][\/et_pb_image][et_pb_text _builder_version=&#8221;4.27.4&#8243; _module_preset=&#8221;default&#8221; text_text_color=&#8221;#505762&#8243; text_line_height=&#8221;1.3em&#8221; header_5_font=&#8221;Inter||||||||&#8221; header_5_text_color=&#8221;#505762&#8243; width_tablet=&#8221;80%&#8221; width_phone=&#8221;90%&#8221; width_last_edited=&#8221;on|phone&#8221; module_alignment=&#8221;center&#8221; custom_margin=&#8221;10px||0px||false|false&#8221; custom_padding=&#8221;0px||0px||false|false&#8221; custom_padding_tablet=&#8221;|||20px|false|false&#8221; custom_padding_phone=&#8221;|||20px|false|false&#8221; custom_padding_last_edited=&#8221;off|desktop&#8221; locked=&#8221;off&#8221; global_colors_info=&#8221;{}&#8221;]<\/p>\n<p>Bild: Dan Boman<\/p>\n<p>[\/et_pb_text][et_pb_text disabled_on=&#8221;on|on|on&#8221; _builder_version=&#8221;4.24.2&#8243; _module_preset=&#8221;default&#8221; text_text_color=&#8221;#505762&#8243; text_line_height=&#8221;1.3em&#8221; header_5_font=&#8221;Inter||||||||&#8221; header_5_text_color=&#8221;#505762&#8243; width=&#8221;100%&#8221; width_tablet=&#8221;80%&#8221; width_phone=&#8221;90%&#8221; width_last_edited=&#8221;on|desktop&#8221; module_alignment=&#8221;center&#8221; custom_margin=&#8221;10px||0px||false|false&#8221; custom_padding=&#8221;||||false|false&#8221; custom_padding_tablet=&#8221;|||20px|false|false&#8221; custom_padding_phone=&#8221;|||20px|false|false&#8221; custom_padding_last_edited=&#8221;off|phone&#8221; disabled=&#8221;on&#8221; global_colors_info=&#8221;{}&#8221;]<\/p>\n<p>Bildtext.<\/p>\n<p>[\/et_pb_text][\/et_pb_column][\/et_pb_row][et_pb_row _builder_version=&#8221;4.23.1&#8243; _module_preset=&#8221;default&#8221; width_tablet=&#8221;80%&#8221; width_phone=&#8221;90%&#8221; width_last_edited=&#8221;on|phone&#8221; max_width=&#8221;640px&#8221; module_alignment=&#8221;center&#8221; custom_margin=&#8221;0px||0px||true|false&#8221; custom_padding=&#8221;0px||0px||false|false&#8221; global_colors_info=&#8221;{}&#8221;][et_pb_column type=&#8221;4_4&#8243; _builder_version=&#8221;4.20.0&#8243; _module_preset=&#8221;default&#8221; global_colors_info=&#8221;{}&#8221;][et_pb_text module_class=&#8221;tiempos-txt&#8221; _builder_version=&#8221;4.27.4&#8243; _module_preset=&#8221;default&#8221; text_text_color=&#8221;#191919&#8243; text_font_size=&#8221;18px&#8221; link_font=&#8221;||||||||&#8221; header_2_font_size=&#8221;24px&#8221; width_tablet=&#8221;100%&#8221; width_phone=&#8221;100%&#8221; width_last_edited=&#8221;off|desktop&#8221; custom_padding=&#8221;||||false|false&#8221; header_2_font_size_last_edited=&#8221;off|phone&#8221; custom_css_free_form=&#8221;h2{||  padding-bottom:0px;||  margin-bottom:8px;||}&#8221; global_colors_info=&#8221;{}&#8221;]<\/p>\n<p><a href=\"https:\/\/www.scania.com\/\" target=\"_blank\" rel=\"noopener\">EXTERN L\u00c4NK: L\u00e4s mer om Scania h\u00e4r<\/a><\/p>\n<p>Med sina 18000 medarbetare i S\u00f6dert\u00e4lje \u00e4r Scania en viktig akt\u00f6r i staden.<\/p>\n<p>\u2013 Det som \u00e4r bra f\u00f6r S\u00f6dert\u00e4lje \u00e4r bra f\u00f6r Scania och vice versa. Vi vill bidra till att m\u00e4nniskor trivs h\u00e4r, och ett rikt idrotts- och f\u00f6reningsliv \u00e4r en stor och viktig del i det.<\/p>\n<p>Jeanna T\u00e4llberg \u00e4r S\u00f6dert\u00e4ljebo sedan m\u00e5nga \u00e5r och k\u00e4nner starkt f\u00f6r staden. Hon har ocks\u00e5 varit aktiv i en av idrottsf\u00f6reningarna som lagledare.<\/p>\n<p>\u2013 Jag vet verkligen hur mycket f\u00f6reningslivet betyder &#8211; p\u00e5 s\u00e5 m\u00e5nga s\u00e4tt.<\/p>\n<p>Eftersom Scania har m\u00e5nga anst\u00e4llda som flyttar till S\u00f6dert\u00e4lje p\u00e5 grund av sitt arbete vill man g\u00e4rna bidra till att det finns m\u00f6jlighet \u00e4ven till en meningsfull fritid.<\/p>\n<p>\u2013 En idrottsf\u00f6rening \u00e4r ett fantastiskt bra s\u00e4tt att bli inkluderad och f\u00e5 nya relationer n\u00e4r du \u00e4r ny i en stad eller ny i ett land. Det kommer s\u00e5 mycket bra saker ur det. D\u00e4rf\u00f6r \u00e4r det viktigt f\u00f6r oss att finnas med b\u00e5de i det stora och det lilla.<a href=\"https:\/\/www.scania.com\/group\/en\/home\/about-scania\/scania-in-brief\/partnerships\/sponsorship-and-community-engagement.html\" target=\"_blank\" rel=\"noopener\"><\/a><\/p>\n<p>[\/et_pb_text][et_pb_image src=&#8221;https:\/\/kampanj.lt.se\/idrottsgalan\/wp-content\/uploads\/2025\/02\/lt-scania-jeanna-1.jpg&#8221; title_text=&#8221;lt-scania-jeanna-1&#8243; _builder_version=&#8221;4.27.4&#8243; _module_preset=&#8221;default&#8221; custom_margin=&#8221;25px||10px||false|false&#8221; custom_padding=&#8221;0px||0px||true|false&#8221; global_colors_info=&#8221;{}&#8221;][\/et_pb_image][et_pb_text _builder_version=&#8221;4.27.4&#8243; _module_preset=&#8221;default&#8221; text_text_color=&#8221;#505762&#8243; text_line_height=&#8221;1.3em&#8221; header_5_font=&#8221;Inter||||||||&#8221; header_5_text_color=&#8221;#505762&#8243; width_tablet=&#8221;80%&#8221; width_phone=&#8221;90%&#8221; width_last_edited=&#8221;off|desktop&#8221; module_alignment=&#8221;center&#8221; custom_margin=&#8221;0px||25px||false|false&#8221; custom_padding=&#8221;0px||0px||false|false&#8221; custom_padding_tablet=&#8221;|||20px|false|false&#8221; custom_padding_phone=&#8221;|||20px|false|false&#8221; custom_padding_last_edited=&#8221;off|desktop&#8221; locked=&#8221;off&#8221; global_colors_info=&#8221;{}&#8221;]Jeanna T\u00e4llberg, global HR-direkt\u00f6r p\u00e5 Scania.<br \/>\nBild: Dan Boman[\/et_pb_text][et_pb_text disabled_on=&#8221;on|on|on&#8221; _builder_version=&#8221;4.24.2&#8243; _module_preset=&#8221;default&#8221; text_text_color=&#8221;#505762&#8243; text_line_height=&#8221;1.3em&#8221; header_5_font=&#8221;Inter||||||||&#8221; header_5_text_color=&#8221;#505762&#8243; width_tablet=&#8221;100%&#8221; width_phone=&#8221;100%&#8221; width_last_edited=&#8221;off|desktop&#8221; custom_margin=&#8221;0px||25px||false|false&#8221; custom_padding=&#8221;0px||0px||false|false&#8221; custom_padding_tablet=&#8221;|||20px|false|false&#8221; custom_padding_phone=&#8221;|||20px|false|false&#8221; custom_padding_last_edited=&#8221;off|desktop&#8221; disabled=&#8221;on&#8221; locked=&#8221;off&#8221; global_colors_info=&#8221;{}&#8221;]<\/p>\n<p>Bildtext.<\/p>\n<p>[\/et_pb_text][et_pb_text module_class=&#8221;tiempos-txt&#8221; _builder_version=&#8221;4.27.4&#8243; _module_preset=&#8221;default&#8221; text_text_color=&#8221;#191919&#8243; text_font_size=&#8221;18px&#8221; link_font=&#8221;||||||||&#8221; header_2_font_size=&#8221;24px&#8221; custom_padding=&#8221;||||false|false&#8221; custom_css_free_form=&#8221;h2{||  padding-bottom:0px;||  margin-bottom:8px;||}&#8221; global_colors_info=&#8221;{}&#8221;]<\/p>\n<h2>Hyllar eldsj\u00e4larna<\/h2>\n<p>Scania \u00e4r partner till Idrottsgalan i S\u00f6dert\u00e4lje.<\/p>\n<p>\u2013 Det \u00e4r v\u00e4ldigt roligt att Idrottsgalan kommer till staden. Det \u00e4r en m\u00f6jlighet att uppm\u00e4rksamma idrotten och inte minst alla fantastiska eldsj\u00e4lar som finns i de h\u00e4r f\u00f6reningarna och l\u00e4gger sin sj\u00e4l och hj\u00e4rta i att det ska funka.<\/p>\n<p>Scania har valt att sponsra m\u00e5nga olika idrotter.<\/p>\n<p>\u2013 Vi \u00e4r noga med att v\u00e5rt st\u00f6d till f\u00f6reningarna ska komma bredden till godo. Det \u00e4r viktigt att alla ska f\u00e5 lika f\u00f6ruts\u00e4ttningar, oavsett k\u00f6n, etnicitet och s\u00e5 vidare.<\/p>\n<p>Jeanna T\u00e4llberg s\u00e4ger att m\u00e5ngfald och inkludering \u00e4r en hj\u00e4rtefr\u00e5ga f\u00f6r Scania som f\u00f6retag, och det g\u00e4ller b\u00e5de p\u00e5 arbetsplatsen och de f\u00f6reningar och andra initiativ man v\u00e4ljer att engagera sig i.<\/p>\n<p>\u2013 Det \u00e4r viktigt att vi \u00e4r vassa och bra p\u00e5 dessa fr\u00e5gor. Fordonsindustrin \u00e4r traditionellt en mansdominerad industri och vi ser att vi har ett ansvar att f\u00f6r\u00e4ndra det. De gamla argumenten att tjejer inte \u00e4r intresserade av teknik h\u00e5ller inte l\u00e4ngre. Ju fler perspektiv man har i teamet, desto b\u00e4ttre blir resultatet.<a href=\"https:\/\/www.scania.com\/group\/en\/home\/about-scania\/scania-in-brief\/partnerships\/sponsorship-and-community-engagement.html\" target=\"_blank\" rel=\"noopener\"><\/a><\/p>\n<p>[\/et_pb_text][et_pb_image src=&#8221;https:\/\/kampanj.lt.se\/idrottsgalan\/wp-content\/uploads\/2025\/02\/lt-scania-2.jpg&#8221; title_text=&#8221;lt-scania-2&#8243; _builder_version=&#8221;4.27.4&#8243; _module_preset=&#8221;default&#8221; custom_margin=&#8221;25px||10px||false|false&#8221; custom_padding=&#8221;0px||0px||true|false&#8221; global_colors_info=&#8221;{}&#8221;][\/et_pb_image][et_pb_text _builder_version=&#8221;4.27.4&#8243; _module_preset=&#8221;default&#8221; text_text_color=&#8221;#505762&#8243; text_line_height=&#8221;1.3em&#8221; header_5_font=&#8221;Inter||||||||&#8221; header_5_text_color=&#8221;#505762&#8243; width_tablet=&#8221;80%&#8221; width_phone=&#8221;90%&#8221; width_last_edited=&#8221;off|desktop&#8221; module_alignment=&#8221;center&#8221; custom_margin=&#8221;0px||25px||false|false&#8221; custom_padding=&#8221;0px||0px||false|false&#8221; custom_padding_tablet=&#8221;|||20px|false|false&#8221; custom_padding_phone=&#8221;|||20px|false|false&#8221; custom_padding_last_edited=&#8221;off|desktop&#8221; locked=&#8221;off&#8221; global_colors_info=&#8221;{}&#8221;]<\/p>\n<p>Bild: Dan Boman<\/p>\n<p>[\/et_pb_text][et_pb_text module_class=&#8221;tiempos-txt&#8221; _builder_version=&#8221;4.27.4&#8243; _module_preset=&#8221;default&#8221; text_text_color=&#8221;#191919&#8243; text_font_size=&#8221;18px&#8221; link_font=&#8221;||||||||&#8221; header_2_font_size=&#8221;24px&#8221; width_tablet=&#8221;100%&#8221; width_phone=&#8221;100%&#8221; width_last_edited=&#8221;off|desktop&#8221; custom_padding=&#8221;||||false|false&#8221; header_2_font_size_last_edited=&#8221;off|phone&#8221; custom_css_free_form=&#8221;h2{||  padding-bottom:0px;||  margin-bottom:8px;||}&#8221; global_colors_info=&#8221;{}&#8221;]<\/p>\n<h2>\u201cEn h\u00e4rlig stad\u201d<\/h2>\n<p>\u2013 Det finns s\u00e5 mycket gott i m\u00e5ngfalden som S\u00f6dert\u00e4lje har som ocks\u00e5 speglas hos oss p\u00e5 Scania. Jag tycker det \u00e4r roligt att se hur staden hela tiden utvecklas, och jag tycker verkligen om att bo och leva h\u00e4r.<\/p>\n<p>Jeanna T\u00e4llberg tycker att S\u00f6dert\u00e4lje f\u00e5r of\u00f6rtj\u00e4nt d\u00e5lig uppm\u00e4rksamhet.<\/p>\n<p>\u2013 Det \u00e4r klart att vi har utmaningar h\u00e4r, men det skiljer sig nog inte mycket fr\u00e5n m\u00e5nga andra kommuners utmaningar. Tyv\u00e4rr \u00e4r det l\u00e4tt att allt det fina hamnar i skymundan, men det vill vi som f\u00f6retag vara med att motverka.<\/p>\n<p>\u2013 S\u00f6dert\u00e4lje \u00e4r en h\u00e4rlig stad med ett rikt f\u00f6reningsliv och mycket annat gott. Vi vill g\u00f6ra vad vi kan f\u00f6r att bidra till att forts\u00e4tta st\u00e4rka och lyfta staden!<\/p>\n<p><a href=\"https:\/\/www.scania.com\/group\/en\/home\/about-scania\/scania-in-brief\/partnerships\/sponsorship-and-community-engagement.html\" target=\"_blank\" rel=\"noopener\">EXTERN L\u00c4NK: L\u00e4s mer om Scanias samh\u00e4llsengagemang<\/a>[\/et_pb_text][et_pb_text _builder_version=&#8221;4.27.4&#8243; _module_preset=&#8221;default&#8221; text_text_color=&#8221;#191919&#8243; text_font_size=&#8221;16px&#8221; header_2_font_size=&#8221;24px&#8221; background_color=&#8221;#f0f0f2&#8243; custom_margin=&#8221;30px||||false|false&#8221; custom_padding=&#8221;30px|30px|30px|30px|true|true&#8221; border_radii=&#8221;on|0.5rem|0.5rem|0.5rem|0.5rem&#8221; global_colors_info=&#8221;{}&#8221;]<\/p>\n<h6>FAKTA<\/h6>\n<p>Scanias globala huvudkontor \u00e4r bel\u00e4get i S\u00f6dert\u00e4lje, och h\u00e4r finns majoriteten av bolagets arbetsomr\u00e5den representerade &#8211; fr\u00e5n forskning och utveckling till finansverksamhet och produktion. Cirka 18000 personer \u00e4r anst\u00e4llda i S\u00f6dert\u00e4lje.<\/p>\n<p>Scania \u00e4r partner till Idrottsgalan den 19 februari.<\/p>\n<p><a href=\"https:\/\/sodertalje-idrottsgala-2025.confetti.events\/\" target=\"_blank\" rel=\"noopener\">Biljetter hittar du h\u00e4r.<\/a><\/p>\n<p>[\/et_pb_text][\/et_pb_column][\/et_pb_row][\/et_pb_section]<\/p>\n","protected":false},"excerpt":{"rendered":"<p>Kr\u00f6nikaMed hj\u00e4rtat f\u00f6r S\u00f6dert\u00e4ljeSom S\u00f6dert\u00e4ljes st\u00f6rsta arbetsgivare \u00e4r det viktigt f\u00f6r Scania att engagera sig i staden p\u00e5 olika s\u00e4tt &#8211; inte minst i den lokala idrotten.\u2013 Alla v\u00e5ra initiativ handlar om att forts\u00e4tta att bygga lokalsamh\u00e4llet. S\u00f6dert\u00e4lje ska vara en trygg och attraktiv plats att bo p\u00e5, s\u00e4ger Jeanna T\u00e4llberg, global HR-direkt\u00f6r p\u00e5 Scania.Inneh\u00e5ll [&hellip;]<\/p>\n","protected":false},"author":1,"featured_media":451,"comment_status":"open","ping_status":"open","sticky":false,"template":"","format":"standard","meta":{"_et_pb_use_builder":"on","_et_pb_old_content":"","_et_gb_content_width":"","footnotes":""},"categories":[2],"tags":[],"class_list":["post-441","post","type-post","status-publish","format-standard","has-post-thumbnail","hentry","category-artiklar-2025"],"_links":{"self":[{"href":"https:\/\/kampanj.lt.se\/idrottsgalan\/wp-json\/wp\/v2\/posts\/441","targetHints":{"allow":["GET"]}}],"collection":[{"href":"https:\/\/kampanj.lt.se\/idrottsgalan\/wp-json\/wp\/v2\/posts"}],"about":[{"href":"https:\/\/kampanj.lt.se\/idrottsgalan\/wp-json\/wp\/v2\/types\/post"}],"author":[{"embeddable":true,"href":"https:\/\/kampanj.lt.se\/idrottsgalan\/wp-json\/wp\/v2\/users\/1"}],"replies":[{"embeddable":true,"href":"https:\/\/kampanj.lt.se\/idrottsgalan\/wp-json\/wp\/v2\/comments?post=441"}],"version-history":[{"count":15,"href":"https:\/\/kampanj.lt.se\/idrottsgalan\/wp-json\/wp\/v2\/posts\/441\/revisions"}],"predecessor-version":[{"id":1602,"href":"https:\/\/kampanj.lt.se\/idrottsgalan\/wp-json\/wp\/v2\/posts\/441\/revisions\/1602"}],"wp:featuredmedia":[{"embeddable":true,"href":"https:\/\/kampanj.lt.se\/idrottsgalan\/wp-json\/wp\/v2\/media\/451"}],"wp:attachment":[{"href":"https:\/\/kampanj.lt.se\/idrottsgalan\/wp-json\/wp\/v2\/media?parent=441"}],"wp:term":[{"taxonomy":"category","embeddable":true,"href":"https:\/\/kampanj.lt.se\/idrottsgalan\/wp-json\/wp\/v2\/categories?post=441"},{"taxonomy":"post_tag","embeddable":true,"href":"https:\/\/kampanj.lt.se\/idrottsgalan\/wp-json\/wp\/v2\/tags?post=441"}],"curies":[{"name":"wp","href":"https:\/\/api.w.org\/{rel}","templated":true}]}}