{"id":419,"date":"2025-02-10T06:00:00","date_gmt":"2025-02-10T05:00:00","guid":{"rendered":"https:\/\/kampanj.lt.se\/idrottsgalan\/?p=419"},"modified":"2026-01-22T11:15:41","modified_gmt":"2026-01-22T10:15:41","slug":"telge-vill-ge-sodertaljes-unga-en-meningsfull-fritid","status":"publish","type":"post","link":"https:\/\/kampanj.lt.se\/idrottsgalan\/telge-vill-ge-sodertaljes-unga-en-meningsfull-fritid\/","title":{"rendered":"Telge vill ge S\u00f6dert\u00e4ljes unga en meningsfull fritid"},"content":{"rendered":"<p>[et_pb_section fb_built=&#8221;1&#8243; custom_padding_last_edited=&#8221;off|phone&#8221; module_class=&#8221;brodtext&#8221; _builder_version=&#8221;4.23.4&#8243; _module_preset=&#8221;default&#8221; background_color=&#8221;#f7f9fb&#8221; custom_padding=&#8221;30px||30px||false|false&#8221; custom_padding_tablet=&#8221;50px||50px||true|false&#8221; custom_padding_phone=&#8221;40px||40px||true|false&#8221; global_colors_info=&#8221;{}&#8221;][et_pb_row _builder_version=&#8221;4.23.1&#8243; _module_preset=&#8221;default&#8221; width_tablet=&#8221;80%&#8221; width_phone=&#8221;90%&#8221; width_last_edited=&#8221;on|phone&#8221; max_width=&#8221;640px&#8221; module_alignment=&#8221;center&#8221; custom_margin=&#8221;0px||0px||true|false&#8221; custom_padding=&#8221;0px||0px||true|false&#8221; global_colors_info=&#8221;{}&#8221;][et_pb_column type=&#8221;4_4&#8243; _builder_version=&#8221;4.20.0&#8243; _module_preset=&#8221;default&#8221; global_colors_info=&#8221;{}&#8221;][et_pb_text disabled_on=&#8221;on|on|on&#8221; _builder_version=&#8221;4.23.4&#8243; _module_preset=&#8221;default&#8221; text_font=&#8221;Inter||||||||&#8221; header_5_font=&#8221;Inter|||on|||||&#8221; header_5_text_color=&#8221;#141414&#8243; header_5_font_size=&#8221;14px&#8221; custom_margin=&#8221;||6px||false|false&#8221; disabled=&#8221;on&#8221; global_colors_info=&#8221;{}&#8221;]<\/p>\n<h5>Kr\u00f6nika<\/h5>\n<p>[\/et_pb_text][et_pb_text _builder_version=&#8221;4.27.4&#8243; _module_preset=&#8221;default&#8221; header_font=&#8221;|700|||||||&#8221; header_font_size=&#8221;48px&#8221; custom_margin=&#8221;||0px||false|false&#8221; custom_padding=&#8221;||0px||false|false&#8221; header_font_size_tablet=&#8221;44px&#8221; header_font_size_phone=&#8221;30px&#8221; header_font_size_last_edited=&#8221;on|phone&#8221; custom_css_free_form=&#8221;.citat-blue{||  color:#007CBF;||}||.reg-txt{||  font-weight:normal!important;||}&#8221; global_colors_info=&#8221;{}&#8221;]<\/p>\n<h1><b>Telge vill ge S\u00f6dert\u00e4ljes unga en meningsfull fritid<\/b><\/h1>\n<p>[\/et_pb_text][et_pb_text _builder_version=&#8221;4.27.4&#8243; _dynamic_attributes=&#8221;content&#8221; _module_preset=&#8221;default&#8221; text_font=&#8221;Inter||||||||&#8221; text_text_color=&#8221;#505762&#8243; header_5_font=&#8221;Inter||||||||&#8221; header_5_text_color=&#8221;#505762&#8243; header_5_font_size=&#8221;14px&#8221; custom_margin=&#8221;||14px||false|false&#8221; global_colors_info=&#8221;{}&#8221;]@ET-DC@eyJkeW5hbWljIjp0cnVlLCJjb250ZW50IjoicG9zdF9kYXRlIiwic2V0dGluZ3MiOnsiYmVmb3JlIjoiIiwiYWZ0ZXIiOiIiLCJkYXRlX2Zvcm1hdCI6ImRlZmF1bHQiLCJjdXN0b21fZGF0ZV9mb3JtYXQiOiIifX0=@[\/et_pb_text][et_pb_text _builder_version=&#8221;4.27.4&#8243; _module_preset=&#8221;default&#8221; text_font=&#8221;|700|||||||&#8221; text_text_color=&#8221;#191919&#8243; text_font_size=&#8221;20px&#8221; header_4_font=&#8221;Inter|700|||||||&#8221; header_4_text_color=&#8221;#191919&#8243; header_4_font_size=&#8221;20px&#8221; header_4_line_height=&#8221;1.3em&#8221; custom_margin=&#8221;||0px||false|false&#8221; custom_padding=&#8221;||0px||false|false&#8221; global_colors_info=&#8221;{}&#8221;]<\/p>\n<h4>Gl\u00e4dje, gemenskap, demokrati &#8211; och allas r\u00e4tt att vara med.<\/h4>\n<h4>F\u00f6r Telge \u00e4r det sj\u00e4lvklart att st\u00f6dja idrotten.<\/h4>\n<h4>\u2013 Idrott har m\u00e5nga aspekter och kan bidra med mycket. Som arbetsgivare i S\u00f6dert\u00e4lje ser vi det som sj\u00e4lvklart att st\u00f6tta staden f\u00f6r att m\u00f6jligg\u00f6ra olika idrottsaktiviteter, s\u00e4ger Karin Medin, vd Telge AB och koncernchef.<\/h4>\n<p>[\/et_pb_text][et_pb_text _builder_version=&#8221;4.27.4&#8243; _module_preset=&#8221;default&#8221; text_font=&#8221;Inter||||||||&#8221; text_text_color=&#8221;#141414&#8243; text_font_size=&#8221;16px&#8221; header_6_font_size=&#8221;16px&#8221; header_6_line_height=&#8221;1.3em&#8221; background_color=&#8221;#eff0f2&#8243; custom_margin=&#8221;20px||0px||false|false&#8221; custom_padding=&#8221;14px|20px|14px|20px|true|true&#8221; header_6_line_height_phone=&#8221;1.3em&#8221; header_6_line_height_last_edited=&#8221;off|desktop&#8221; global_colors_info=&#8221;{}&#8221;]<\/p>\n<h6 style=\"padding-bottom: 0px;\"><strong>Inneh\u00e5ll fr\u00e5n Telge AB<\/strong> &#8211; stolt huvudpartner till S\u00f6dert\u00e4lje idrottsgala 2025.<\/h6>\n<p>[\/et_pb_text][\/et_pb_column][\/et_pb_row][et_pb_row _builder_version=&#8221;4.23.1&#8243; _module_preset=&#8221;default&#8221; width_tablet=&#8221;100%&#8221; width_phone=&#8221;100%&#8221; width_last_edited=&#8221;on|phone&#8221; max_width=&#8221;950px&#8221; module_alignment=&#8221;center&#8221; custom_padding=&#8221;30px||30px||true|false&#8221; global_colors_info=&#8221;{}&#8221;][et_pb_column type=&#8221;4_4&#8243; _builder_version=&#8221;4.23.1&#8243; _module_preset=&#8221;default&#8221; global_colors_info=&#8221;{}&#8221;][et_pb_image src=&#8221;https:\/\/kampanj.lt.se\/idrottsgalan\/wp-content\/uploads\/2025\/02\/20240807_150259-scaled-e1738857447620-1024&#215;843.jpg&#8221; title_text=&#8221;20240807_150259&#8243; _builder_version=&#8221;4.27.4&#8243; _module_preset=&#8221;default&#8221; custom_margin=&#8221;0px||0px||true|false&#8221; custom_padding=&#8221;0px||0px||false|false&#8221; global_colors_info=&#8221;{}&#8221;][\/et_pb_image][et_pb_text disabled_on=&#8221;on|on|on&#8221; _builder_version=&#8221;4.24.2&#8243; _module_preset=&#8221;default&#8221; text_text_color=&#8221;#505762&#8243; text_line_height=&#8221;1.3em&#8221; header_5_font=&#8221;Inter||||||||&#8221; header_5_text_color=&#8221;#505762&#8243; width=&#8221;100%&#8221; width_tablet=&#8221;80%&#8221; width_phone=&#8221;90%&#8221; width_last_edited=&#8221;on|desktop&#8221; module_alignment=&#8221;center&#8221; custom_margin=&#8221;10px||0px||false|false&#8221; custom_padding=&#8221;||||false|false&#8221; custom_padding_tablet=&#8221;|||20px|false|false&#8221; custom_padding_phone=&#8221;|||20px|false|false&#8221; custom_padding_last_edited=&#8221;off|phone&#8221; disabled=&#8221;on&#8221; global_colors_info=&#8221;{}&#8221;]<\/p>\n<p>Bildtext.<\/p>\n<p>[\/et_pb_text][\/et_pb_column][\/et_pb_row][et_pb_row _builder_version=&#8221;4.23.1&#8243; _module_preset=&#8221;default&#8221; width_tablet=&#8221;80%&#8221; width_phone=&#8221;90%&#8221; width_last_edited=&#8221;on|phone&#8221; max_width=&#8221;640px&#8221; module_alignment=&#8221;center&#8221; custom_margin=&#8221;0px||0px||true|false&#8221; custom_padding=&#8221;0px||0px||false|false&#8221; global_colors_info=&#8221;{}&#8221;][et_pb_column type=&#8221;4_4&#8243; _builder_version=&#8221;4.20.0&#8243; _module_preset=&#8221;default&#8221; global_colors_info=&#8221;{}&#8221;][et_pb_text module_class=&#8221;tiempos-txt&#8221; _builder_version=&#8221;4.27.4&#8243; _module_preset=&#8221;default&#8221; text_text_color=&#8221;#191919&#8243; text_font_size=&#8221;18px&#8221; link_font=&#8221;||||||||&#8221; header_2_font_size=&#8221;24px&#8221; width_tablet=&#8221;100%&#8221; width_phone=&#8221;100%&#8221; width_last_edited=&#8221;off|desktop&#8221; custom_padding=&#8221;||||false|false&#8221; header_2_font_size_last_edited=&#8221;off|phone&#8221; custom_css_free_form=&#8221;h2{||  padding-bottom:0px;||  margin-bottom:8px;||}&#8221; global_colors_info=&#8221;{}&#8221;]<a href=\"https:\/\/www.telge.se\/om-telge\/sponsring\/\">EXTERN L\u00c4NK: L\u00e4s mer om Telges engagemang h\u00e4r<\/a><\/p>\n<p>N\u00e4r Idrottsgalan kommer till S\u00f6dert\u00e4lje den 19 februari \u00e4r Telge huvudpartner. Men engagemanget f\u00f6r den lokala idrotten finns \u00e5ret om.<\/p>\n<p>\u2013 Ett av v\u00e5ra viktigaste m\u00e5l \u00e4r att S\u00f6dert\u00e4lje ska vara en plats d\u00e4r m\u00e4nniskor, f\u00f6retagare och organisationer m\u00e5r bra, \u00e4r trygga och kan utvecklas, s\u00e4ger Karin Medin, vd Telge AB och koncernchef.<\/p>\n<p>Telge har under m\u00e5nga \u00e5r sponsrat den lokala idrotten. Men det \u00e4r inte en logotyp p\u00e5 v\u00e4ggen i en arena som Telge vill ha, f\u00f6rklarar Karin Medin:<\/p>\n<p>\u2013 F\u00f6r oss handlar det om aktivering fr\u00e5n f\u00f6reningarna vi sponsrar. Vi vill ge s\u00e5 m\u00e5nga barn och unga som m\u00f6jligt chansen att ha roligt, prova p\u00e5 nya saker och f\u00e5 nya kompisar f\u00f6r att skapa mening &#8211; oberoende av deras familjesituation. Idrotten kan \u00e4ven vara en m\u00f6jlighet att l\u00e4ra sig demokratiska v\u00e4rderingar och vi vet ocks\u00e5 att fysisk aktivitet fr\u00e4mjar studieresultaten.<\/p>\n<p>\u2013 Att h\u00e5lla p\u00e5 med idrott ger v\u00e4rdefulla erfarenheter f\u00f6r livet. Man l\u00e4r sig att samarbeta, s\u00e4tta upp m\u00e5l och jobba mot dem, och, inte minst, att b\u00e5de vinna och f\u00f6rlora. Jag har sj\u00e4lv n\u00e4r jag idrottat f\u00e5tt tr\u00e4ning i att vara b\u00e5de en god vinnare och en god f\u00f6rlorare, \u00e4ven om det inte alltid \u00e4r l\u00e4tt.<\/p>\n<p>Telges sponsring som v\u00e4nder sig till barn och unga g\u00f6rs under initiativet Telge hj\u00e4rta. H\u00e4r ing\u00e5r aktiviteter f\u00f6r barn och ungdomar efter skolan och under lov.<\/p>\n<p>\u2013 Under 2024 deltog n\u00e4stan s\u00e5 m\u00e5nga som 10&nbsp;000 barn i olika Telge hj\u00e4rta-aktiviteter, efter skolan och p\u00e5 lov. Som ett kommunal\u00e4gt bolag ser vi det som en betydelsefull investering i barns framtid f\u00f6r att bidra till ett b\u00e4ttre S\u00f6dert\u00e4lje.<\/p>\n<h2>Tryggt och roligt f\u00f6r alla<\/h2>\n<p>Initiativet \u201dTelge hj\u00e4rta efter skolan\u201d sker direkt efter skolan, vid skolan eller i barnens n\u00e4romr\u00e5de.<\/p>\n<p>\u2013 Vi satsar p\u00e5 upplevelser d\u00e4r barn och unga redan \u00e4r. Syftet \u00e4r att det ska k\u00e4nnas tryggt, roligt och tillg\u00e4ngligt.<\/p>\n<p>Under 2024 deltog cirka 5000 barn och ungdomar i \u201dTelge hj\u00e4rta efter skolan\u201d och det var bland annat inom idrotter som innebandy, parkour, futsal och basket.<\/p>\n<p>Ett annat viktigt initiativ \u00e4r \u201dTelge hj\u00e4rta sommar\u201d, d\u00e4r Telge sedan 2012 har erbjudit kostnadsfria aktiviteter under sommaren.<\/p>\n<p>\u2013 F\u00f6rra sommaren deltog 545 barn och den h\u00e4r sommaren har vi ut\u00f6kat till 600 platser, s\u00e4ger Karin Medin.<\/p>\n<p>Nu ser Telge fram emot \u00e5rets stora idrottsfest som \u00e4ger rum i Scaniarinken den 19 februari d\u00e4r priset \u00c5rets Telgehj\u00e4rta kommer att delas ut f\u00f6r f\u00f6rsta g\u00e5ngen. \u00c5rets Telgehj\u00e4rta delas ut av Telge f\u00f6r att hylla den person, f\u00f6rening eller organisation som gjort betydande insatser inom partnerskapet Telge hj\u00e4rta; med m\u00e5l att ge fler barn och unga i S\u00f6dert\u00e4lje en meningsfull fritid.<\/p>\n<p><a href=\"https:\/\/www.telge.se\/om-telge\/sponsring\/\" target=\"_blank\" rel=\"noopener\">EXTERN L\u00c4NK: Telges engagemang f\u00f6r S\u00f6dert\u00e4lje \u00e4r stort &#8211; L\u00e4s mer h\u00e4r<\/a>[\/et_pb_text][et_pb_image src=&#8221;https:\/\/kampanj.lt.se\/idrottsgalan\/wp-content\/uploads\/2025\/02\/karin-medin-sommardans-1024&#215;576.jpg&#8221; title_text=&#8221;karin-medin-sommardans&#8221; _builder_version=&#8221;4.27.4&#8243; _module_preset=&#8221;default&#8221; custom_margin=&#8221;25px||10px||false|false&#8221; custom_padding=&#8221;0px||0px||true|false&#8221; global_colors_info=&#8221;{}&#8221;][\/et_pb_image][et_pb_text disabled_on=&#8221;on|on|on&#8221; _builder_version=&#8221;4.24.2&#8243; _module_preset=&#8221;default&#8221; text_text_color=&#8221;#505762&#8243; text_line_height=&#8221;1.3em&#8221; header_5_font=&#8221;Inter||||||||&#8221; header_5_text_color=&#8221;#505762&#8243; width_tablet=&#8221;100%&#8221; width_phone=&#8221;100%&#8221; width_last_edited=&#8221;off|desktop&#8221; custom_margin=&#8221;0px||25px||false|false&#8221; custom_padding=&#8221;0px||0px||false|false&#8221; custom_padding_tablet=&#8221;|||20px|false|false&#8221; custom_padding_phone=&#8221;|||20px|false|false&#8221; custom_padding_last_edited=&#8221;off|desktop&#8221; disabled=&#8221;on&#8221; locked=&#8221;off&#8221; global_colors_info=&#8221;{}&#8221;]<\/p>\n<p>Bildtext.<\/p>\n<p>[\/et_pb_text][et_pb_text _builder_version=&#8221;4.27.4&#8243; _module_preset=&#8221;default&#8221; text_text_color=&#8221;#191919&#8243; text_font_size=&#8221;16px&#8221; header_2_font_size=&#8221;24px&#8221; background_color=&#8221;#f0f0f2&#8243; custom_padding=&#8221;30px|30px|30px|30px|true|true&#8221; border_radii=&#8221;on|0.5rem|0.5rem|0.5rem|0.5rem&#8221; global_colors_info=&#8221;{}&#8221;]<\/p>\n<h6>FAKTA<\/h6>\n<p>Telge \u00e4gs av S\u00f6dert\u00e4lje kommun och \u00e4r till f\u00f6r alla som bor och verkar i S\u00f6dert\u00e4lje. Koncernen best\u00e5r av moderbolaget Telge AB samt Telge Bost\u00e4der, Telge Fastigheter, Telge N\u00e4t, Telge Ink\u00f6p, Telge Tillv\u00e4xt, Telge \u00c5tervinning, Tom Tits Experiment och S\u00f6dert\u00e4lje Hamn. Cirka 800 personer arbetar inom Telgekoncernen.<\/p>\n<p>Telge \u00e4r huvudpartner till Idrottsgalan i S\u00f6dert\u00e4lje den 19 februari, d\u00e4r lokala idrottsprestationer och f\u00f6reningslivet lyfts fram och hyllas under en helkv\u00e4ll i Scaniarinken.<\/p>\n<p><a href=\"https:\/\/sodertalje-idrottsgala-2025.confetti.events\/\" target=\"_blank\" rel=\"noopener\">Biljetter hittar du h\u00e4r.<\/a><\/p>\n<p>[\/et_pb_text][\/et_pb_column][\/et_pb_row][\/et_pb_section]<\/p>\n","protected":false},"excerpt":{"rendered":"<p>Gl\u00e4dje, gemenskap, demokrati &#8211; och allas r\u00e4tt att vara med.<br \/>\nF\u00f6r Telge \u00e4r det sj\u00e4lvklart att st\u00f6dja S\u00f6dert\u00e4ljeidrotten.<br \/>\n\u2013 Idrott har m\u00e5nga aspekter och kan bidra med mycket. Som arbetsgivare i S\u00f6dert\u00e4lje ser vi det som sj\u00e4lvklart att st\u00f6tta staden f\u00f6r att m\u00f6jligg\u00f6ra olika idrottsaktiviteter, s\u00e4ger Karin Medin, vd Telge AB och koncernchef.<\/p>\n","protected":false},"author":1,"featured_media":424,"comment_status":"open","ping_status":"open","sticky":false,"template":"","format":"standard","meta":{"_et_pb_use_builder":"on","_et_pb_old_content":"","_et_gb_content_width":"","footnotes":""},"categories":[2],"tags":[],"class_list":["post-419","post","type-post","status-publish","format-standard","has-post-thumbnail","hentry","category-artiklar-2025"],"_links":{"self":[{"href":"https:\/\/kampanj.lt.se\/idrottsgalan\/wp-json\/wp\/v2\/posts\/419","targetHints":{"allow":["GET"]}}],"collection":[{"href":"https:\/\/kampanj.lt.se\/idrottsgalan\/wp-json\/wp\/v2\/posts"}],"about":[{"href":"https:\/\/kampanj.lt.se\/idrottsgalan\/wp-json\/wp\/v2\/types\/post"}],"author":[{"embeddable":true,"href":"https:\/\/kampanj.lt.se\/idrottsgalan\/wp-json\/wp\/v2\/users\/1"}],"replies":[{"embeddable":true,"href":"https:\/\/kampanj.lt.se\/idrottsgalan\/wp-json\/wp\/v2\/comments?post=419"}],"version-history":[{"count":11,"href":"https:\/\/kampanj.lt.se\/idrottsgalan\/wp-json\/wp\/v2\/posts\/419\/revisions"}],"predecessor-version":[{"id":1605,"href":"https:\/\/kampanj.lt.se\/idrottsgalan\/wp-json\/wp\/v2\/posts\/419\/revisions\/1605"}],"wp:featuredmedia":[{"embeddable":true,"href":"https:\/\/kampanj.lt.se\/idrottsgalan\/wp-json\/wp\/v2\/media\/424"}],"wp:attachment":[{"href":"https:\/\/kampanj.lt.se\/idrottsgalan\/wp-json\/wp\/v2\/media?parent=419"}],"wp:term":[{"taxonomy":"category","embeddable":true,"href":"https:\/\/kampanj.lt.se\/idrottsgalan\/wp-json\/wp\/v2\/categories?post=419"},{"taxonomy":"post_tag","embeddable":true,"href":"https:\/\/kampanj.lt.se\/idrottsgalan\/wp-json\/wp\/v2\/tags?post=419"}],"curies":[{"name":"wp","href":"https:\/\/api.w.org\/{rel}","templated":true}]}}