{"id":392,"date":"2025-02-07T06:00:00","date_gmt":"2025-02-07T05:00:00","guid":{"rendered":"https:\/\/kampanj.lt.se\/idrottsgalan\/?p=392"},"modified":"2026-01-22T11:15:59","modified_gmt":"2026-01-22T10:15:59","slug":"uppsving-for-spontanidrotten","status":"publish","type":"post","link":"https:\/\/kampanj.lt.se\/idrottsgalan\/uppsving-for-spontanidrotten\/","title":{"rendered":"Uppsving f\u00f6r spontanidrotten"},"content":{"rendered":"<p>[et_pb_section fb_built=&#8221;1&#8243; custom_padding_last_edited=&#8221;off|phone&#8221; module_class=&#8221;brodtext&#8221; _builder_version=&#8221;4.23.4&#8243; _module_preset=&#8221;default&#8221; background_color=&#8221;#f7f9fb&#8221; custom_padding=&#8221;30px||30px||false|false&#8221; custom_padding_tablet=&#8221;50px||50px||true|false&#8221; custom_padding_phone=&#8221;40px||40px||true|false&#8221; global_colors_info=&#8221;{}&#8221;][et_pb_row _builder_version=&#8221;4.27.4&#8243; _module_preset=&#8221;default&#8221; width_tablet=&#8221;80%&#8221; width_phone=&#8221;90%&#8221; width_last_edited=&#8221;on|phone&#8221; max_width=&#8221;640px&#8221; module_alignment=&#8221;center&#8221; custom_margin=&#8221;0px||0px||true|false&#8221; custom_padding=&#8221;0px||0px||true|false&#8221; global_colors_info=&#8221;{}&#8221;][et_pb_column type=&#8221;4_4&#8243; _builder_version=&#8221;4.20.0&#8243; _module_preset=&#8221;default&#8221; global_colors_info=&#8221;{}&#8221;][et_pb_text disabled_on=&#8221;on|on|on&#8221; _builder_version=&#8221;4.23.4&#8243; _module_preset=&#8221;default&#8221; text_font=&#8221;Inter||||||||&#8221; header_5_font=&#8221;Inter|||on|||||&#8221; header_5_text_color=&#8221;#141414&#8243; header_5_font_size=&#8221;14px&#8221; custom_margin=&#8221;||6px||false|false&#8221; disabled=&#8221;on&#8221; global_colors_info=&#8221;{}&#8221;]<\/p>\n<h5>Kr\u00f6nika<\/h5>\n<p>[\/et_pb_text][et_pb_text _builder_version=&#8221;4.27.4&#8243; _module_preset=&#8221;default&#8221; header_font=&#8221;|700|||||||&#8221; header_font_size=&#8221;44px&#8221; custom_margin=&#8221;||0px||false|false&#8221; custom_padding=&#8221;||0px||false|false&#8221; header_font_size_tablet=&#8221;42px&#8221; header_font_size_phone=&#8221;32px&#8221; header_font_size_last_edited=&#8221;on|phone&#8221; custom_css_free_form=&#8221;.citat-blue{||  color:#007CBF;||}||.reg-txt{||  font-weight:normal!important;||}&#8221; global_colors_info=&#8221;{}&#8221;]<\/p>\n<h1><b>Uppsving f\u00f6r spontanidrotten<\/b><\/h1>\n<p>[\/et_pb_text][et_pb_text _builder_version=&#8221;4.27.4&#8243; _dynamic_attributes=&#8221;content&#8221; _module_preset=&#8221;default&#8221; text_font=&#8221;Inter||||||||&#8221; text_text_color=&#8221;#505762&#8243; header_5_font=&#8221;Inter||||||||&#8221; header_5_text_color=&#8221;#505762&#8243; header_5_font_size=&#8221;14px&#8221; custom_margin=&#8221;||14px||false|false&#8221; global_colors_info=&#8221;{}&#8221;]@ET-DC@eyJkeW5hbWljIjp0cnVlLCJjb250ZW50IjoicG9zdF9kYXRlIiwic2V0dGluZ3MiOnsiYmVmb3JlIjoiIiwiYWZ0ZXIiOiIiLCJkYXRlX2Zvcm1hdCI6ImRlZmF1bHQiLCJjdXN0b21fZGF0ZV9mb3JtYXQiOiIifX0=@[\/et_pb_text][et_pb_text _builder_version=&#8221;4.27.4&#8243; _module_preset=&#8221;default&#8221; text_font=&#8221;|700|||||||&#8221; text_text_color=&#8221;#191919&#8243; text_font_size=&#8221;20px&#8221; header_4_font=&#8221;Inter|700|||||||&#8221; header_4_text_color=&#8221;#191919&#8243; header_4_font_size=&#8221;20px&#8221; header_4_line_height=&#8221;1.3em&#8221; custom_margin=&#8221;||0px||false|false&#8221; custom_padding=&#8221;||0px||false|false&#8221; global_colors_info=&#8221;{}&#8221;]<\/p>\n<h4>S\u00f6dert\u00e4lje har tillsammans med Saltex skapat m\u00e5nga fina idrottsytor i kommunen. Och det finns planer f\u00f6r fler.<\/h4>\n<h4>\u2013 Det \u00e4r mycket p\u00e5 g\u00e5ng med nya multi- och konstgr\u00e4sytor i kommunen. Staden satsar verkligen p\u00e5 idrotten, s\u00e4ger Christian Cerna, s\u00e4ljare och ansvarig f\u00f6r utomhusmilj\u00f6er p\u00e5 Saltex.<\/h4>\n<p>[\/et_pb_text][et_pb_text _builder_version=&#8221;4.27.4&#8243; _module_preset=&#8221;default&#8221; text_font=&#8221;Inter||||||||&#8221; text_text_color=&#8221;#141414&#8243; text_font_size=&#8221;16px&#8221; header_6_font_size=&#8221;16px&#8221; header_6_line_height=&#8221;1.3em&#8221; background_color=&#8221;#eff0f2&#8243; custom_margin=&#8221;20px||0px||false|false&#8221; custom_padding=&#8221;14px|20px|14px|20px|true|true&#8221; header_6_line_height_phone=&#8221;1.3em&#8221; header_6_line_height_last_edited=&#8221;off|desktop&#8221; global_colors_info=&#8221;{}&#8221;]<\/p>\n<h6 style=\"padding-bottom: 0px;\"><strong>Inneh\u00e5ll fr\u00e5n Saltex<\/strong> &#8211; stolt partner till S\u00f6dert\u00e4lje idrottsgala 2025.<\/h6>\n<p>[\/et_pb_text][\/et_pb_column][\/et_pb_row][et_pb_row _builder_version=&#8221;4.23.1&#8243; _module_preset=&#8221;default&#8221; width_tablet=&#8221;100%&#8221; width_phone=&#8221;100%&#8221; width_last_edited=&#8221;on|phone&#8221; max_width=&#8221;950px&#8221; module_alignment=&#8221;center&#8221; custom_padding=&#8221;30px||30px||true|false&#8221; global_colors_info=&#8221;{}&#8221;][et_pb_column type=&#8221;4_4&#8243; _builder_version=&#8221;4.23.1&#8243; _module_preset=&#8221;default&#8221; global_colors_info=&#8221;{}&#8221;][et_pb_image src=&#8221;https:\/\/kampanj.lt.se\/idrottsgalan\/wp-content\/uploads\/2025\/02\/Nydala-multiyta-1-1024&#215;576.jpg&#8221; title_text=&#8221;Nydala multiyta&#8221; _builder_version=&#8221;4.27.4&#8243; _module_preset=&#8221;default&#8221; custom_margin=&#8221;0px||0px||true|false&#8221; custom_padding=&#8221;0px||0px||false|false&#8221; global_colors_info=&#8221;{}&#8221;][\/et_pb_image][et_pb_text _builder_version=&#8221;4.27.4&#8243; _module_preset=&#8221;default&#8221; text_text_color=&#8221;#505762&#8243; text_line_height=&#8221;1.3em&#8221; header_5_font=&#8221;Inter||||||||&#8221; header_5_text_color=&#8221;#505762&#8243; width_tablet=&#8221;80%&#8221; width_phone=&#8221;90%&#8221; width_last_edited=&#8221;on|phone&#8221; module_alignment=&#8221;center&#8221; custom_margin=&#8221;10px||0px||false|false&#8221; custom_padding=&#8221;0px||0px||false|false&#8221; custom_padding_tablet=&#8221;|||20px|false|false&#8221; custom_padding_phone=&#8221;|||20px|false|false&#8221; custom_padding_last_edited=&#8221;off|desktop&#8221; locked=&#8221;off&#8221; global_colors_info=&#8221;{}&#8221;]<\/p>\n<p>Nydala Multiyta<\/p>\n<p>[\/et_pb_text][et_pb_text disabled_on=&#8221;on|on|on&#8221; _builder_version=&#8221;4.24.2&#8243; _module_preset=&#8221;default&#8221; text_text_color=&#8221;#505762&#8243; text_line_height=&#8221;1.3em&#8221; header_5_font=&#8221;Inter||||||||&#8221; header_5_text_color=&#8221;#505762&#8243; width=&#8221;100%&#8221; width_tablet=&#8221;80%&#8221; width_phone=&#8221;90%&#8221; width_last_edited=&#8221;on|desktop&#8221; module_alignment=&#8221;center&#8221; custom_margin=&#8221;10px||0px||false|false&#8221; custom_padding=&#8221;||||false|false&#8221; custom_padding_tablet=&#8221;|||20px|false|false&#8221; custom_padding_phone=&#8221;|||20px|false|false&#8221; custom_padding_last_edited=&#8221;off|phone&#8221; disabled=&#8221;on&#8221; global_colors_info=&#8221;{}&#8221;]<\/p>\n<p>Bildtext.<\/p>\n<p>[\/et_pb_text][\/et_pb_column][\/et_pb_row][et_pb_row _builder_version=&#8221;4.23.1&#8243; _module_preset=&#8221;default&#8221; width_tablet=&#8221;80%&#8221; width_phone=&#8221;90%&#8221; width_last_edited=&#8221;on|phone&#8221; max_width=&#8221;640px&#8221; module_alignment=&#8221;center&#8221; custom_margin=&#8221;0px||0px||true|false&#8221; custom_padding=&#8221;0px||0px||false|false&#8221; global_colors_info=&#8221;{}&#8221;][et_pb_column type=&#8221;4_4&#8243; _builder_version=&#8221;4.20.0&#8243; _module_preset=&#8221;default&#8221; global_colors_info=&#8221;{}&#8221;][et_pb_text module_class=&#8221;tiempos-txt&#8221; _builder_version=&#8221;4.27.4&#8243; _module_preset=&#8221;default&#8221; text_text_color=&#8221;#191919&#8243; text_font_size=&#8221;18px&#8221; link_font=&#8221;||||||||&#8221; header_2_font_size=&#8221;24px&#8221; width_tablet=&#8221;100%&#8221; width_phone=&#8221;100%&#8221; width_last_edited=&#8221;off|desktop&#8221; custom_padding=&#8221;||||false|false&#8221; header_2_font_size_last_edited=&#8221;off|phone&#8221; custom_css_free_form=&#8221;h2{||  padding-bottom:0px;||  margin-bottom:8px;||}&#8221; global_colors_info=&#8221;{}&#8221;]<\/p>\n<p><a href=\"https:\/\/saltex.eu\/sv\/om-saltex\">EXTERN L\u00c4NK: L\u00e4s mer om Saltex h\u00e4r<\/a><\/p>\n<p>Ungdomar \u00e4r stillasittande minst \u00e5tta timmar om dagen, enligt en unders\u00f6kning som Folkh\u00e4lsomyndigheten gjorde i fjol. I samband med studien gjordes \u00e4ven djupintervjuer d\u00e4r ungdomarna sj\u00e4lva fick uppge varf\u00f6r. N\u00e5gra av anledningarna var sociala medier, kroppskomplex, d\u00e5lig ekonomi och upplevd otrygghet.<\/p>\n<p>F\u00f6r att v\u00e4nda trenden skapar S\u00f6dert\u00e4lje kommun utomhusplatser f\u00f6r b\u00e5de spontan och organiserad idrott, i n\u00e4ra samarbete med Saltex.<\/p>\n<p>\u2013 Att f\u00e5 barn och unga i r\u00f6relse \u00e4r grunden till att m\u00e5 bra. V\u00e5ra projekt i S\u00f6dert\u00e4lje &#8211; fr\u00e5n renoverade idrottsplatser till nya multiytor &#8211; bidrar till just det, s\u00e4ger Martin Svedstam, ansvarig f\u00f6r konstgr\u00e4sprojekt p\u00e5 Saltex.<\/p>\n<p>Han lyfter S\u00f6dert\u00e4ljes lyh\u00f6rdhet och vilja att lyssna som ett framg\u00e5ngsrecept:<\/p>\n<p>\u2013 Vi fungerar som ett bollplank och hj\u00e4lper kommuner att hitta r\u00e4tt l\u00f6sningar. Vi har gjort ett flertal projekt och vet vad som fungerar. Tillsammans g\u00f6r vi r\u00e4tt val som kommer inv\u00e5narna till gagn.<\/p>\n<p>[\/et_pb_text][et_pb_image src=&#8221;https:\/\/kampanj.lt.se\/idrottsgalan\/wp-content\/uploads\/2025\/02\/Geneta-multiyta-1-1024&#215;576.jpg&#8221; title_text=&#8221;Geneta Multiyta&#8221; _builder_version=&#8221;4.27.4&#8243; _module_preset=&#8221;default&#8221; custom_margin=&#8221;25px||25px||true|false&#8221; custom_padding=&#8221;0px||0px||true|false&#8221; custom_css_main_element=&#8221;padding-bottom:15px;&#8221; custom_css_after=&#8221;content: %22Geneta Multiyta%22;||position: relative;||top: 13px;&#8221; global_colors_info=&#8221;{}&#8221;][\/et_pb_image][et_pb_text disabled_on=&#8221;on|on|on&#8221; _builder_version=&#8221;4.24.2&#8243; _module_preset=&#8221;default&#8221; text_text_color=&#8221;#505762&#8243; text_line_height=&#8221;1.3em&#8221; header_5_font=&#8221;Inter||||||||&#8221; header_5_text_color=&#8221;#505762&#8243; width_tablet=&#8221;100%&#8221; width_phone=&#8221;100%&#8221; width_last_edited=&#8221;off|desktop&#8221; custom_margin=&#8221;0px||25px||false|false&#8221; custom_padding=&#8221;0px||0px||false|false&#8221; custom_padding_tablet=&#8221;|||20px|false|false&#8221; custom_padding_phone=&#8221;|||20px|false|false&#8221; custom_padding_last_edited=&#8221;off|desktop&#8221; disabled=&#8221;on&#8221; locked=&#8221;off&#8221; global_colors_info=&#8221;{}&#8221;]<\/p>\n<p>Bildtext.<\/p>\n<p>[\/et_pb_text][et_pb_text module_class=&#8221;tiempos-txt&#8221; _builder_version=&#8221;4.27.4&#8243; _module_preset=&#8221;default&#8221; text_text_color=&#8221;#191919&#8243; text_font_size=&#8221;18px&#8221; link_font=&#8221;||||||||&#8221; header_2_font_size=&#8221;24px&#8221; custom_padding=&#8221;||||false|false&#8221; custom_css_free_form=&#8221;h2{||  padding-bottom:0px;||  margin-bottom:8px;||}&#8221; global_colors_info=&#8221;{}&#8221;]<\/p>\n<h2>Spontanidrotten blomstrar vid Geneta och Brunns\u00e4ng<\/h2>\n<p>Exempel p\u00e5 projekt som Saltex har varit delaktiga i \u00e4r Brunns\u00e4ngs IP och M\u00e5nskensrinken. Vid Wasa Sportf\u00e4lt har Saltex dessutom gjort om grusytor som stod tomma till en multiyta.<\/p>\n<p>De senaste projekten \u00e4r Nydala spontanidrottsplats, med bland annat en fotbollsplan, basketplan och en rink d\u00e4r man spolar is p\u00e5 vintern, samt en multiyta i Geneta.<\/p>\n<p>\u2013 Multiytan i Nydala blev v\u00e4ldigt lyckad. D\u00e4r har vi till och med problemet att vissa grannar klagar f\u00f6r att det \u00e4r f\u00f6r mycket barn p\u00e5 ytorna.<\/p>\n<p>\u2013 Multiytan i Geneta anv\u00e4nds av skolan och \u00e4r s\u00e5 popul\u00e4r att barn och ungdomar har skapat egna k\u00f6system. De vill vara p\u00e5 den h\u00e4r ytan hela tiden, s\u00e4ger Christian Cerna.<\/p>\n<p>&nbsp;<\/p>\n<h2>S\u00f6dert\u00e4lje och Saltex i h\u00e5llbart samarbete<\/h2>\n<p>Sedan EU beslutade att begr\u00e4nsa anv\u00e4ndandet av gummigranulat fr\u00e5n 2031 har S\u00f6dert\u00e4lje g\u00e5tt f\u00f6re genom att byta till Saltex\u2019s milj\u00f6v\u00e4nliga infill, BioFlex Eco.<\/p>\n<p>\u2013 S\u00f6dert\u00e4lje har helt slutat anv\u00e4nda mikroplaster i nya konstgr\u00e4splaner, s\u00e4ger Martin Svedstam.<\/p>\n<p>Christian Cerna och Martin Svedstam betonar vikten av att skapa idrottsytor som \u00e4r \u00f6ppna f\u00f6r allm\u00e4nheten, d\u00e4r n\u00e4sta generation kan idrotta spontant utan krav p\u00e5 tr\u00e4nare eller medlemskap.<\/p>\n<p>\u2013 En av f\u00e5 saker som fortfarande \u00e4r gratis i livet f\u00f6r ungdomarna \u00e4r att anv\u00e4nda n\u00e5gon av de h\u00e4r idrottsplatserna. Konstgr\u00e4set g\u00f6r det dessutom m\u00f6jligt att spela \u00e5ret runt, s\u00e4ger Martin Svedstam.<\/p>\n<p>F\u00f6r Christian Cerna \u00e4r arbetet mer \u00e4n bara att s\u00e4lja idrottsytor \u2013 det handlar om att skapa f\u00f6ruts\u00e4ttningar f\u00f6r r\u00f6relse och v\u00e4lm\u00e5ende.<\/p>\n<p>\u2013 En krona investerad i r\u00f6relse ger fem kronor tillbaka till en kommun. Det k\u00e4nns verkligen bra att kunna bidra, och nu ser vi fram emot att ta oss an fler projekt i S\u00f6dert\u00e4lje.<\/p>\n<h2><\/h2>\n<h2><\/h2>\n<p>[\/et_pb_text][et_pb_image src=&#8221;https:\/\/kampanj.lt.se\/idrottsgalan\/wp-content\/uploads\/2025\/02\/cerna-och-svedstam.jpg&#8221; alt=&#8221;Christian Cerna och Martin Svedstam&#8221; title_text=&#8221;cerna-och-svedstam&#8221; _builder_version=&#8221;4.27.4&#8243; _module_preset=&#8221;default&#8221; custom_margin=&#8221;25px||25px||true|false&#8221; custom_padding=&#8221;0px||0px||true|false&#8221; custom_css_main_element=&#8221;padding-bottom:15px;&#8221; custom_css_after=&#8221;content: %22Christian Cerna och Martin Svedstam%22;||position: relative;||top: 13px;||&#8221; global_colors_info=&#8221;{}&#8221;][\/et_pb_image][et_pb_text module_class=&#8221;tiempos-txt&#8221; _builder_version=&#8221;4.27.4&#8243; _module_preset=&#8221;default&#8221; text_text_color=&#8221;#191919&#8243; text_font_size=&#8221;18px&#8221; link_font=&#8221;||||||||&#8221; header_2_font_size=&#8221;24px&#8221; custom_padding=&#8221;||||false|false&#8221; custom_css_free_form=&#8221;h2{||  padding-bottom:0px;||  margin-bottom:8px;||}&#8221; global_colors_info=&#8221;{}&#8221;]<\/p>\n<p><a href=\"https:\/\/saltex.eu\/sv\/om-saltex\">EXTERN L\u00c4NK: Unika konstgr\u00e4sl\u00f6sningar &#8211; L\u00e4s mer om Saltex h\u00e4r<\/a><\/p>\n<h2><\/h2>\n<p>[\/et_pb_text][et_pb_text _builder_version=&#8221;4.27.4&#8243; _module_preset=&#8221;default&#8221; text_text_color=&#8221;#191919&#8243; text_font_size=&#8221;16px&#8221; header_2_font_size=&#8221;24px&#8221; background_color=&#8221;#eff0f2&#8243; custom_margin=&#8221;30px||||false|false&#8221; custom_padding=&#8221;30px|30px|30px|30px|true|true&#8221; border_radii=&#8221;on|0.5rem|0.5rem|0.5rem|0.5rem&#8221; global_colors_info=&#8221;{}&#8221;]<\/p>\n<h6>FAKTA<\/h6>\n<h2>Saltex<\/h2>\n<p>Saltex \u00e4r en ledande producent av konstgr\u00e4s och attraktiva och inspirerande utomhusmilj\u00f6er. Saltex har varit en n\u00e4ra samarbetspartner till S\u00f6dert\u00e4lje kommun sedan 2012 och har bidragit till flera projekt, som renoveringen av S\u00f6dert\u00e4lje IP, Geneta IP och M\u00e5nskensrinken.<\/p>\n<p>Saltex \u00e4r partner till Idrottsgalan 2025 i S\u00f6dert\u00e4lje. <a href=\"https:\/\/sodertalje-idrottsgala-2025.confetti.events\/\" target=\"_blank\" rel=\"noopener\">Biljetter hittar du h\u00e4r.<\/a><\/p>\n<p>[\/et_pb_text][\/et_pb_column][\/et_pb_row][\/et_pb_section]<\/p>\n","protected":false},"excerpt":{"rendered":"<p>S\u00f6dert\u00e4lje har tillsammans med Saltex skapat m\u00e5nga fina idrottsytor i kommunen. Och det finns planer f\u00f6r fler.<br \/>\n\u2013 Det \u00e4r mycket p\u00e5 g\u00e5ng med nya multi- och konstgr\u00e4sytor i kommunen. Staden satsar verkligen p\u00e5 idrotten, s\u00e4ger Christian Cerna, s\u00e4ljare och ansvarig f\u00f6r utomhusmilj\u00f6er p\u00e5 Saltex.<\/p>\n","protected":false},"author":1,"featured_media":404,"comment_status":"open","ping_status":"open","sticky":false,"template":"","format":"standard","meta":{"_et_pb_use_builder":"on","_et_pb_old_content":"","_et_gb_content_width":"","footnotes":""},"categories":[2],"tags":[],"class_list":["post-392","post","type-post","status-publish","format-standard","has-post-thumbnail","hentry","category-artiklar-2025"],"_links":{"self":[{"href":"https:\/\/kampanj.lt.se\/idrottsgalan\/wp-json\/wp\/v2\/posts\/392","targetHints":{"allow":["GET"]}}],"collection":[{"href":"https:\/\/kampanj.lt.se\/idrottsgalan\/wp-json\/wp\/v2\/posts"}],"about":[{"href":"https:\/\/kampanj.lt.se\/idrottsgalan\/wp-json\/wp\/v2\/types\/post"}],"author":[{"embeddable":true,"href":"https:\/\/kampanj.lt.se\/idrottsgalan\/wp-json\/wp\/v2\/users\/1"}],"replies":[{"embeddable":true,"href":"https:\/\/kampanj.lt.se\/idrottsgalan\/wp-json\/wp\/v2\/comments?post=392"}],"version-history":[{"count":14,"href":"https:\/\/kampanj.lt.se\/idrottsgalan\/wp-json\/wp\/v2\/posts\/392\/revisions"}],"predecessor-version":[{"id":1607,"href":"https:\/\/kampanj.lt.se\/idrottsgalan\/wp-json\/wp\/v2\/posts\/392\/revisions\/1607"}],"wp:featuredmedia":[{"embeddable":true,"href":"https:\/\/kampanj.lt.se\/idrottsgalan\/wp-json\/wp\/v2\/media\/404"}],"wp:attachment":[{"href":"https:\/\/kampanj.lt.se\/idrottsgalan\/wp-json\/wp\/v2\/media?parent=392"}],"wp:term":[{"taxonomy":"category","embeddable":true,"href":"https:\/\/kampanj.lt.se\/idrottsgalan\/wp-json\/wp\/v2\/categories?post=392"},{"taxonomy":"post_tag","embeddable":true,"href":"https:\/\/kampanj.lt.se\/idrottsgalan\/wp-json\/wp\/v2\/tags?post=392"}],"curies":[{"name":"wp","href":"https:\/\/api.w.org\/{rel}","templated":true}]}}