{"id":366,"date":"2025-01-31T13:59:32","date_gmt":"2025-01-31T12:59:32","guid":{"rendered":"https:\/\/kampanj.lt.se\/idrottsgalan\/?p=366"},"modified":"2026-01-22T11:16:09","modified_gmt":"2026-01-22T10:16:09","slug":"skalman-rutinen-som-tagit-alexander-till-varldstoppen","status":"publish","type":"post","link":"https:\/\/kampanj.lt.se\/idrottsgalan\/skalman-rutinen-som-tagit-alexander-till-varldstoppen\/","title":{"rendered":"Skalman-rutinen som tagit Alexander till v\u00e4rldstoppen"},"content":{"rendered":"<p>[et_pb_section fb_built=&#8221;1&#8243; custom_padding_last_edited=&#8221;off|phone&#8221; module_class=&#8221;brodtext&#8221; _builder_version=&#8221;4.23.4&#8243; _module_preset=&#8221;default&#8221; background_color=&#8221;#f7f9fb&#8221; custom_padding=&#8221;30px||30px||false|false&#8221; custom_padding_tablet=&#8221;50px||50px||true|false&#8221; custom_padding_phone=&#8221;40px||40px||true|false&#8221; global_colors_info=&#8221;{}&#8221;][et_pb_row _builder_version=&#8221;4.23.1&#8243; _module_preset=&#8221;default&#8221; width_tablet=&#8221;80%&#8221; width_phone=&#8221;90%&#8221; width_last_edited=&#8221;on|phone&#8221; max_width=&#8221;640px&#8221; module_alignment=&#8221;center&#8221; custom_margin=&#8221;0px||0px||true|false&#8221; custom_padding=&#8221;0px||0px||true|false&#8221; global_colors_info=&#8221;{}&#8221;][et_pb_column type=&#8221;4_4&#8243; _builder_version=&#8221;4.20.0&#8243; _module_preset=&#8221;default&#8221; global_colors_info=&#8221;{}&#8221;][et_pb_text disabled_on=&#8221;on|on|on&#8221; _builder_version=&#8221;4.23.4&#8243; _module_preset=&#8221;default&#8221; text_font=&#8221;Inter||||||||&#8221; header_5_font=&#8221;Inter|||on|||||&#8221; header_5_text_color=&#8221;#141414&#8243; header_5_font_size=&#8221;14px&#8221; custom_margin=&#8221;||6px||false|false&#8221; disabled=&#8221;on&#8221; global_colors_info=&#8221;{}&#8221;]<\/p>\n<h5>Kr\u00f6nika<\/h5>\n<p>[\/et_pb_text][et_pb_text _builder_version=&#8221;4.27.4&#8243; _module_preset=&#8221;default&#8221; header_font=&#8221;|700|||||||&#8221; header_font_size=&#8221;45px&#8221; custom_margin=&#8221;||0px||false|false&#8221; custom_padding=&#8221;||0px||false|false&#8221; header_font_size_tablet=&#8221;42px&#8221; header_font_size_phone=&#8221;30px&#8221; header_font_size_last_edited=&#8221;on|phone&#8221; custom_css_free_form=&#8221;.citat-blue{||  color:#007CBF;||}||.reg-txt{||  font-weight:normal!important;||}&#8221; global_colors_info=&#8221;{}&#8221;]<\/p>\n<h1>Skalman-rutinen som tagit Alexander till v\u00e4rldstoppen<\/h1>\n<p>[\/et_pb_text][et_pb_text _builder_version=&#8221;4.27.4&#8243; _dynamic_attributes=&#8221;content&#8221; _module_preset=&#8221;default&#8221; text_font=&#8221;Inter||||||||&#8221; text_text_color=&#8221;#505762&#8243; header_5_font=&#8221;Inter||||||||&#8221; header_5_text_color=&#8221;#505762&#8243; header_5_font_size=&#8221;14px&#8221; custom_margin=&#8221;||14px||false|false&#8221; global_colors_info=&#8221;{}&#8221;]@ET-DC@eyJkeW5hbWljIjp0cnVlLCJjb250ZW50IjoicG9zdF9kYXRlIiwic2V0dGluZ3MiOnsiYmVmb3JlIjoiIiwiYWZ0ZXIiOiIiLCJkYXRlX2Zvcm1hdCI6ImRlZmF1bHQiLCJjdXN0b21fZGF0ZV9mb3JtYXQiOiIifX0=@[\/et_pb_text][et_pb_text _builder_version=&#8221;4.27.4&#8243; _module_preset=&#8221;default&#8221; text_font=&#8221;|700|||||||&#8221; text_text_color=&#8221;#191919&#8243; text_font_size=&#8221;20px&#8221; header_4_font=&#8221;Inter|700|||||||&#8221; header_4_text_color=&#8221;#191919&#8243; header_4_font_size=&#8221;20px&#8221; header_4_line_height=&#8221;1.3em&#8221; custom_margin=&#8221;||0px||false|false&#8221; custom_padding=&#8221;||0px||false|false&#8221; global_colors_info=&#8221;{}&#8221;]<\/p>\n<h4>Vad v\u00e4ger tyngst \u2013 305 kilo i marklyft eller budgetar i miljardklassen?<br \/>F\u00f6r Alexander Eriksson \u00e4r svaret enkelt: b\u00e5da.<br \/>Hans dubbelliv som v\u00e4rldsm\u00e4stare i styrkelyft och Finance Business Partner kr\u00e4ver lika mycket fokus som styrka.<\/h4>\n<p>[\/et_pb_text][et_pb_text _builder_version=&#8221;4.27.4&#8243; _module_preset=&#8221;default&#8221; text_font=&#8221;Inter||||||||&#8221; text_text_color=&#8221;#141414&#8243; text_font_size=&#8221;16px&#8221; header_6_font_size=&#8221;16px&#8221; header_6_line_height=&#8221;1.3em&#8221; background_color=&#8221;#eff0f2&#8243; custom_margin=&#8221;20px||0px||false|false&#8221; custom_padding=&#8221;14px|20px|14px|20px|true|true&#8221; header_6_line_height_phone=&#8221;1.3em&#8221; header_6_line_height_last_edited=&#8221;off|desktop&#8221; global_colors_info=&#8221;{}&#8221;]<\/p>\n<h6 style=\"padding-bottom: 0px;\"><strong>Inneh\u00e5ll fr\u00e5n AstraZeneca<\/strong> &#8211; stolt partner till S\u00f6dert\u00e4lje idrottsgala 2025.<\/h6>\n<p>[\/et_pb_text][\/et_pb_column][\/et_pb_row][et_pb_row _builder_version=&#8221;4.23.1&#8243; _module_preset=&#8221;default&#8221; width_tablet=&#8221;100%&#8221; width_phone=&#8221;100%&#8221; width_last_edited=&#8221;on|phone&#8221; max_width=&#8221;950px&#8221; module_alignment=&#8221;center&#8221; custom_padding=&#8221;30px||30px||true|false&#8221; global_colors_info=&#8221;{}&#8221;][et_pb_column type=&#8221;4_4&#8243; _builder_version=&#8221;4.23.1&#8243; _module_preset=&#8221;default&#8221; global_colors_info=&#8221;{}&#8221;][et_pb_image src=&#8221;https:\/\/kampanj.lt.se\/idrottsgalan\/wp-content\/uploads\/2025\/01\/lt-astrazeneca-alex-eriksson-1.jpg&#8221; title_text=&#8221;lt-astrazeneca-alex-eriksson-1&#8243; _builder_version=&#8221;4.27.4&#8243; _module_preset=&#8221;default&#8221; custom_margin=&#8221;0px||0px||true|false&#8221; custom_padding=&#8221;0px||0px||false|false&#8221; global_colors_info=&#8221;{}&#8221;][\/et_pb_image][et_pb_text _builder_version=&#8221;4.27.4&#8243; _module_preset=&#8221;default&#8221; text_text_color=&#8221;#505762&#8243; text_line_height=&#8221;1.3em&#8221; header_5_font=&#8221;Inter||||||||&#8221; header_5_text_color=&#8221;#505762&#8243; width_tablet=&#8221;80%&#8221; width_phone=&#8221;90%&#8221; width_last_edited=&#8221;on|phone&#8221; module_alignment=&#8221;center&#8221; custom_margin=&#8221;10px||0px||false|false&#8221; custom_padding=&#8221;0px||0px||false|false&#8221; custom_padding_tablet=&#8221;|||20px|false|false&#8221; custom_padding_phone=&#8221;|||20px|false|false&#8221; custom_padding_last_edited=&#8221;off|desktop&#8221; locked=&#8221;off&#8221; global_colors_info=&#8221;{}&#8221;]Alexander Eriksson, Finance Business Partner p\u00e5 AstraZeneca och v\u00e4rldsm\u00e4stare i styrkelyft.[\/et_pb_text][et_pb_text disabled_on=&#8221;on|on|on&#8221; _builder_version=&#8221;4.24.2&#8243; _module_preset=&#8221;default&#8221; text_text_color=&#8221;#505762&#8243; text_line_height=&#8221;1.3em&#8221; header_5_font=&#8221;Inter||||||||&#8221; header_5_text_color=&#8221;#505762&#8243; width=&#8221;100%&#8221; width_tablet=&#8221;80%&#8221; width_phone=&#8221;90%&#8221; width_last_edited=&#8221;on|desktop&#8221; module_alignment=&#8221;center&#8221; custom_margin=&#8221;10px||0px||false|false&#8221; custom_padding=&#8221;||||false|false&#8221; custom_padding_tablet=&#8221;|||20px|false|false&#8221; custom_padding_phone=&#8221;|||20px|false|false&#8221; custom_padding_last_edited=&#8221;off|phone&#8221; disabled=&#8221;on&#8221; global_colors_info=&#8221;{}&#8221;]<\/p>\n<p>Bildtext.<\/p>\n<p>[\/et_pb_text][\/et_pb_column][\/et_pb_row][et_pb_row _builder_version=&#8221;4.23.1&#8243; _module_preset=&#8221;default&#8221; width_tablet=&#8221;80%&#8221; width_phone=&#8221;90%&#8221; width_last_edited=&#8221;on|phone&#8221; max_width=&#8221;640px&#8221; module_alignment=&#8221;center&#8221; custom_margin=&#8221;0px||0px||true|false&#8221; custom_padding=&#8221;0px||0px||false|false&#8221; global_colors_info=&#8221;{}&#8221;][et_pb_column type=&#8221;4_4&#8243; _builder_version=&#8221;4.20.0&#8243; _module_preset=&#8221;default&#8221; global_colors_info=&#8221;{}&#8221;][et_pb_text module_class=&#8221;tiempos-txt&#8221; _builder_version=&#8221;4.27.4&#8243; _module_preset=&#8221;default&#8221; text_text_color=&#8221;#191919&#8243; text_font_size=&#8221;18px&#8221; link_font=&#8221;||||||||&#8221; header_2_font_size=&#8221;24px&#8221; width_tablet=&#8221;100%&#8221; width_phone=&#8221;100%&#8221; width_last_edited=&#8221;off|desktop&#8221; custom_padding=&#8221;||||false|false&#8221; header_2_font_size_last_edited=&#8221;off|phone&#8221; custom_css_free_form=&#8221;h2{||  padding-bottom:0px;||  margin-bottom:8px;||}&#8221; global_colors_info=&#8221;{}&#8221;]<\/p>\n<p><a href=\"https:\/\/www.astrazeneca.se\/\" target=\"_blank\" rel=\"noopener\">EXTERN L\u00c4NK: L\u00e4s mer om AstraZeneca h\u00e4r<\/a><\/p>\n<p>Alexander Eriksson \u00e4r van vid att balansera tv\u00e5 kr\u00e4vande karri\u00e4rer. Som Finance Business Partner p\u00e5 AstraZeneca arbetar han med strategiska fr\u00e5gor kring ekonomi och verksamhetsutveckling. Efter jobbet v\u00e4ntar tunga lyft \u2013 b\u00e5de bokstavligt och bildligt.<\/p>\n<p>\u2013 Min idrottssatsning har hj\u00e4lpt mig i min karri\u00e4r och vice versa. Tr\u00e4ningen g\u00f6r mig mer produktiv p\u00e5 jobbet och har l\u00e4rt mig att prioritera och s\u00e4tta tydliga m\u00e5l. Arbetslivet har gett mig struktur och ett strategiskt t\u00e4nkande som jag har nytta av i sporten.<\/p>\n<p>Kombinationen elitidrott\/arbetsliv kr\u00e4ver noggrann planering.<\/p>\n<p>\u2013 F\u00f6r mig finns inget som heter \u201djag har inte tid\u201d eller \u201ddet g\u00e5r inte att kombinera\u201d. Det handlar om att vara \u00e4rlig mot sig sj\u00e4lv. Just nu &#8211; i det h\u00e4r skedet av livet &#8211; har jag valt att prioritera styrkelyft, min karri\u00e4r och min fru.<a href=\"https:\/\/www.astrazeneca.se\/\" target=\"_blank\" rel=\"noopener\"><\/a><\/p>\n<p>[\/et_pb_text][et_pb_image src=&#8221;https:\/\/kampanj.lt.se\/idrottsgalan\/wp-content\/uploads\/2025\/01\/lt-astrazeneca-alex-eriksson-2.jpg&#8221; title_text=&#8221;lt-astrazeneca-alex-eriksson-2&#8243; _builder_version=&#8221;4.27.4&#8243; _module_preset=&#8221;default&#8221; custom_margin=&#8221;25px||25px||true|false&#8221; custom_padding=&#8221;0px||0px||true|false&#8221; global_colors_info=&#8221;{}&#8221;][\/et_pb_image][et_pb_text disabled_on=&#8221;on|on|on&#8221; _builder_version=&#8221;4.24.2&#8243; _module_preset=&#8221;default&#8221; text_text_color=&#8221;#505762&#8243; text_line_height=&#8221;1.3em&#8221; header_5_font=&#8221;Inter||||||||&#8221; header_5_text_color=&#8221;#505762&#8243; width_tablet=&#8221;100%&#8221; width_phone=&#8221;100%&#8221; width_last_edited=&#8221;off|desktop&#8221; custom_margin=&#8221;0px||25px||false|false&#8221; custom_padding=&#8221;0px||0px||false|false&#8221; custom_padding_tablet=&#8221;|||20px|false|false&#8221; custom_padding_phone=&#8221;|||20px|false|false&#8221; custom_padding_last_edited=&#8221;off|desktop&#8221; disabled=&#8221;on&#8221; locked=&#8221;off&#8221; global_colors_info=&#8221;{}&#8221;]<\/p>\n<p>Bildtext.<\/p>\n<p>[\/et_pb_text][et_pb_text module_class=&#8221;tiempos-txt&#8221; _builder_version=&#8221;4.27.4&#8243; _module_preset=&#8221;default&#8221; text_text_color=&#8221;#191919&#8243; text_font_size=&#8221;18px&#8221; link_font=&#8221;||||||||&#8221; header_2_font_size=&#8221;24px&#8221; custom_padding=&#8221;||||false|false&#8221; custom_css_free_form=&#8221;h2{||  padding-bottom:0px;||  margin-bottom:8px;||}&#8221; global_colors_info=&#8221;{}&#8221;]<\/p>\n<h2>V\u00e4rldsm\u00e4stare med stort st\u00f6d<\/h2>\n<p>Att f\u00e5 ihop vardagen kr\u00e4ver disciplin \u2013 n\u00e5got Alexander Eriksson har utvecklat till perfektion.<\/p>\n<p>\u2013 Jag brukar skoja och s\u00e4ga att jag lever \u201dSkalmanlivet\u201d. Jag f\u00f6ljer en tydlig rutin med mat- och sovklocka. P\u00e5 morgonen tar jag ett isbad, sen jobbar jag med att f\u00f6rb\u00e4ttra finansprocesser, och p\u00e5 kv\u00e4llen tr\u00e4nar jag p\u00e5 gymmet i tv\u00e5-tre timmar. Det blir inte mycket tid \u00f6ver f\u00f6r Netflix.<\/p>\n<p>Nyligen blev Alexander Eriksson v\u00e4rldsm\u00e4stare i 66-kilosklassen i utrustad styrkelyft. Med 290 kilo i kn\u00e4b\u00f6j, 207,5 kilo i b\u00e4nkpress och ett sista, avg\u00f6rande lyft p\u00e5 305 kilo i marklyft gick han om tv\u00e5 konkurrenter och s\u00e4krade guldet \u2013 till kollegornas stora jubel.<\/p>\n<p>\u2013 Min chef tog upp det p\u00e5 en av AstraZenecas Business Updates inf\u00f6r hela fabriken, och jag \u00e4r s\u00e5 tacksam f\u00f6r alla kollegor som gratulerade och st\u00e4llde fr\u00e5gor om t\u00e4vlingen efter\u00e5t. St\u00f6det betyder mycket.<\/p>\n<h2>Viktig st\u00f6ttning g\u00f6r det m\u00f6jligt<\/h2>\n<p>P\u00e5 AstraZeneca har han &#8211; tack vare st\u00f6ttande och f\u00f6rst\u00e5ende chefer &#8211; f\u00e5tt m\u00f6jlighet att pussla ihop schemat kring tr\u00e4ning och t\u00e4vlingar.<\/p>\n<p>\u2013 Det handlar om att ge och ta. Mitt ansvar \u00e4r att meddela och planera i god tid s\u00e5 att teamet kan leverera.<\/p>\n<p>Tillsammans med sin fru Matilda Vilmar, som ocks\u00e5 tog medalj p\u00e5 VM, siktar Alexander Eriksson nu mot World Games i Chengdu, Kina.<\/p>\n<p>\u2013 Vi har som m\u00e5l att ta varsitt guld.<\/p>\n<h2><\/h2>\n<h2><\/h2>\n<p>[\/et_pb_text][et_pb_image src=&#8221;https:\/\/kampanj.lt.se\/idrottsgalan\/wp-content\/uploads\/2025\/01\/lt-astrazeneca-alex-eriksson-3.jpg&#8221; title_text=&#8221;lt-astrazeneca-alex-eriksson-3&#8243; _builder_version=&#8221;4.27.4&#8243; _module_preset=&#8221;default&#8221; custom_margin=&#8221;25px||25px||true|false&#8221; custom_padding=&#8221;0px||0px||true|false&#8221; global_colors_info=&#8221;{}&#8221;][\/et_pb_image][et_pb_text module_class=&#8221;tiempos-txt&#8221; _builder_version=&#8221;4.27.4&#8243; _module_preset=&#8221;default&#8221; text_text_color=&#8221;#191919&#8243; text_font_size=&#8221;18px&#8221; link_font=&#8221;||||||||&#8221; header_2_font_size=&#8221;24px&#8221; custom_padding=&#8221;||||false|false&#8221; custom_css_free_form=&#8221;h2{||  padding-bottom:0px;||  margin-bottom:8px;||}&#8221; global_colors_info=&#8221;{}&#8221;]<\/p>\n<h2>Stolt, engagerad arbetsgivare<\/h2>\n<p>Anna S\u00f6derman \u00e4r HR-chef p\u00e5 AstraZeneca i Sverige:<\/p>\n<p>\u2013 Vi \u00e4r oerh\u00f6rt stolta \u00f6ver att kunna erbjuda v\u00e5ra medarbetare m\u00f6jligheten att kombinera en elitsatsning inom idrott med en karri\u00e4r hos AstraZeneca. Vi str\u00e4var efter att v\u00e5ra medarbetare ska kunna vara sitt hela jag p\u00e5 jobbet och verkligen inkludera hela sin person och passion.<\/p>\n<p>\u2013 V\u00e5ra medarbetare, som Alexander, symboliserar v\u00e5ra v\u00e4rderingar och visar upp det driv och engagemang som vi s\u00e4tter stort v\u00e4rde p\u00e5. Idrott spelar en avg\u00f6rande roll i barn och ungdomars utveckling genom att skapa gemenskap och sammanhang som ger en meningsfull fritid, d\u00e4r de kan v\u00e4xa och utvecklas tillsammans genom ett delat intresse som dessutom st\u00e4rker deras v\u00e4lm\u00e5ende och h\u00e4lsa.<\/p>\n<p><a href=\"https:\/\/www.astrazeneca.se\/\" target=\"_blank\" rel=\"noopener\">EXTERN L\u00c4NK: L\u00e4s mer om AstraZeneca h\u00e4r<\/a><\/p>\n<h2><\/h2>\n<p>[\/et_pb_text][et_pb_text _builder_version=&#8221;4.27.4&#8243; _module_preset=&#8221;default&#8221; text_text_color=&#8221;#191919&#8243; text_font_size=&#8221;16px&#8221; header_2_font_size=&#8221;24px&#8221; background_color=&#8221;#eff0f2&#8243; custom_margin=&#8221;30px||||false|false&#8221; custom_padding=&#8221;30px|30px|30px|30px|true|true&#8221; border_radii=&#8221;on|0.5rem|0.5rem|0.5rem|0.5rem&#8221; global_colors_info=&#8221;{}&#8221;]<\/p>\n<h6>FAKTA<\/h6>\n<h2>AstraZeneca<\/h2>\n<p>AstraZeneca \u00e4r ett globalt ledande l\u00e4kemedelsf\u00f6retag och ett av Sveriges st\u00f6rsta exportf\u00f6retag med 8 000 anst\u00e4llda inom forskning, tillverkning och f\u00f6rs\u00e4ljning i Sverige.<\/p>\n<p>I S\u00f6dert\u00e4lje finns en av v\u00e4rldens st\u00f6rsta och mest h\u00f6gteknologiska produktionsanl\u00e4ggningar f\u00f6r l\u00e4kemedel. I G\u00f6teborg ligger ett av AstraZenecas strategiska globala forskningscentra och huvudkontoret f\u00f6r det nordiska marknadsbolaget \u00e4r bel\u00e4get i Stockholm.<\/p>\n<p>AstraZeneca \u00e4r partner till Idrottsgalan 2025 i S\u00f6dert\u00e4lje. <a href=\"https:\/\/sodertalje-idrottsgala-2025.confetti.events\/\" target=\"_blank\" rel=\"noopener\">Biljetter hittar du h\u00e4r.<\/a><\/p>\n<p>[\/et_pb_text][\/et_pb_column][\/et_pb_row][\/et_pb_section]<\/p>\n","protected":false},"excerpt":{"rendered":"<p>Kr\u00f6nikaSkalman-rutinen som tagit Alexander till v\u00e4rldstoppenVad v\u00e4ger tyngst \u2013 305 kilo i marklyft eller budgetar i miljardklassen?F\u00f6r Alexander Eriksson \u00e4r svaret enkelt: b\u00e5da.Hans dubbelliv som v\u00e4rldsm\u00e4stare i styrkelyft och Finance Business Partner kr\u00e4ver lika mycket fokus som styrka.Inneh\u00e5ll fr\u00e5n AstraZeneca &#8211; stolt partner till S\u00f6dert\u00e4lje idrottsgala 2025.Alexander Eriksson, Finance Business Partner p\u00e5 AstraZeneca och v\u00e4rldsm\u00e4stare [&hellip;]<\/p>\n","protected":false},"author":1,"featured_media":380,"comment_status":"open","ping_status":"open","sticky":false,"template":"","format":"standard","meta":{"_et_pb_use_builder":"on","_et_pb_old_content":"","_et_gb_content_width":"","footnotes":""},"categories":[2],"tags":[],"class_list":["post-366","post","type-post","status-publish","format-standard","has-post-thumbnail","hentry","category-artiklar-2025"],"_links":{"self":[{"href":"https:\/\/kampanj.lt.se\/idrottsgalan\/wp-json\/wp\/v2\/posts\/366","targetHints":{"allow":["GET"]}}],"collection":[{"href":"https:\/\/kampanj.lt.se\/idrottsgalan\/wp-json\/wp\/v2\/posts"}],"about":[{"href":"https:\/\/kampanj.lt.se\/idrottsgalan\/wp-json\/wp\/v2\/types\/post"}],"author":[{"embeddable":true,"href":"https:\/\/kampanj.lt.se\/idrottsgalan\/wp-json\/wp\/v2\/users\/1"}],"replies":[{"embeddable":true,"href":"https:\/\/kampanj.lt.se\/idrottsgalan\/wp-json\/wp\/v2\/comments?post=366"}],"version-history":[{"count":16,"href":"https:\/\/kampanj.lt.se\/idrottsgalan\/wp-json\/wp\/v2\/posts\/366\/revisions"}],"predecessor-version":[{"id":1609,"href":"https:\/\/kampanj.lt.se\/idrottsgalan\/wp-json\/wp\/v2\/posts\/366\/revisions\/1609"}],"wp:featuredmedia":[{"embeddable":true,"href":"https:\/\/kampanj.lt.se\/idrottsgalan\/wp-json\/wp\/v2\/media\/380"}],"wp:attachment":[{"href":"https:\/\/kampanj.lt.se\/idrottsgalan\/wp-json\/wp\/v2\/media?parent=366"}],"wp:term":[{"taxonomy":"category","embeddable":true,"href":"https:\/\/kampanj.lt.se\/idrottsgalan\/wp-json\/wp\/v2\/categories?post=366"},{"taxonomy":"post_tag","embeddable":true,"href":"https:\/\/kampanj.lt.se\/idrottsgalan\/wp-json\/wp\/v2\/tags?post=366"}],"curies":[{"name":"wp","href":"https:\/\/api.w.org\/{rel}","templated":true}]}}