{"id":343,"date":"2025-01-30T09:40:11","date_gmt":"2025-01-30T08:40:11","guid":{"rendered":"https:\/\/kampanj.lt.se\/idrottsgalan\/?p=343"},"modified":"2026-01-22T11:16:28","modified_gmt":"2026-01-22T10:16:28","slug":"bjorcks-kor-for-sodertalje-vi-brinner-for-idrotten","status":"publish","type":"post","link":"https:\/\/kampanj.lt.se\/idrottsgalan\/bjorcks-kor-for-sodertalje-vi-brinner-for-idrotten\/","title":{"rendered":"Bj\u00f6rcks k\u00f6r f\u00f6r S\u00f6dert\u00e4lje &#8211; \u201cVi brinner f\u00f6r idrotten\u201d"},"content":{"rendered":"<p>[et_pb_section fb_built=&#8221;1&#8243; custom_padding_last_edited=&#8221;off|phone&#8221; module_class=&#8221;brodtext&#8221; _builder_version=&#8221;4.23.4&#8243; _module_preset=&#8221;default&#8221; background_color=&#8221;#f7f9fb&#8221; custom_padding=&#8221;30px||30px||false|false&#8221; custom_padding_tablet=&#8221;50px||50px||true|false&#8221; custom_padding_phone=&#8221;40px||40px||true|false&#8221; global_colors_info=&#8221;{}&#8221;][et_pb_row _builder_version=&#8221;4.23.1&#8243; _module_preset=&#8221;default&#8221; width_tablet=&#8221;80%&#8221; width_phone=&#8221;90%&#8221; width_last_edited=&#8221;on|phone&#8221; max_width=&#8221;640px&#8221; module_alignment=&#8221;center&#8221; custom_margin=&#8221;0px||0px||true|false&#8221; custom_padding=&#8221;0px||0px||true|false&#8221; global_colors_info=&#8221;{}&#8221;][et_pb_column type=&#8221;4_4&#8243; _builder_version=&#8221;4.20.0&#8243; _module_preset=&#8221;default&#8221; global_colors_info=&#8221;{}&#8221;][et_pb_text disabled_on=&#8221;on|on|on&#8221; _builder_version=&#8221;4.23.4&#8243; _module_preset=&#8221;default&#8221; text_font=&#8221;Inter||||||||&#8221; header_5_font=&#8221;Inter|||on|||||&#8221; header_5_text_color=&#8221;#141414&#8243; header_5_font_size=&#8221;14px&#8221; custom_margin=&#8221;||6px||false|false&#8221; disabled=&#8221;on&#8221; global_colors_info=&#8221;{}&#8221;]<\/p>\n<h5>Kr\u00f6nika<\/h5>\n<p>[\/et_pb_text][et_pb_text _builder_version=&#8221;4.27.4&#8243; _module_preset=&#8221;default&#8221; header_font=&#8221;|700|||||||&#8221; header_font_size=&#8221;46px&#8221; custom_margin=&#8221;||0px||false|false&#8221; custom_padding=&#8221;||0px||false|false&#8221; header_font_size_tablet=&#8221;43px&#8221; header_font_size_phone=&#8221;32px&#8221; header_font_size_last_edited=&#8221;on|phone&#8221; custom_css_free_form=&#8221;.citat-blue{||  color:#007CBF;||}||.reg-txt{||  font-weight:normal!important;||}&#8221; global_colors_info=&#8221;{}&#8221;]<\/p>\n<h1>Bj\u00f6rcks k\u00f6r f\u00f6r S\u00f6dert\u00e4lje &#8211; \u201cVi brinner f\u00f6r idrotten\u201d<\/h1>\n<p>[\/et_pb_text][et_pb_text _builder_version=&#8221;4.27.4&#8243; _dynamic_attributes=&#8221;content&#8221; _module_preset=&#8221;default&#8221; text_font=&#8221;Inter||||||||&#8221; text_text_color=&#8221;#505762&#8243; header_5_font=&#8221;Inter||||||||&#8221; header_5_text_color=&#8221;#505762&#8243; header_5_font_size=&#8221;14px&#8221; custom_margin=&#8221;||14px||false|false&#8221; global_colors_info=&#8221;{}&#8221;]@ET-DC@eyJkeW5hbWljIjp0cnVlLCJjb250ZW50IjoicG9zdF9kYXRlIiwic2V0dGluZ3MiOnsiYmVmb3JlIjoiIiwiYWZ0ZXIiOiIiLCJkYXRlX2Zvcm1hdCI6ImRlZmF1bHQiLCJjdXN0b21fZGF0ZV9mb3JtYXQiOiIifX0=@[\/et_pb_text][et_pb_text _builder_version=&#8221;4.27.4&#8243; _module_preset=&#8221;default&#8221; text_font=&#8221;|700|||||||&#8221; text_text_color=&#8221;#191919&#8243; text_font_size=&#8221;20px&#8221; header_4_font=&#8221;Inter|700|||||||&#8221; header_4_text_color=&#8221;#191919&#8243; header_4_font_size=&#8221;20px&#8221; header_4_line_height=&#8221;1.3em&#8221; custom_margin=&#8221;||0px||false|false&#8221; custom_padding=&#8221;||0px||false|false&#8221; global_colors_info=&#8221;{}&#8221;]<\/p>\n<h4>S\u00f6dert\u00e4ljeidrottens eget resebolag k\u00f6r f\u00f6r fullt &#8211; mot ett nytt, sp\u00e4ckat idrotts\u00e5r.<br \/>\u2013 Vi bryr oss verkligen om S\u00f6dert\u00e4lje. Vi har avtal med de flesta f\u00f6reningar och brinner f\u00f6r att bidra till idrotten i staden, s\u00e4ger Tomas Bj\u00f6rck, vd och huvud\u00e4gare av familjef\u00f6retaget Bj\u00f6rcks Resor.<\/h4>\n<p>[\/et_pb_text][et_pb_text _builder_version=&#8221;4.27.4&#8243; _module_preset=&#8221;default&#8221; text_font=&#8221;Inter||||||||&#8221; text_text_color=&#8221;#141414&#8243; text_font_size=&#8221;16px&#8221; header_6_font_size=&#8221;16px&#8221; header_6_line_height=&#8221;1.3em&#8221; background_color=&#8221;#eff0f2&#8243; custom_margin=&#8221;20px||0px||false|false&#8221; custom_padding=&#8221;14px|20px|14px|20px|true|true&#8221; header_6_line_height_phone=&#8221;1.3em&#8221; header_6_line_height_last_edited=&#8221;off|desktop&#8221; global_colors_info=&#8221;{}&#8221;]<\/p>\n<h6 style=\"padding-bottom: 0px;\"><strong>Inneh\u00e5ll fr\u00e5n Bj\u00f6rcks Resor<\/strong> &#8211; stolt partner till S\u00f6dert\u00e4lje idrottsgala 2025.<\/h6>\n<p>[\/et_pb_text][\/et_pb_column][\/et_pb_row][et_pb_row _builder_version=&#8221;4.23.1&#8243; _module_preset=&#8221;default&#8221; width_tablet=&#8221;100%&#8221; width_phone=&#8221;100%&#8221; width_last_edited=&#8221;on|phone&#8221; max_width=&#8221;950px&#8221; module_alignment=&#8221;center&#8221; custom_padding=&#8221;30px||30px||true|false&#8221; global_colors_info=&#8221;{}&#8221;][et_pb_column type=&#8221;4_4&#8243; _builder_version=&#8221;4.23.1&#8243; _module_preset=&#8221;default&#8221; global_colors_info=&#8221;{}&#8221;][et_pb_image src=&#8221;https:\/\/kampanj.lt.se\/idrottsgalan\/wp-content\/uploads\/2025\/01\/lt-bjorcks-1.jpg&#8221; title_text=&#8221;lt-bjorcks-1&#8243; _builder_version=&#8221;4.27.4&#8243; _module_preset=&#8221;default&#8221; custom_margin=&#8221;0px||0px||true|false&#8221; custom_padding=&#8221;0px||0px||false|false&#8221; global_colors_info=&#8221;{}&#8221;][\/et_pb_image][et_pb_text disabled_on=&#8221;on|on|on&#8221; _builder_version=&#8221;4.24.2&#8243; _module_preset=&#8221;default&#8221; text_text_color=&#8221;#505762&#8243; text_line_height=&#8221;1.3em&#8221; header_5_font=&#8221;Inter||||||||&#8221; header_5_text_color=&#8221;#505762&#8243; width=&#8221;100%&#8221; width_tablet=&#8221;80%&#8221; width_phone=&#8221;90%&#8221; width_last_edited=&#8221;on|desktop&#8221; module_alignment=&#8221;center&#8221; custom_margin=&#8221;10px||0px||false|false&#8221; custom_padding=&#8221;||||false|false&#8221; custom_padding_tablet=&#8221;|||20px|false|false&#8221; custom_padding_phone=&#8221;|||20px|false|false&#8221; custom_padding_last_edited=&#8221;off|phone&#8221; disabled=&#8221;on&#8221; global_colors_info=&#8221;{}&#8221;]<\/p>\n<p>Bildtext.<\/p>\n<p>[\/et_pb_text][\/et_pb_column][\/et_pb_row][et_pb_row _builder_version=&#8221;4.23.1&#8243; _module_preset=&#8221;default&#8221; width_tablet=&#8221;80%&#8221; width_phone=&#8221;90%&#8221; width_last_edited=&#8221;on|phone&#8221; max_width=&#8221;640px&#8221; module_alignment=&#8221;center&#8221; custom_margin=&#8221;0px||0px||true|false&#8221; custom_padding=&#8221;0px||0px||false|false&#8221; global_colors_info=&#8221;{}&#8221;][et_pb_column type=&#8221;4_4&#8243; _builder_version=&#8221;4.20.0&#8243; _module_preset=&#8221;default&#8221; global_colors_info=&#8221;{}&#8221;][et_pb_text module_class=&#8221;tiempos-txt&#8221; _builder_version=&#8221;4.27.4&#8243; _module_preset=&#8221;default&#8221; text_text_color=&#8221;#191919&#8243; text_font_size=&#8221;18px&#8221; link_font=&#8221;||||||||&#8221; header_2_font_size=&#8221;24px&#8221; custom_padding=&#8221;||||false|false&#8221; custom_css_free_form=&#8221;h2{||  padding-bottom:0px;||  margin-bottom:8px;||}&#8221; global_colors_info=&#8221;{}&#8221;]<\/p>\n<p><a href=\"https:\/\/www.bjorcks.se\/\" target=\"_blank\" rel=\"noopener\">EXTERN L\u00c4NK: Uppt\u00e4ck Bj\u00f6rcks Resor &#8211; Klicka h\u00e4r<\/a><\/p>\n<p>Det handlar om alltifr\u00e5n SSK:s bortamatcher i Hockeyallsvenskan till matcher och t\u00e4vlingar f\u00f6r barn- och ungdomar i alla m\u00f6jliga idrotter.<\/p>\n<p>\u2013 F\u00f6rutom SSK &#8211; fr\u00e5n eliten till ungdomslagen &#8211; k\u00f6r vi till exempel SBBK, d\u00e4r damlaget gjorde en fantastisk s\u00e4song f\u00f6rra \u00e5ret n\u00e4r de tog SM-guld. Vi k\u00f6r \u00e4ven bland annat Nykvarn Innebandy och Telge Innebandys damlag som b\u00e5da spelar i h\u00f6gsta serien, s\u00e4ger Tomas Bj\u00f6rck.<\/p>\n<p>Stadens fotbollsklubbar Nordic United, Assyriska och Syrianska k\u00f6rs ocks\u00e5 av Bj\u00f6rcks Resor, och det senaste tillskottet \u00e4r S\u00f6dert\u00e4lje Volleybollklubb.<\/p>\n<p>\u2013 Vi hj\u00e4lper \u00e4ven fler f\u00f6reningar, och det roliga \u00e4r just bredden &#8211; att det \u00e4r alltifr\u00e5n de yngre till seniorlagen.<\/p>\n<p>\u2013 M\u00e5nga av v\u00e5ra chauff\u00f6rer \u00e4r idrottsintresserade och tycker att det \u00e4r v\u00e4ldigt roligt att k\u00f6ra f\u00f6reningarna. F\u00f6rarna blir ofta som en i laget.<a href=\"https:\/\/www.bjorcks.se\/\" target=\"_blank\" rel=\"noopener\"><\/a><\/p>\n<p>[\/et_pb_text][et_pb_image src=&#8221;https:\/\/kampanj.lt.se\/idrottsgalan\/wp-content\/uploads\/2025\/01\/lt-bjorcks-basket.jpg&#8221; title_text=&#8221;lt-bjorcks-basket&#8221; _builder_version=&#8221;4.27.4&#8243; _module_preset=&#8221;default&#8221; custom_margin=&#8221;25px||10px||false|false&#8221; custom_padding=&#8221;0px||0px||true|false&#8221; global_colors_info=&#8221;{}&#8221;][\/et_pb_image][et_pb_text _builder_version=&#8221;4.27.4&#8243; _module_preset=&#8221;default&#8221; text_text_color=&#8221;#505762&#8243; text_line_height=&#8221;1.3em&#8221; header_5_font=&#8221;Inter||||||||&#8221; header_5_text_color=&#8221;#505762&#8243; width_tablet=&#8221;80%&#8221; width_phone=&#8221;90%&#8221; width_last_edited=&#8221;off|desktop&#8221; module_alignment=&#8221;center&#8221; custom_margin=&#8221;0px||25px||false|false&#8221; custom_padding=&#8221;0px||0px||false|false&#8221; custom_padding_tablet=&#8221;|||20px|false|false&#8221; custom_padding_phone=&#8221;|||20px|false|false&#8221; custom_padding_last_edited=&#8221;off|desktop&#8221; locked=&#8221;off&#8221; global_colors_info=&#8221;{}&#8221;]Lycka n\u00e4r SBBK:s damer kom hem till S\u00f6dert\u00e4lje som svenska m\u00e4stare 2024 efter finalvinsten i Norrk\u00f6ping.[\/et_pb_text][et_pb_text disabled_on=&#8221;on|on|on&#8221; _builder_version=&#8221;4.24.2&#8243; _module_preset=&#8221;default&#8221; text_text_color=&#8221;#505762&#8243; text_line_height=&#8221;1.3em&#8221; header_5_font=&#8221;Inter||||||||&#8221; header_5_text_color=&#8221;#505762&#8243; width_tablet=&#8221;100%&#8221; width_phone=&#8221;100%&#8221; width_last_edited=&#8221;off|desktop&#8221; custom_margin=&#8221;0px||25px||false|false&#8221; custom_padding=&#8221;0px||0px||false|false&#8221; custom_padding_tablet=&#8221;|||20px|false|false&#8221; custom_padding_phone=&#8221;|||20px|false|false&#8221; custom_padding_last_edited=&#8221;off|desktop&#8221; disabled=&#8221;on&#8221; locked=&#8221;off&#8221; global_colors_info=&#8221;{}&#8221;]<\/p>\n<p>Bildtext.<\/p>\n<p>[\/et_pb_text][et_pb_text module_class=&#8221;tiempos-txt&#8221; _builder_version=&#8221;4.27.4&#8243; _module_preset=&#8221;default&#8221; text_text_color=&#8221;#191919&#8243; text_font_size=&#8221;18px&#8221; link_font=&#8221;||||||||&#8221; header_2_font_size=&#8221;24px&#8221; custom_padding=&#8221;||||false|false&#8221; custom_css_free_form=&#8221;h2{||  padding-bottom:0px;||  margin-bottom:8px;||}&#8221; global_colors_info=&#8221;{}&#8221;]<\/p>\n<h2>Viktigt med de mjuka v\u00e4rdena<\/h2>\n<p>Bj\u00f6rcks Resor fyller 60 \u00e5r i \u00e5r. Allt b\u00f6rjade med att Tomas\u2019 pappa och farbror k\u00f6pte en taxir\u00f6relse som rullade p\u00e5 i n\u00e5gra \u00e5r. 1968 k\u00f6ptes f\u00f6rsta bussen in.<\/p>\n<p>\u2013 Jag och min bror \u00e4r uppv\u00e4xta med detta, vi tv\u00e4ttade taxibilar redan som barn, s\u00e4ger Tomas.<\/p>\n<p>1981 \u00f6ppnade man egen resebyr\u00e5 i S\u00f6dert\u00e4lje. Idag har Bj\u00f6rcks Resor runt 50 anst\u00e4llda.<\/p>\n<p>F\u00f6r Tomas \u00e4r det viktigt att vara en del av staden, och att engagera sig i idrotten.<\/p>\n<p>\u2013 De mjuka v\u00e4rdena \u00e4r viktiga och f\u00e5r aldrig gl\u00f6mmas bort. Vi vill vara delaktiga, och finnas med stadens f\u00f6reningar genom b\u00e5de segrar och f\u00f6rluster. Ibland \u00e4r det l\u00e5nga, tunga resor hem, och ibland \u00e4r det bara gl\u00e4dje.<\/p>\n<h2><\/h2>\n<h2><\/h2>\n<h2><\/h2>\n<p>[\/et_pb_text][et_pb_image src=&#8221;https:\/\/kampanj.lt.se\/idrottsgalan\/wp-content\/uploads\/2025\/01\/lt-bjorcks-buss-ssk.jpg&#8221; title_text=&#8221;lt-bjorcks-buss-ssk&#8221; _builder_version=&#8221;4.27.4&#8243; _module_preset=&#8221;default&#8221; custom_margin=&#8221;25px||25px||true|false&#8221; custom_padding=&#8221;0px||0px||true|false&#8221; global_colors_info=&#8221;{}&#8221;][\/et_pb_image][et_pb_text module_class=&#8221;tiempos-txt&#8221; _builder_version=&#8221;4.27.4&#8243; _module_preset=&#8221;default&#8221; text_text_color=&#8221;#191919&#8243; text_font_size=&#8221;18px&#8221; link_font=&#8221;||||||||&#8221; header_2_font_size=&#8221;24px&#8221; width_tablet=&#8221;100%&#8221; width_phone=&#8221;100%&#8221; width_last_edited=&#8221;off|desktop&#8221; custom_padding=&#8221;||||false|false&#8221; header_2_font_size_last_edited=&#8221;off|phone&#8221; custom_css_free_form=&#8221;h2{||  padding-bottom:0px;||  margin-bottom:8px;||}&#8221; global_colors_info=&#8221;{}&#8221;]<\/p>\n<h2>\u201cNy p\u00e5 is\u201d<\/h2>\n<p>Bj\u00f6rcks Resor ing\u00e5r sedan flera \u00e5r i integrationsprojektet \u201cNy p\u00e5 is\u201d tillsammans med bland annat SSK, Telge och Scania. Det handlar om att skolbarn regelbundet f\u00e5r komma till Scaniarinken och prova p\u00e5 att \u00e5ka skridskor.<\/p>\n<p>\u2013 Vi ser till att barnen f\u00e5r komma till arenan, de f\u00e5r l\u00e5na skridskor och f\u00e5r hj\u00e4lp att uppt\u00e4cka skridsko\u00e5kningen. M\u00e5nga av dem har aldrig st\u00e5tt p\u00e5 is tidigare.<\/p>\n<p>\u2013 V\u00e5r insats \u00e4r att k\u00f6ra barnen fr\u00e5n skolorna till Scaniarinken, och det \u00e4r fantastiskt att vara en del av detta! Den gl\u00e4djen man ser hos barnen n\u00e4r de f\u00e5r prova p\u00e5 detta! Den ger s\u00e5 mycket tillbaka. \u201cNy p\u00e5 is\u201d \u00e4r ju ocks\u00e5 ett s\u00e4tt att skapa ett intresse f\u00f6r idrotten. Tr\u00f6skeln f\u00f6r att spela ishockey kan vara h\u00f6g &#8211; s\u00e4rskilt om du kommer fr\u00e5n ett land utan n\u00e5gon tradition av vinteridrott.<\/p>\n<p>Tomas s\u00e4ger att \u201cNy p\u00e5 is\u201d, liksom andra initiativ och engagemang som Bj\u00f6rcks Resor \u00e4r en del av, skapar en stolthet bland f\u00f6retagets medarbetare.<\/p>\n<p>Tomas avslutar med att s\u00e4ga:<\/p>\n<p>\u2013 Vi brinner f\u00f6r idrotten, och ser fram emot ett roligt idrotts\u00e5r 2025 tillsammans med alla f\u00f6reningar!<\/p>\n<p><a href=\"https:\/\/www.bjorcks.se\/\" target=\"_blank\" rel=\"noopener\">EXTERN L\u00c4NK: Res lokalt och uppt\u00e4ck v\u00e4rlden, samtidigt! Klicka h\u00e4r!<\/a><\/p>\n<h2><\/h2>\n<p>[\/et_pb_text][et_pb_text module_class=&#8221;inter-txt&#8221; _builder_version=&#8221;4.27.4&#8243; _module_preset=&#8221;default&#8221; text_text_color=&#8221;#191919&#8243; text_font_size=&#8221;16px&#8221; header_2_font_size=&#8221;24px&#8221; background_color=&#8221;#eff0f2&#8243; custom_margin=&#8221;30px||||false|false&#8221; custom_padding=&#8221;30px|30px|30px|30px|true|true&#8221; border_radii=&#8221;on|0.5rem|0.5rem|0.5rem|0.5rem&#8221; global_colors_info=&#8221;{}&#8221;]<\/p>\n<h6>FAKTA<\/h6>\n<p>Bj\u00f6rcks Resor \u00e4r stolt partner till Idrottsgalan i S\u00f6dert\u00e4lje 2025, och delar ut priset \u201c\u00c5rets lag\u201d. <a href=\"https:\/\/sodertalje-idrottsgala-2025.confetti.events\/\" target=\"_blank\" rel=\"noopener\">Biljetter hittar du h\u00e4r.<\/a>[\/et_pb_text][\/et_pb_column][\/et_pb_row][\/et_pb_section]<\/p>\n","protected":false},"excerpt":{"rendered":"<p>Kr\u00f6nikaBj\u00f6rcks k\u00f6r f\u00f6r S\u00f6dert\u00e4lje &#8211; \u201cVi brinner f\u00f6r idrotten\u201dS\u00f6dert\u00e4ljeidrottens eget resebolag k\u00f6r f\u00f6r fullt &#8211; mot ett nytt, sp\u00e4ckat idrotts\u00e5r.\u2013 Vi bryr oss verkligen om S\u00f6dert\u00e4lje. Vi har avtal med de flesta f\u00f6reningar och brinner f\u00f6r att bidra till idrotten i staden, s\u00e4ger Tomas Bj\u00f6rck, vd och huvud\u00e4gare av familjef\u00f6retaget Bj\u00f6rcks Resor.Inneh\u00e5ll fr\u00e5n Bj\u00f6rcks Resor [&hellip;]<\/p>\n","protected":false},"author":1,"featured_media":353,"comment_status":"open","ping_status":"open","sticky":false,"template":"","format":"standard","meta":{"_et_pb_use_builder":"on","_et_pb_old_content":"","_et_gb_content_width":"","footnotes":""},"categories":[2],"tags":[],"class_list":["post-343","post","type-post","status-publish","format-standard","has-post-thumbnail","hentry","category-artiklar-2025"],"_links":{"self":[{"href":"https:\/\/kampanj.lt.se\/idrottsgalan\/wp-json\/wp\/v2\/posts\/343","targetHints":{"allow":["GET"]}}],"collection":[{"href":"https:\/\/kampanj.lt.se\/idrottsgalan\/wp-json\/wp\/v2\/posts"}],"about":[{"href":"https:\/\/kampanj.lt.se\/idrottsgalan\/wp-json\/wp\/v2\/types\/post"}],"author":[{"embeddable":true,"href":"https:\/\/kampanj.lt.se\/idrottsgalan\/wp-json\/wp\/v2\/users\/1"}],"replies":[{"embeddable":true,"href":"https:\/\/kampanj.lt.se\/idrottsgalan\/wp-json\/wp\/v2\/comments?post=343"}],"version-history":[{"count":15,"href":"https:\/\/kampanj.lt.se\/idrottsgalan\/wp-json\/wp\/v2\/posts\/343\/revisions"}],"predecessor-version":[{"id":1611,"href":"https:\/\/kampanj.lt.se\/idrottsgalan\/wp-json\/wp\/v2\/posts\/343\/revisions\/1611"}],"wp:featuredmedia":[{"embeddable":true,"href":"https:\/\/kampanj.lt.se\/idrottsgalan\/wp-json\/wp\/v2\/media\/353"}],"wp:attachment":[{"href":"https:\/\/kampanj.lt.se\/idrottsgalan\/wp-json\/wp\/v2\/media?parent=343"}],"wp:term":[{"taxonomy":"category","embeddable":true,"href":"https:\/\/kampanj.lt.se\/idrottsgalan\/wp-json\/wp\/v2\/categories?post=343"},{"taxonomy":"post_tag","embeddable":true,"href":"https:\/\/kampanj.lt.se\/idrottsgalan\/wp-json\/wp\/v2\/tags?post=343"}],"curies":[{"name":"wp","href":"https:\/\/api.w.org\/{rel}","templated":true}]}}