{"id":314,"date":"2025-01-29T15:49:11","date_gmt":"2025-01-29T14:49:11","guid":{"rendered":"https:\/\/kampanj.lt.se\/idrottsgalan\/?p=314"},"modified":"2026-01-22T11:16:37","modified_gmt":"2026-01-22T10:16:37","slug":"vill-bidra-till-ett-battre-sodertalje-vi-vill-gora-skillnad","status":"publish","type":"post","link":"https:\/\/kampanj.lt.se\/idrottsgalan\/vill-bidra-till-ett-battre-sodertalje-vi-vill-gora-skillnad\/","title":{"rendered":"Vill bidra till ett b\u00e4ttre S\u00f6dert\u00e4lje: \u201cVi vill g\u00f6ra skillnad\u201d"},"content":{"rendered":"<p>[et_pb_section fb_built=&#8221;1&#8243; custom_padding_last_edited=&#8221;off|phone&#8221; module_class=&#8221;brodtext&#8221; _builder_version=&#8221;4.23.4&#8243; _module_preset=&#8221;default&#8221; background_color=&#8221;#f7f9fb&#8221; custom_padding=&#8221;30px||30px||false|false&#8221; custom_padding_tablet=&#8221;50px||50px||true|false&#8221; custom_padding_phone=&#8221;40px||40px||true|false&#8221; global_colors_info=&#8221;{}&#8221;][et_pb_row _builder_version=&#8221;4.23.1&#8243; _module_preset=&#8221;default&#8221; width_tablet=&#8221;80%&#8221; width_phone=&#8221;90%&#8221; width_last_edited=&#8221;on|phone&#8221; max_width=&#8221;640px&#8221; module_alignment=&#8221;center&#8221; custom_margin=&#8221;0px||0px||true|false&#8221; custom_padding=&#8221;0px||0px||true|false&#8221; global_colors_info=&#8221;{}&#8221;][et_pb_column type=&#8221;4_4&#8243; _builder_version=&#8221;4.20.0&#8243; _module_preset=&#8221;default&#8221; global_colors_info=&#8221;{}&#8221;][et_pb_text disabled_on=&#8221;on|on|on&#8221; _builder_version=&#8221;4.23.4&#8243; _module_preset=&#8221;default&#8221; text_font=&#8221;Inter||||||||&#8221; header_5_font=&#8221;Inter|||on|||||&#8221; header_5_text_color=&#8221;#141414&#8243; header_5_font_size=&#8221;14px&#8221; custom_margin=&#8221;||6px||false|false&#8221; disabled=&#8221;on&#8221; global_colors_info=&#8221;{}&#8221;]<\/p>\n<h5>Kr\u00f6nika<\/h5>\n<p>[\/et_pb_text][et_pb_text _builder_version=&#8221;4.27.4&#8243; _module_preset=&#8221;default&#8221; header_font=&#8221;|700|||||||&#8221; header_font_size=&#8221;40px&#8221; custom_margin=&#8221;||0px||false|false&#8221; custom_padding=&#8221;||0px||false|false&#8221; header_font_size_tablet=&#8221;38px&#8221; header_font_size_phone=&#8221;32px&#8221; header_font_size_last_edited=&#8221;on|phone&#8221; custom_css_free_form=&#8221;.citat-blue{||  color:#007CBF;||}||.reg-txt{||  font-weight:normal!important;||}&#8221; global_colors_info=&#8221;{}&#8221;]<\/p>\n<h1>Vill bidra till ett b\u00e4ttre S\u00f6dert\u00e4lje: \u201cVi vill g\u00f6ra skillnad\u201d<\/h1>\n<p>[\/et_pb_text][et_pb_text _builder_version=&#8221;4.27.4&#8243; _dynamic_attributes=&#8221;content&#8221; _module_preset=&#8221;default&#8221; text_font=&#8221;Inter||||||||&#8221; text_text_color=&#8221;#505762&#8243; header_5_font=&#8221;Inter||||||||&#8221; header_5_text_color=&#8221;#505762&#8243; header_5_font_size=&#8221;14px&#8221; custom_margin=&#8221;||14px||false|false&#8221; global_colors_info=&#8221;{}&#8221;]@ET-DC@eyJkeW5hbWljIjp0cnVlLCJjb250ZW50IjoicG9zdF9kYXRlIiwic2V0dGluZ3MiOnsiYmVmb3JlIjoiIiwiYWZ0ZXIiOiIiLCJkYXRlX2Zvcm1hdCI6ImRlZmF1bHQiLCJjdXN0b21fZGF0ZV9mb3JtYXQiOiIifX0=@[\/et_pb_text][et_pb_text _builder_version=&#8221;4.27.4&#8243; _module_preset=&#8221;default&#8221; text_font=&#8221;|700|||||||&#8221; text_text_color=&#8221;#191919&#8243; text_font_size=&#8221;20px&#8221; header_4_font=&#8221;Inter|700|||||||&#8221; header_4_text_color=&#8221;#191919&#8243; header_4_font_size=&#8221;20px&#8221; header_4_line_height=&#8221;1.3em&#8221; custom_margin=&#8221;||0px||false|false&#8221; custom_padding=&#8221;||0px||false|false&#8221; global_colors_info=&#8221;{}&#8221;]<\/p>\n<h4>Susanne Ahr\u00e9n l\u00e4mnade l\u00e4rarrollen och klev in i transportv\u00e4rlden \u2013 trots att hon fr\u00e5n b\u00f6rjan hade valt en helt annan inriktning.<br \/>Med t\u00e4vlingsinstinkt och lagk\u00e4nsla leder hon idag en hel familjekoncern, d\u00e4r resan b\u00f6rjade med ett enda fordon.<\/h4>\n<p>[\/et_pb_text][et_pb_text _builder_version=&#8221;4.27.4&#8243; _module_preset=&#8221;default&#8221; text_font=&#8221;Inter||||||||&#8221; text_text_color=&#8221;#141414&#8243; text_font_size=&#8221;16px&#8221; header_6_font_size=&#8221;16px&#8221; header_6_line_height=&#8221;1.3em&#8221; background_color=&#8221;#eff0f2&#8243; custom_margin=&#8221;20px||0px||false|false&#8221; custom_padding=&#8221;14px|20px|14px|20px|true|true&#8221; header_6_line_height_phone=&#8221;1.3em&#8221; header_6_line_height_last_edited=&#8221;off|desktop&#8221; global_colors_info=&#8221;{}&#8221;]<\/p>\n<h6 style=\"padding-bottom: 0px;\"><strong>Inneh\u00e5ll fr\u00e5n Ahr\u00e9ns \u00c5keri<\/strong> &#8211; stolt partner till S\u00f6dert\u00e4lje idrottsgala 2025.<\/h6>\n<p>[\/et_pb_text][\/et_pb_column][\/et_pb_row][et_pb_row _builder_version=&#8221;4.23.1&#8243; _module_preset=&#8221;default&#8221; width_tablet=&#8221;100%&#8221; width_phone=&#8221;100%&#8221; width_last_edited=&#8221;on|phone&#8221; max_width=&#8221;950px&#8221; module_alignment=&#8221;center&#8221; custom_padding=&#8221;30px||30px||true|false&#8221; global_colors_info=&#8221;{}&#8221;][et_pb_column type=&#8221;4_4&#8243; _builder_version=&#8221;4.23.1&#8243; _module_preset=&#8221;default&#8221; global_colors_info=&#8221;{}&#8221;][et_pb_image src=&#8221;https:\/\/kampanj.lt.se\/idrottsgalan\/wp-content\/uploads\/2025\/01\/lt-ahrens-topp.jpg&#8221; title_text=&#8221;lt-ahrens-topp&#8221; _builder_version=&#8221;4.27.4&#8243; _module_preset=&#8221;default&#8221; custom_margin=&#8221;0px||0px||true|false&#8221; custom_padding=&#8221;0px||0px||false|false&#8221; global_colors_info=&#8221;{}&#8221;][\/et_pb_image][et_pb_text disabled_on=&#8221;on|on|on&#8221; _builder_version=&#8221;4.24.2&#8243; _module_preset=&#8221;default&#8221; text_text_color=&#8221;#505762&#8243; text_line_height=&#8221;1.3em&#8221; header_5_font=&#8221;Inter||||||||&#8221; header_5_text_color=&#8221;#505762&#8243; width=&#8221;100%&#8221; width_tablet=&#8221;80%&#8221; width_phone=&#8221;90%&#8221; width_last_edited=&#8221;on|desktop&#8221; module_alignment=&#8221;center&#8221; custom_margin=&#8221;10px||0px||false|false&#8221; custom_padding=&#8221;||||false|false&#8221; custom_padding_tablet=&#8221;|||20px|false|false&#8221; custom_padding_phone=&#8221;|||20px|false|false&#8221; custom_padding_last_edited=&#8221;off|phone&#8221; disabled=&#8221;on&#8221; global_colors_info=&#8221;{}&#8221;]<\/p>\n<p>Bildtext.<\/p>\n<p>[\/et_pb_text][\/et_pb_column][\/et_pb_row][et_pb_row _builder_version=&#8221;4.23.1&#8243; _module_preset=&#8221;default&#8221; width_tablet=&#8221;80%&#8221; width_phone=&#8221;90%&#8221; width_last_edited=&#8221;on|phone&#8221; max_width=&#8221;640px&#8221; module_alignment=&#8221;center&#8221; custom_margin=&#8221;0px||0px||true|false&#8221; custom_padding=&#8221;0px||0px||false|false&#8221; global_colors_info=&#8221;{}&#8221;][et_pb_column type=&#8221;4_4&#8243; _builder_version=&#8221;4.20.0&#8243; _module_preset=&#8221;default&#8221; global_colors_info=&#8221;{}&#8221;][et_pb_text module_class=&#8221;tiempos-txt&#8221; _builder_version=&#8221;4.27.4&#8243; _module_preset=&#8221;default&#8221; text_text_color=&#8221;#191919&#8243; text_font_size=&#8221;18px&#8221; link_font=&#8221;||||||||&#8221; header_2_font_size=&#8221;24px&#8221; custom_padding=&#8221;||||false|false&#8221; custom_css_free_form=&#8221;h2{||  padding-bottom:0px;||  margin-bottom:8px;||}&#8221; global_colors_info=&#8221;{}&#8221;]<a href=\"https:\/\/ahrens-transport.se\/\" target=\"_blank\" rel=\"noopener\">EXTERN L\u00c4NK: L\u00e4s mer om Ahr\u00e9ns \u00c5keri<\/a><\/p>\n<p>Susanne Ahr\u00e9n hade inga planer p\u00e5 att f\u00f6lja i sin pappas fotsp\u00e5r. Lastbilar var inget f\u00f6r henne. Men n\u00e4r familjef\u00f6retaget, grundat av Lars Ahr\u00e9n med en enda lastbil 1974, beh\u00f6vde en ny kraft f\u00f6r framtiden, klev hon in \u2013 och hittade en otippad plats som lagkapten i en transportv\u00e4rld d\u00e4r varje detalj r\u00e4knas.<\/p>\n<p>\u2013 Min pappa har alltid varit lastbilschauff\u00f6r, men jag valde en helt annan v\u00e4g. Jag blev idrottsl\u00e4rare och jobbade inom skolan i tolv \u00e5r, ber\u00e4ttar Susanne Ahr\u00e9n.<\/p>\n<p>Men hennes pappa fr\u00e5gade g\u00e5ng p\u00e5 g\u00e5ng om hon inte skulle testa att jobba i f\u00f6retaget. Efter \u00e5r av funderingar \u2013 och en k\u00e4nsla av att hon ville anta en ny utmaning \u2013 klev hon 2005 in i familjef\u00f6retaget.<\/p>\n<p>\u2013 Min pappa och den d\u00e5varande vd:n sa att det inte spelade n\u00e5gon roll att jag saknade erfarenhet av branschen. De menade att det inte \u00e4r n\u00e5gon st\u00f6rre skillnad mellan att leda ett idrottslag, skolklass eller ett f\u00f6retag. Och det st\u00e4mde verkligen, s\u00e4ger Susanne Ahr\u00e9n.<\/p>\n<p>Hennes bakgrund som idrottsl\u00e4rare och coach har format hennes s\u00e4tt att leda f\u00f6retaget:<\/p>\n<p>\u2013 Idrotten har gett mig driv och en t\u00e4vlingsinstinkt. Det viktigaste \u00e4r att skapa ett team d\u00e4r alla drar \u00e5t samma h\u00e5ll. Vi \u00e4r ett lag, och ingen \u00e4r starkare \u00e4n den svagaste l\u00e4nken.<\/p>\n<p>V\u00e4gen fr\u00e5n en lastbil till en hel koncern har inte varit spikrak. Bristen p\u00e5 chauff\u00f6rer, trafikledare och segdragna processer f\u00f6r att f\u00e5 mark har stundtals bromsat utvecklingen.<\/p>\n<p>\u2013 I S\u00f6dert\u00e4lje k\u00e4mpar vi f\u00f6r att f\u00e5 mer mark f\u00f6r att kunna v\u00e4xa. Det k\u00e4nns frustrerande n\u00e4r det g\u00e5r tr\u00f6gt.<a href=\"https:\/\/ahrens-transport.se\/\" target=\"_blank\" rel=\"noopener\"><\/a>[\/et_pb_text][et_pb_image src=&#8221;https:\/\/kampanj.lt.se\/idrottsgalan\/wp-content\/uploads\/2025\/01\/lt-ahrens-2.jpg&#8221; title_text=&#8221;lt-ahrens-2&#8243; _builder_version=&#8221;4.27.4&#8243; _module_preset=&#8221;default&#8221; custom_margin=&#8221;25px||10px||false|false&#8221; custom_padding=&#8221;0px||0px||true|false&#8221; global_colors_info=&#8221;{}&#8221;][\/et_pb_image][et_pb_text _builder_version=&#8221;4.27.4&#8243; _module_preset=&#8221;default&#8221; text_text_color=&#8221;#505762&#8243; text_line_height=&#8221;1.3em&#8221; header_5_font=&#8221;Inter||||||||&#8221; header_5_text_color=&#8221;#505762&#8243; width_tablet=&#8221;80%&#8221; width_phone=&#8221;90%&#8221; width_last_edited=&#8221;off|desktop&#8221; module_alignment=&#8221;center&#8221; custom_margin=&#8221;0px||25px||false|false&#8221; custom_padding=&#8221;0px||0px||false|false&#8221; custom_padding_tablet=&#8221;|||20px|false|false&#8221; custom_padding_phone=&#8221;|||20px|false|false&#8221; custom_padding_last_edited=&#8221;off|desktop&#8221; locked=&#8221;off&#8221; global_colors_info=&#8221;{}&#8221;]<\/p>\n<p>Hampus, Susanne, Lars och Jesper Ahr\u00e9n.<\/p>\n<p>[\/et_pb_text][et_pb_text disabled_on=&#8221;on|on|on&#8221; _builder_version=&#8221;4.24.2&#8243; _module_preset=&#8221;default&#8221; text_text_color=&#8221;#505762&#8243; text_line_height=&#8221;1.3em&#8221; header_5_font=&#8221;Inter||||||||&#8221; header_5_text_color=&#8221;#505762&#8243; width_tablet=&#8221;100%&#8221; width_phone=&#8221;100%&#8221; width_last_edited=&#8221;off|desktop&#8221; custom_margin=&#8221;0px||25px||false|false&#8221; custom_padding=&#8221;0px||0px||false|false&#8221; custom_padding_tablet=&#8221;|||20px|false|false&#8221; custom_padding_phone=&#8221;|||20px|false|false&#8221; custom_padding_last_edited=&#8221;off|desktop&#8221; disabled=&#8221;on&#8221; locked=&#8221;off&#8221; global_colors_info=&#8221;{}&#8221;]<\/p>\n<p>Bildtext.<\/p>\n<p>[\/et_pb_text][et_pb_text module_class=&#8221;tiempos-txt&#8221; _builder_version=&#8221;4.27.4&#8243; _module_preset=&#8221;default&#8221; text_text_color=&#8221;#191919&#8243; text_font_size=&#8221;18px&#8221; link_font=&#8221;||||||||&#8221; header_2_font_size=&#8221;24px&#8221; custom_padding=&#8221;||||false|false&#8221; custom_css_free_form=&#8221;h2{||  padding-bottom:0px;||  margin-bottom:8px;||}&#8221; global_colors_info=&#8221;{}&#8221;]<\/p>\n<h2>Familj\u00e4rt p\u00e5 jobbet<\/h2>\n<p>Susanne Ahr\u00e9ns s\u00f6ner, Hampus och Jesper Ahr\u00e9n, \u00e4r idag en sj\u00e4lvklar del av f\u00f6retaget. Men dynamiken \u00e4r speciell n\u00e4r jobbet m\u00f6ter familjelivet.<\/p>\n<p>\u2013 Hampus \u00e4r landslagsspelare i innebandy och den st\u00f6rsta t\u00e4vlingsm\u00e4nniskan av oss. Jesper och jag \u00e4r lugnare, men vi kompletterar varandra, s\u00e4ger Susanne Ahr\u00e9n.<\/p>\n<p>Balansen mellan rollerna som mamma och chef kr\u00e4ver tydlighet, men det finns ocks\u00e5 en styrka i familjebanden.<\/p>\n<p>\u2013 Det handlar om att alla vet sina roller. Samtidigt har vi lyckats skapa en kultur d\u00e4r jobbet k\u00e4nns familj\u00e4rt f\u00f6r alla.<\/p>\n<h2><\/h2>\n<h2><\/h2>\n<p>[\/et_pb_text][et_pb_image src=&#8221;https:\/\/kampanj.lt.se\/idrottsgalan\/wp-content\/uploads\/2025\/01\/lt-ahrens-4.jpg&#8221; title_text=&#8221;lt-ahrens-4&#8243; _builder_version=&#8221;4.27.4&#8243; _module_preset=&#8221;default&#8221; custom_margin=&#8221;25px||25px||true|false&#8221; custom_padding=&#8221;0px||0px||true|false&#8221; global_colors_info=&#8221;{}&#8221;][\/et_pb_image][et_pb_text module_class=&#8221;tiempos-txt&#8221; _builder_version=&#8221;4.27.4&#8243; _module_preset=&#8221;default&#8221; text_text_color=&#8221;#191919&#8243; text_font_size=&#8221;18px&#8221; link_font=&#8221;||||||||&#8221; header_2_font_size=&#8221;24px&#8221; width_tablet=&#8221;100%&#8221; width_phone=&#8221;100%&#8221; width_last_edited=&#8221;off|desktop&#8221; custom_padding=&#8221;||||false|false&#8221; header_2_font_size_last_edited=&#8221;off|phone&#8221; custom_css_free_form=&#8221;h2{||  padding-bottom:0px;||  margin-bottom:8px;||}&#8221; global_colors_info=&#8221;{}&#8221;]<\/p>\n<h2>H\u00e5llbarhet p\u00e5 m\u00e5nga plan<\/h2>\n<p>Att Ahr\u00e9ns sponsrar S\u00f6dert\u00e4lje Idrottsgala \u00e4r ingen slump. F\u00f6r Susanne Ahr\u00e9n handlar det om att ge tillbaka till lokalsamh\u00e4llet.<\/p>\n<p>\u2013 Jag vill att barn och ungdomar redan tidigt ska veta vilka vi \u00e4r. Det \u00e4r viktigt att synas lokalt och st\u00f6dja idrotten \u2013 den formar m\u00e4nniskor.<\/p>\n<p>En annan viktig del av f\u00f6retagets strategi \u00e4r h\u00e5llbarhet.<\/p>\n<p>\u2013 Vi har elbilar, laddstationer och \u00e4r p\u00e5 g\u00e5ng med solceller. Vi vill g\u00f6ra skillnad, b\u00e5de f\u00f6r kunderna, medarbetarna och f\u00f6r framtiden.<\/p>\n<p>Inf\u00f6r framtiden ser Susanne Ahr\u00e9n b\u00e5de utmaningar och m\u00f6jligheter.<\/p>\n<p>\u2013 Vi m\u00f6ter h\u00e5rda krav p\u00e5 leveranstider och milj\u00f6, men vi har byggt en verksamhet som kan anpassa sig. Och det \u00e4r ju det som \u00e4r nyckeln.<\/p>\n<p><a href=\"https:\/\/ahrens-transport.se\/\" target=\"_blank\" rel=\"noopener\">EXTERN L\u00c4NK: Alltid p\u00e5 v\u00e4g! L\u00e4s mer om Ahr\u00e9ns \u00c5keri h\u00e4r<\/a><\/p>\n<h2><\/h2>\n<p>[\/et_pb_text][et_pb_text module_class=&#8221;inter-txt&#8221; _builder_version=&#8221;4.27.4&#8243; _module_preset=&#8221;default&#8221; text_text_color=&#8221;#191919&#8243; text_font_size=&#8221;16px&#8221; header_2_font_size=&#8221;24px&#8221; background_color=&#8221;#eff0f2&#8243; custom_margin=&#8221;30px||||false|false&#8221; custom_padding=&#8221;30px|30px|30px|30px|true|true&#8221; border_radii=&#8221;on|0.5rem|0.5rem|0.5rem|0.5rem&#8221; global_colors_info=&#8221;{}&#8221;]<\/p>\n<h6>FAKTA<\/h6>\n<h2>Ahr\u00e9ns \u00c5keri<\/h2>\n<p><strong>Grundat:<\/strong> 1974.<br \/><strong>Huvudkontor:<\/strong> S\u00f6dert\u00e4lje.<br \/><strong>Verksamhet:<\/strong> Transport och logistik.<br \/><strong>Antal anst\u00e4llda:<\/strong> Cirka 100.<br \/><strong>H\u00e5llbarhetssatsningar:<\/strong> Elbilar, laddstationer, solceller (p\u00e5 g\u00e5ng).<\/p>\n<p>Partner till S\u00f6dert\u00e4lje Idrottsgala 2025. <a href=\"https:\/\/sodertalje-idrottsgala-2025.confetti.events\/\" target=\"_blank\" rel=\"noopener\">Biljetter hittar du h\u00e4r.<\/a><\/p>\n<p>[\/et_pb_text][\/et_pb_column][\/et_pb_row][\/et_pb_section]<\/p>\n","protected":false},"excerpt":{"rendered":"<p>Kr\u00f6nikaVill bidra till ett b\u00e4ttre S\u00f6dert\u00e4lje: \u201cVi vill g\u00f6ra skillnad\u201dSusanne Ahr\u00e9n l\u00e4mnade l\u00e4rarrollen och klev in i transportv\u00e4rlden \u2013 trots att hon fr\u00e5n b\u00f6rjan hade valt en helt annan inriktning.Med t\u00e4vlingsinstinkt och lagk\u00e4nsla leder hon idag en hel familjekoncern, d\u00e4r resan b\u00f6rjade med ett enda fordon.Inneh\u00e5ll fr\u00e5n Ahr\u00e9ns \u00c5keri &#8211; stolt partner till S\u00f6dert\u00e4lje idrottsgala [&hellip;]<\/p>\n","protected":false},"author":1,"featured_media":338,"comment_status":"open","ping_status":"open","sticky":false,"template":"","format":"standard","meta":{"_et_pb_use_builder":"on","_et_pb_old_content":"","_et_gb_content_width":"","footnotes":""},"categories":[2],"tags":[],"class_list":["post-314","post","type-post","status-publish","format-standard","has-post-thumbnail","hentry","category-artiklar-2025"],"_links":{"self":[{"href":"https:\/\/kampanj.lt.se\/idrottsgalan\/wp-json\/wp\/v2\/posts\/314","targetHints":{"allow":["GET"]}}],"collection":[{"href":"https:\/\/kampanj.lt.se\/idrottsgalan\/wp-json\/wp\/v2\/posts"}],"about":[{"href":"https:\/\/kampanj.lt.se\/idrottsgalan\/wp-json\/wp\/v2\/types\/post"}],"author":[{"embeddable":true,"href":"https:\/\/kampanj.lt.se\/idrottsgalan\/wp-json\/wp\/v2\/users\/1"}],"replies":[{"embeddable":true,"href":"https:\/\/kampanj.lt.se\/idrottsgalan\/wp-json\/wp\/v2\/comments?post=314"}],"version-history":[{"count":23,"href":"https:\/\/kampanj.lt.se\/idrottsgalan\/wp-json\/wp\/v2\/posts\/314\/revisions"}],"predecessor-version":[{"id":1613,"href":"https:\/\/kampanj.lt.se\/idrottsgalan\/wp-json\/wp\/v2\/posts\/314\/revisions\/1613"}],"wp:featuredmedia":[{"embeddable":true,"href":"https:\/\/kampanj.lt.se\/idrottsgalan\/wp-json\/wp\/v2\/media\/338"}],"wp:attachment":[{"href":"https:\/\/kampanj.lt.se\/idrottsgalan\/wp-json\/wp\/v2\/media?parent=314"}],"wp:term":[{"taxonomy":"category","embeddable":true,"href":"https:\/\/kampanj.lt.se\/idrottsgalan\/wp-json\/wp\/v2\/categories?post=314"},{"taxonomy":"post_tag","embeddable":true,"href":"https:\/\/kampanj.lt.se\/idrottsgalan\/wp-json\/wp\/v2\/tags?post=314"}],"curies":[{"name":"wp","href":"https:\/\/api.w.org\/{rel}","templated":true}]}}