{"id":1948,"date":"2026-03-20T12:02:48","date_gmt":"2026-03-20T11:02:48","guid":{"rendered":"https:\/\/kampanj.lt.se\/idrottsgalan\/?p=1948"},"modified":"2026-03-26T13:49:02","modified_gmt":"2026-03-26T12:49:02","slug":"saimat-gor-skillnad-for-barn-och-unga-i-sitt-eget-omrade","status":"publish","type":"post","link":"https:\/\/kampanj.lt.se\/idrottsgalan\/saimat-gor-skillnad-for-barn-och-unga-i-sitt-eget-omrade\/","title":{"rendered":"Saimat g\u00f6r skillnad f\u00f6r barn och unga i sitt eget omr\u00e5de"},"content":{"rendered":"<p>[et_pb_section fb_built=&#8221;1&#8243; custom_padding_last_edited=&#8221;off|phone&#8221; module_class=&#8221;brodtext&#8221; _builder_version=&#8221;4.23.4&#8243; _module_preset=&#8221;default&#8221; background_color=&#8221;#f7f9fb&#8221; custom_padding=&#8221;30px||30px||false|false&#8221; custom_padding_tablet=&#8221;50px||50px||true|false&#8221; custom_padding_phone=&#8221;40px||40px||true|false&#8221; global_colors_info=&#8221;{}&#8221; theme_builder_area=&#8221;post_content&#8221;][et_pb_row _builder_version=&#8221;4.23.1&#8243; _module_preset=&#8221;default&#8221; width_tablet=&#8221;80%&#8221; width_phone=&#8221;90%&#8221; width_last_edited=&#8221;on|phone&#8221; max_width=&#8221;640px&#8221; module_alignment=&#8221;center&#8221; custom_margin=&#8221;0px||0px||true|false&#8221; custom_padding=&#8221;0px||0px||true|false&#8221; global_colors_info=&#8221;{}&#8221; theme_builder_area=&#8221;post_content&#8221;][et_pb_column type=&#8221;4_4&#8243; _builder_version=&#8221;4.20.0&#8243; _module_preset=&#8221;default&#8221; global_colors_info=&#8221;{}&#8221; theme_builder_area=&#8221;post_content&#8221;][et_pb_text _builder_version=&#8221;4.27.5&#8243; _module_preset=&#8221;default&#8221; header_font=&#8221;|700|||||||&#8221; header_font_size=&#8221;46px&#8221; custom_margin=&#8221;||0px||false|false&#8221; custom_padding=&#8221;||0px||false|false&#8221; header_font_size_tablet=&#8221;44px&#8221; header_font_size_phone=&#8221;32px&#8221; header_font_size_last_edited=&#8221;on|phone&#8221; custom_css_free_form=&#8221;.citat-blue{||  color:#007CBF;||}||.reg-txt{||  font-weight:normal!important;||}&#8221; global_colors_info=&#8221;{}&#8221; theme_builder_area=&#8221;post_content&#8221;]<\/p>\n<h1>Saimat g\u00f6r skillnad f\u00f6r barn och unga i sitt eget omr\u00e5de<\/h1>\n<p>[\/et_pb_text][et_pb_text _builder_version=&#8221;4.27.5&#8243; _dynamic_attributes=&#8221;content&#8221; _module_preset=&#8221;default&#8221; text_font=&#8221;Inter||||||||&#8221; text_text_color=&#8221;#505762&#8243; header_5_font=&#8221;Inter||||||||&#8221; header_5_text_color=&#8221;#505762&#8243; header_5_font_size=&#8221;14px&#8221; custom_margin=&#8221;||14px||false|false&#8221; global_colors_info=&#8221;{}&#8221; theme_builder_area=&#8221;post_content&#8221;]@ET-DC@eyJkeW5hbWljIjp0cnVlLCJjb250ZW50IjoicG9zdF9kYXRlIiwic2V0dGluZ3MiOnsiYmVmb3JlIjoiIiwiYWZ0ZXIiOiIiLCJkYXRlX2Zvcm1hdCI6ImRlZmF1bHQiLCJjdXN0b21fZGF0ZV9mb3JtYXQiOiIifX0=@[\/et_pb_text][et_pb_text _builder_version=&#8221;4.27.5&#8243; _module_preset=&#8221;default&#8221; text_font=&#8221;|700|||||||&#8221; text_text_color=&#8221;#191919&#8243; text_font_size=&#8221;20px&#8221; header_4_font=&#8221;Inter|700|||||||&#8221; header_4_text_color=&#8221;#191919&#8243; header_4_font_size=&#8221;20px&#8221; header_4_line_height=&#8221;1.3em&#8221; custom_margin=&#8221;||0px||false|false&#8221; custom_padding=&#8221;||0px||false|false&#8221; global_colors_info=&#8221;{}&#8221; theme_builder_area=&#8221;post_content&#8221;]<\/p>\n<h4>I bostadsomr\u00e5den d\u00e4r f\u00f6reningslivet inte alltid finns n\u00e4ra kan en ung ledare bli den som f\u00e5r andra att kliva genom d\u00f6rren. Genom Ledarakademin f\u00e5r fler mod att ta plats, leda grupper och skapa trygga sammanhang d\u00e4r r\u00f6relse, gemenskap och ansvar v\u00e4xer.<br \/>\n<\/h4>\n<p>[\/et_pb_text][et_pb_text _builder_version=&#8221;4.27.5&#8243; _module_preset=&#8221;default&#8221; text_font=&#8221;||||||||&#8221; text_text_color=&#8221;#141414&#8243; text_font_size=&#8221;16px&#8221; header_6_font_size=&#8221;16px&#8221; header_6_line_height=&#8221;1.3em&#8221; background_color=&#8221;#eff0f2&#8243; custom_margin=&#8221;20px||0px||false|false&#8221; custom_padding=&#8221;14px|20px|14px|20px|true|true&#8221; header_6_line_height_phone=&#8221;1.3em&#8221; header_6_line_height_last_edited=&#8221;off|desktop&#8221; global_colors_info=&#8221;{}&#8221; theme_builder_area=&#8221;post_content&#8221;]<\/p>\n<h6 style=\"padding-bottom: 0px;\"><strong>Inneh\u00e5ll fr\u00e5n RF-SISU<\/strong> \u2013 stolt huvudpartner till S\u00f6dert\u00e4lje Idrottsgala 2026.<\/h6>\n<p>[\/et_pb_text][\/et_pb_column][\/et_pb_row][et_pb_row _builder_version=&#8221;4.23.1&#8243; _module_preset=&#8221;default&#8221; width_tablet=&#8221;100%&#8221; width_phone=&#8221;100%&#8221; width_last_edited=&#8221;on|phone&#8221; max_width=&#8221;950px&#8221; module_alignment=&#8221;center&#8221; custom_padding=&#8221;30px||30px||true|false&#8221; global_colors_info=&#8221;{}&#8221; theme_builder_area=&#8221;post_content&#8221;][et_pb_column type=&#8221;4_4&#8243; _builder_version=&#8221;4.23.1&#8243; _module_preset=&#8221;default&#8221; global_colors_info=&#8221;{}&#8221; theme_builder_area=&#8221;post_content&#8221;][et_pb_image src=&#8221;https:\/\/kampanj.lt.se\/idrottsgalan\/wp-content\/uploads\/2026\/03\/bild-inkl-partners.jpg&#8221; title_text=&#8221;bild-inkl-partners&#8221; _builder_version=&#8221;4.27.5&#8243; _module_preset=&#8221;default&#8221; custom_margin=&#8221;0px||0px||true|false&#8221; custom_padding=&#8221;0px||0px||false|false&#8221; global_colors_info=&#8221;{}&#8221; theme_builder_area=&#8221;post_content&#8221;][\/et_pb_image][et_pb_text _builder_version=&#8221;4.27.5&#8243; _module_preset=&#8221;default&#8221; text_text_color=&#8221;#505762&#8243; text_line_height=&#8221;1.3em&#8221; header_5_font=&#8221;Inter||||||||&#8221; header_5_text_color=&#8221;#505762&#8243; width_tablet=&#8221;80%&#8221; width_phone=&#8221;90%&#8221; width_last_edited=&#8221;on|phone&#8221; module_alignment=&#8221;center&#8221; custom_margin=&#8221;10px||0px||false|false&#8221; custom_padding=&#8221;0px||0px||false|false&#8221; custom_padding_tablet=&#8221;|||20px|false|false&#8221; custom_padding_phone=&#8221;|||20px|false|false&#8221; custom_padding_last_edited=&#8221;off|desktop&#8221; hover_enabled=&#8221;0&#8243; locked=&#8221;off&#8221; global_colors_info=&#8221;{}&#8221; theme_builder_area=&#8221;post_content&#8221; sticky_enabled=&#8221;0&#8243;]Ledarakademin har vuxit fram genom samarbeten mellan RF-SISU S\u00f6rmland, S\u00f6dert\u00e4lje kommun och Telge och lokala f\u00f6reningar. Foto: RF-SISU[\/et_pb_text][\/et_pb_column][\/et_pb_row][et_pb_row _builder_version=&#8221;4.23.1&#8243; _module_preset=&#8221;default&#8221; width_tablet=&#8221;80%&#8221; width_phone=&#8221;90%&#8221; width_last_edited=&#8221;on|phone&#8221; max_width=&#8221;640px&#8221; module_alignment=&#8221;center&#8221; custom_margin=&#8221;0px||0px||true|false&#8221; custom_padding=&#8221;0px||0px||false|false&#8221; global_colors_info=&#8221;{}&#8221; theme_builder_area=&#8221;post_content&#8221;][et_pb_column type=&#8221;4_4&#8243; _builder_version=&#8221;4.20.0&#8243; _module_preset=&#8221;default&#8221; global_colors_info=&#8221;{}&#8221; theme_builder_area=&#8221;post_content&#8221;][et_pb_text module_class=&#8221;tiempos-txt&#8221; _builder_version=&#8221;4.27.5&#8243; _module_preset=&#8221;default&#8221; text_text_color=&#8221;#191919&#8243; text_font_size=&#8221;18px&#8221; link_font=&#8221;||||||||&#8221; header_2_font_size=&#8221;24px&#8221; custom_padding=&#8221;||||false|false&#8221; custom_css_free_form=&#8221;h2{||  padding-bottom:0px;||  margin-bottom:8px;||}&#8221; global_colors_info=&#8221;{}&#8221; theme_builder_area=&#8221;post_content&#8221;]<a href=\"https:\/\/rfsisu.se\/distrikt\/sormland\/folkbildning-utbildning\/vara-utbildningar\/for-tranare\" target=\"_blank\" rel=\"noopener\">Vill du utvecklas som tr\u00e4nare? L\u00e4s mer h\u00e4r! <\/a>[\/et_pb_text][et_pb_text module_class=&#8221;tiempos-txt&#8221; _builder_version=&#8221;4.27.5&#8243; _module_preset=&#8221;default&#8221; text_text_color=&#8221;#191919&#8243; text_font_size=&#8221;18px&#8221; link_font=&#8221;||||||||&#8221; header_2_font_size=&#8221;24px&#8221; custom_padding=&#8221;||||false|false&#8221; custom_css_free_form=&#8221;h2{||  padding-bottom:0px;||  margin-bottom:8px;||}&#8221; global_colors_info=&#8221;{}&#8221; theme_builder_area=&#8221;post_content&#8221;]<\/p>\n<p>Alla f\u00f6r\u00e4ndringar syns inte direkt. Ibland m\u00e4rks de f\u00f6rst i det lilla: ett barn som stannar kvar lite l\u00e4ngre, n\u00e5gon som v\u00e5gar r\u00e4cka upp handen, n\u00e5gon annan som till slut kliver in i \u00f6vningen i st\u00e4llet f\u00f6r att st\u00e5 bredvid. F\u00f6r Saimat Farid blev Ledarakademin ett s\u00e4tt att bli tryggare i sig sj\u00e4lv och samtidigt betyda n\u00e5got f\u00f6r andra.<\/p>\n<p>\u2013 En anledning till att jag gick Ledarakademin var att jag g\u00e5r p\u00e5 Lebi och fick m\u00f6jlighet att vara med i programmet d\u00e4r. Jag s\u00e5g det som en chans att utvecklas som person och bli mer s\u00e4ker i mig sj\u00e4lv. Tidigare var jag ganska blyg och ville bli b\u00e4ttre p\u00e5 att ta plats och prata inf\u00f6r andra.<\/p>\n<p>Men det handlade inte bara om henne sj\u00e4lv. Hon ville ocks\u00e5 vara med och skapa n\u00e5got tryggt f\u00f6r yngre barn i omr\u00e5det.<\/p>\n<p>\u2013 Genom Ledarakademin fick jag l\u00e4ra mig mer om hur man leder aktiviteter och hur man kan skapa en trygg och rolig milj\u00f6 d\u00e4r alla k\u00e4nner sig v\u00e4lkomna.<\/p>\n<p>[\/et_pb_text][et_pb_image src=&#8221;https:\/\/kampanj.lt.se\/idrottsgalan\/wp-content\/uploads\/2026\/03\/saimat-farid.jpg&#8221; title_text=&#8221;saimat-farid&#8221; _builder_version=&#8221;4.27.5&#8243; _module_preset=&#8221;default&#8221; custom_margin=&#8221;25px||10px||false|false&#8221; custom_padding=&#8221;0px||0px||true|false&#8221; global_colors_info=&#8221;{}&#8221; theme_builder_area=&#8221;post_content&#8221;][\/et_pb_image][et_pb_text _builder_version=&#8221;4.27.5&#8243; _module_preset=&#8221;default&#8221; text_text_color=&#8221;#505762&#8243; text_line_height=&#8221;1.3em&#8221; header_5_font=&#8221;Inter||||||||&#8221; header_5_text_color=&#8221;#505762&#8243; width_tablet=&#8221;80%&#8221; width_phone=&#8221;90%&#8221; width_last_edited=&#8221;on|phone&#8221; module_alignment=&#8221;left&#8221; custom_margin=&#8221;0px||30px||false|false&#8221; custom_padding=&#8221;0px||0px||false|false&#8221; custom_padding_tablet=&#8221;|||20px|false|false&#8221; custom_padding_phone=&#8221;|||20px|false|false&#8221; custom_padding_last_edited=&#8221;off|desktop&#8221; locked=&#8221;off&#8221; global_colors_info=&#8221;{}&#8221; theme_builder_area=&#8221;post_content&#8221;]Saimat Farid. Foto: Privat[\/et_pb_text][et_pb_text module_class=&#8221;tiempos-txt&#8221; _builder_version=&#8221;4.27.5&#8243; _module_preset=&#8221;default&#8221; text_text_color=&#8221;#191919&#8243; text_font_size=&#8221;18px&#8221; link_font=&#8221;||||||||&#8221; header_2_font_size=&#8221;24px&#8221; custom_padding=&#8221;||||false|false&#8221; custom_css_free_form=&#8221;h2{||  padding-bottom:0px;||  margin-bottom:8px;||}&#8221; global_colors_info=&#8221;{}&#8221; theme_builder_area=&#8221;post_content&#8221;]<\/p>\n<h2>Sj\u00e4lvf\u00f6rtroende, ansvar och mod<\/h2>\n<p>Hos RF-SISU S\u00f6rmland v\u00e4xte satsningen fram ur ett konkret behov. F\u00f6reningar i S\u00f6dert\u00e4lje s\u00e5g att ledare saknades, samtidigt som m\u00e5nga unga stod utan ett meningsfullt sammanhang efter skolan. Idrottskonsulenten Ilona Nison beskriver hur de tv\u00e5 bilderna hakade i varandra.<\/p>\n<p>\u2013 Ledarakademin startade som ett svar p\u00e5 den l\u00e5ga ledarf\u00f6rs\u00f6rjningen hos m\u00e5nga f\u00f6reningar i S\u00f6dert\u00e4lje. F\u00f6reningarna uttryckte ett tydligt behov av fler aktiva ledare f\u00f6r att kunna starta, utveckla och uppr\u00e4tth\u00e5lla verksamhet f\u00f6r yngre barn.<\/p>\n<p>Hon pekar ocks\u00e5 p\u00e5 att behoven \u00e4r st\u00f6rre i vissa omr\u00e5den \u00e4n i andra.<\/p>\n<p>\u2013 I flera av de aktuella omr\u00e5dena finns sociala och strukturella utmaningar, d\u00e4r bristen p\u00e5 trygga vuxna, positiva f\u00f6rebilder och organiserade fritidsaktiviteter p\u00e5verkar barn och unga mer \u00e4n p\u00e5 andra h\u00e5ll.<\/p>\n<p>F\u00f6r den som deltar handlar Ledarakademin d\u00e4rf\u00f6r inte bara om ledarskap i teknisk mening. Det handlar lika mycket om sj\u00e4lvf\u00f6rtroende, ansvar och att v\u00e5ga kliva fram.<\/p>\n<p>\u2013 Ledarakademin har betytt mycket f\u00f6r mig. Jag har l\u00e4rt mig hur man leder en grupp, hur man kommunicerar b\u00e4ttre och hur man kan inkludera alla s\u00e5 att ingen k\u00e4nner sig utanf\u00f6r. Som person har jag ocks\u00e5 blivit mer trygg i mig sj\u00e4lv och v\u00e5gar ta mer ansvar, s\u00e4ger Saimat Farid.<\/p>\n<p>Ilona Nison konstaterar att m\u00e5let \u00e4r st\u00f6rre \u00e4n n\u00e4sta aktivitet eller n\u00e4sta tr\u00e4ningspass.<\/p>\n<p>\u2013 Vi vill att de unga som deltar i Ledarakademin ska v\u00e4xa b\u00e5de som ledare och som personer.<\/p>\n<p>F\u00f6r Saimat Farid m\u00e4rks det n\u00e4r passet \u00e4r \u00f6ver och kontakten lever vidare i omr\u00e5det.<\/p>\n<p>\u2013 Det betyder mycket n\u00e4r barn och unga tr\u00e4ffar mig utanf\u00f6r Lebi och kommer fram och pratar. D\u00e5 m\u00e4rker jag att de k\u00e4nner sig trygga och att relationen vi bygger inte stannar vid aktiviteterna.<\/p>\n<p>[\/et_pb_text][et_pb_text module_class=&#8221;tiempos-txt&#8221; _builder_version=&#8221;4.27.5&#8243; _module_preset=&#8221;default&#8221; text_text_color=&#8221;#191919&#8243; text_font_size=&#8221;18px&#8221; link_font=&#8221;||||||||&#8221; header_2_font_size=&#8221;24px&#8221; custom_padding=&#8221;||||false|false&#8221; custom_css_free_form=&#8221;h2{||  padding-bottom:0px;||  margin-bottom:8px;||}&#8221; global_colors_info=&#8221;{}&#8221; theme_builder_area=&#8221;post_content&#8221;]<a href=\"https:\/\/rfsisu.se\/distrikt\/sormland\/vi-arbetar-med\/inkluderande-och-jamstalld-idrott\/idrottsklivet\" target=\"_blank\" rel=\"noopener\">Idrottsklivet i S\u00f6rmland &#8211; en satsning fr\u00e5n RF-SISU. L\u00e4s mer h\u00e4r!<\/a>[\/et_pb_text][et_pb_text _builder_version=&#8221;4.27.5&#8243; _module_preset=&#8221;default&#8221; text_font=&#8221;&#8211;et_global_body_font||||||||&#8221; text_text_color=&#8221;#191919&#8243; text_font_size=&#8221;16px&#8221; text_line_height=&#8221;1.5em&#8221; header_font=&#8221;&#8211;et_global_body_font||||||||&#8221; header_2_font=&#8221;|700|||||||&#8221; header_2_text_color=&#8221;#191919&#8243; header_2_font_size=&#8221;24px&#8221; background_color=&#8221;#f0f0f2&#8243; width=&#8221;640px&#8221; width_tablet=&#8221;100%&#8221; width_phone=&#8221;100%&#8221; width_last_edited=&#8221;on|phone&#8221; module_alignment=&#8221;center&#8221; custom_margin=&#8221;30px||||false|false&#8221; custom_padding=&#8221;30px|30px|30px|30px|true|true&#8221; header_2_font_size_tablet=&#8221;24px&#8221; header_2_font_size_phone=&#8221;22px&#8221; header_2_font_size_last_edited=&#8221;on|phone&#8221; border_radii=&#8221;on|0.5rem|0.5rem|0.5rem|0.5rem&#8221; locked=&#8221;off&#8221; global_colors_info=&#8221;{}&#8221; theme_builder_area=&#8221;post_content&#8221;]<\/p>\n<h3>S\u00f6dert\u00e4lje Idrottsgala<\/h3>\n<p><strong>Var:<\/strong> T\u00e4ljehallen.<br \/>\n<strong>N\u00e4r:<\/strong> S\u00f6dert\u00e4lje Idrottsgala gick av stapeln 11 mars.<br \/>\n<strong>Varf\u00f6r:<\/strong> L\u00e4nstidningen S\u00f6dert\u00e4lje ville tillsammans med en rad partners uppm\u00e4rksamma s\u00e5v\u00e4l elit- som breddidrotten i S\u00f6dert\u00e4lje och Nykvarn samt de eldsj\u00e4lar som driver f\u00f6reningslivet fram\u00e5t.<br \/>\n<strong>Vilka var d\u00e4r: <\/strong>Framst\u00e5ende idrottsprofiler och aktiva inom f\u00f6reningslivet. Martin &amp; Love Stenmarck underh\u00f6ll och galan leddes av tv-profilen Jessica Almen\u00e4s.<\/p>\n<p>Vill du vara en del av S\u00f6dert\u00e4lje Idrottsgala 2027 kontakta Pontus Kronemyr: <a href=\"mailto:pontus.kronemyr@bonniernews.se\">pontus.kronemyr@bonniernews.se<\/a>[\/et_pb_text][\/et_pb_column][\/et_pb_row][\/et_pb_section]<\/p>\n","protected":false},"excerpt":{"rendered":"<p>Saimat g\u00f6r skillnad f\u00f6r barn och unga i sitt eget omr\u00e5deI bostadsomr\u00e5den d\u00e4r f\u00f6reningslivet inte alltid finns n\u00e4ra kan en ung ledare bli den som f\u00e5r andra att kliva genom d\u00f6rren. Genom Ledarakademin f\u00e5r fler mod att ta plats, leda grupper och skapa trygga sammanhang d\u00e4r r\u00f6relse, gemenskap och ansvar v\u00e4xer. Inneh\u00e5ll fr\u00e5n RF-SISU \u2013 [&hellip;]<\/p>\n","protected":false},"author":1,"featured_media":1953,"comment_status":"open","ping_status":"open","sticky":false,"template":"","format":"standard","meta":{"_et_pb_use_builder":"on","_et_pb_old_content":"","_et_gb_content_width":"","footnotes":""},"categories":[5],"tags":[],"class_list":["post-1948","post","type-post","status-publish","format-standard","has-post-thumbnail","hentry","category-artiklar-2026"],"_links":{"self":[{"href":"https:\/\/kampanj.lt.se\/idrottsgalan\/wp-json\/wp\/v2\/posts\/1948","targetHints":{"allow":["GET"]}}],"collection":[{"href":"https:\/\/kampanj.lt.se\/idrottsgalan\/wp-json\/wp\/v2\/posts"}],"about":[{"href":"https:\/\/kampanj.lt.se\/idrottsgalan\/wp-json\/wp\/v2\/types\/post"}],"author":[{"embeddable":true,"href":"https:\/\/kampanj.lt.se\/idrottsgalan\/wp-json\/wp\/v2\/users\/1"}],"replies":[{"embeddable":true,"href":"https:\/\/kampanj.lt.se\/idrottsgalan\/wp-json\/wp\/v2\/comments?post=1948"}],"version-history":[{"count":9,"href":"https:\/\/kampanj.lt.se\/idrottsgalan\/wp-json\/wp\/v2\/posts\/1948\/revisions"}],"predecessor-version":[{"id":1961,"href":"https:\/\/kampanj.lt.se\/idrottsgalan\/wp-json\/wp\/v2\/posts\/1948\/revisions\/1961"}],"wp:featuredmedia":[{"embeddable":true,"href":"https:\/\/kampanj.lt.se\/idrottsgalan\/wp-json\/wp\/v2\/media\/1953"}],"wp:attachment":[{"href":"https:\/\/kampanj.lt.se\/idrottsgalan\/wp-json\/wp\/v2\/media?parent=1948"}],"wp:term":[{"taxonomy":"category","embeddable":true,"href":"https:\/\/kampanj.lt.se\/idrottsgalan\/wp-json\/wp\/v2\/categories?post=1948"},{"taxonomy":"post_tag","embeddable":true,"href":"https:\/\/kampanj.lt.se\/idrottsgalan\/wp-json\/wp\/v2\/tags?post=1948"}],"curies":[{"name":"wp","href":"https:\/\/api.w.org\/{rel}","templated":true}]}}