{"id":1938,"date":"2026-03-18T13:58:39","date_gmt":"2026-03-18T12:58:39","guid":{"rendered":"https:\/\/kampanj.lt.se\/idrottsgalan\/?p=1938"},"modified":"2026-04-21T13:54:55","modified_gmt":"2026-04-21T11:54:55","slug":"badmintonen-gor-mig-till-en-battre-projektledare-pa-jobbet","status":"publish","type":"post","link":"https:\/\/kampanj.lt.se\/idrottsgalan\/badmintonen-gor-mig-till-en-battre-projektledare-pa-jobbet\/","title":{"rendered":"\u201dBadmintonen g\u00f6r mig till en b\u00e4ttre projektledare p\u00e5 jobbet\u201d"},"content":{"rendered":"<p>[et_pb_section fb_built=&#8221;1&#8243; custom_padding_last_edited=&#8221;off|phone&#8221; module_class=&#8221;brodtext&#8221; _builder_version=&#8221;4.23.4&#8243; _module_preset=&#8221;default&#8221; background_color=&#8221;#f7f9fb&#8221; custom_padding=&#8221;30px||30px||false|false&#8221; custom_padding_tablet=&#8221;50px||50px||true|false&#8221; custom_padding_phone=&#8221;40px||40px||true|false&#8221; global_colors_info=&#8221;{}&#8221;][et_pb_row _builder_version=&#8221;4.23.1&#8243; _module_preset=&#8221;default&#8221; width_tablet=&#8221;80%&#8221; width_phone=&#8221;90%&#8221; width_last_edited=&#8221;on|phone&#8221; max_width=&#8221;640px&#8221; module_alignment=&#8221;center&#8221; custom_margin=&#8221;0px||0px||true|false&#8221; custom_padding=&#8221;0px||0px||true|false&#8221; global_colors_info=&#8221;{}&#8221;][et_pb_column type=&#8221;4_4&#8243; _builder_version=&#8221;4.20.0&#8243; _module_preset=&#8221;default&#8221; global_colors_info=&#8221;{}&#8221;][et_pb_text _builder_version=&#8221;4.27.5&#8243; _module_preset=&#8221;default&#8221; header_font=&#8221;|700|||||||&#8221; header_font_size=&#8221;43px&#8221; custom_margin=&#8221;||0px||false|false&#8221; custom_padding=&#8221;||0px||false|false&#8221; header_font_size_tablet=&#8221;40px&#8221; header_font_size_phone=&#8221;28px&#8221; header_font_size_last_edited=&#8221;on|phone&#8221; custom_css_free_form=&#8221;.citat-blue{||  color:#007CBF;||}||.reg-txt{||  font-weight:normal!important;||}&#8221; global_colors_info=&#8221;{}&#8221;]<\/p>\n<h1>\u201dBadmintonen g\u00f6r mig till en b\u00e4ttre projektledare p\u00e5 jobbet\u201d<\/h1>\n<p>[\/et_pb_text][et_pb_text _builder_version=&#8221;4.27.5&#8243; _dynamic_attributes=&#8221;content&#8221; _module_preset=&#8221;default&#8221; text_font=&#8221;Inter||||||||&#8221; text_text_color=&#8221;#505762&#8243; header_5_font=&#8221;Inter||||||||&#8221; header_5_text_color=&#8221;#505762&#8243; header_5_font_size=&#8221;14px&#8221; custom_margin=&#8221;||14px||false|false&#8221; global_colors_info=&#8221;{}&#8221;]@ET-DC@eyJkeW5hbWljIjp0cnVlLCJjb250ZW50IjoicG9zdF9kYXRlIiwic2V0dGluZ3MiOnsiYmVmb3JlIjoiIiwiYWZ0ZXIiOiIiLCJkYXRlX2Zvcm1hdCI6ImRlZmF1bHQiLCJjdXN0b21fZGF0ZV9mb3JtYXQiOiIifX0=@[\/et_pb_text][et_pb_text _builder_version=&#8221;4.27.5&#8243; _module_preset=&#8221;default&#8221; text_font=&#8221;|700|||||||&#8221; text_text_color=&#8221;#191919&#8243; text_font_size=&#8221;20px&#8221; header_4_font=&#8221;Inter|700|||||||&#8221; header_4_text_color=&#8221;#191919&#8243; header_4_font_size=&#8221;20px&#8221; header_4_line_height=&#8221;1.3em&#8221; custom_margin=&#8221;||0px||false|false&#8221; custom_padding=&#8221;||0px||false|false&#8221; global_colors_info=&#8221;{}&#8221;]<\/p>\n<h4>Efter tv\u00e5 decennier med racketen i hand har Anton Tjulin l\u00e4rt sig att strukturera, leda och st\u00e4ndigt vilja bli b\u00e4ttre. Nu tar han med sig erfarenheterna fr\u00e5n badmintonen in i rollen som projektledare p\u00e5 AstraZeneca, och forts\u00e4tter samtidigt att satsa p\u00e5 sporten.<br \/>\n<\/h4>\n<p>[\/et_pb_text][et_pb_text _builder_version=&#8221;4.27.5&#8243; _module_preset=&#8221;default&#8221; text_font=&#8221;||||||||&#8221; text_text_color=&#8221;#141414&#8243; text_font_size=&#8221;16px&#8221; header_6_font_size=&#8221;16px&#8221; header_6_line_height=&#8221;1.3em&#8221; background_color=&#8221;#eff0f2&#8243; custom_margin=&#8221;20px||0px||false|false&#8221; custom_padding=&#8221;14px|20px|14px|20px|true|true&#8221; header_6_line_height_phone=&#8221;1.3em&#8221; header_6_line_height_last_edited=&#8221;off|desktop&#8221; global_colors_info=&#8221;{}&#8221;]<\/p>\n<h6 style=\"padding-bottom: 0px;\"><strong>Inneh\u00e5ll fr\u00e5n AstraZeneca<\/strong> \u2013 stolt partner till S\u00f6dert\u00e4lje Idrottsgala 2026.<\/h6>\n<p>[\/et_pb_text][\/et_pb_column][\/et_pb_row][et_pb_row _builder_version=&#8221;4.23.1&#8243; _module_preset=&#8221;default&#8221; width_tablet=&#8221;100%&#8221; width_phone=&#8221;100%&#8221; width_last_edited=&#8221;on|phone&#8221; max_width=&#8221;950px&#8221; module_alignment=&#8221;center&#8221; custom_padding=&#8221;30px||30px||true|false&#8221; global_colors_info=&#8221;{}&#8221;][et_pb_column type=&#8221;4_4&#8243; _builder_version=&#8221;4.23.1&#8243; _module_preset=&#8221;default&#8221; global_colors_info=&#8221;{}&#8221;][et_pb_image src=&#8221;https:\/\/kampanj.lt.se\/idrottsgalan\/wp-content\/uploads\/2026\/03\/astra_main_2.jpg&#8221; title_text=&#8221;astra_main_2&#8243; _builder_version=&#8221;4.27.5&#8243; _module_preset=&#8221;default&#8221; custom_margin=&#8221;0px||10px||false|false&#8221; custom_padding=&#8221;0px||0px||false|false&#8221; global_colors_info=&#8221;{}&#8221;][\/et_pb_image][\/et_pb_column][\/et_pb_row][et_pb_row _builder_version=&#8221;4.27.5&#8243; _module_preset=&#8221;default&#8221; width_tablet=&#8221;80%&#8221; width_phone=&#8221;90%&#8221; width_last_edited=&#8221;on|phone&#8221; max_width=&#8221;640px&#8221; module_alignment=&#8221;center&#8221; custom_margin=&#8221;0px||0px||true|false&#8221; custom_padding=&#8221;0px||0px||false|false&#8221; global_colors_info=&#8221;{}&#8221;][et_pb_column type=&#8221;4_4&#8243; _builder_version=&#8221;4.20.0&#8243; _module_preset=&#8221;default&#8221; global_colors_info=&#8221;{}&#8221;][et_pb_text module_class=&#8221;tiempos-txt&#8221; _builder_version=&#8221;4.27.5&#8243; _module_preset=&#8221;default&#8221; text_text_color=&#8221;#191919&#8243; text_font_size=&#8221;18px&#8221; link_font=&#8221;||||||||&#8221; header_2_font_size=&#8221;24px&#8221; custom_padding=&#8221;||||false|false&#8221; custom_css_free_form=&#8221;h2{||  padding-bottom:0px;||  margin-bottom:8px;||}&#8221; global_colors_info=&#8221;{}&#8221;]<a href=\"https:\/\/www.astrazeneca.se\/karriar\/early-talent-careers-sv.html\" target=\"_blank\" rel=\"noopener\">B\u00f6rja din karri\u00e4r hos AstraZeneca &#8211; L\u00e4s mer h\u00e4r<\/a>[\/et_pb_text][et_pb_text module_class=&#8221;tiempos-txt&#8221; _builder_version=&#8221;4.27.5&#8243; _module_preset=&#8221;default&#8221; text_text_color=&#8221;#191919&#8243; text_font_size=&#8221;18px&#8221; link_font=&#8221;||||||||&#8221; header_2_font_size=&#8221;24px&#8221; custom_padding=&#8221;||||false|false&#8221; custom_css_free_form=&#8221;h2{||  padding-bottom:0px;||  margin-bottom:8px;||}&#8221; global_colors_info=&#8221;{}&#8221;]<\/p>\n<p>Det finns fler likheter \u00e4n vad man kanske kan tro mellan jobbet p\u00e5 AstraZeneca och badmintonplanen, konstaterar Anton Tjulin. Som projektledare inom f\u00f6retagets traineeprogram driver han digitala initiativ f\u00f6r produktion och processer p\u00e5 f\u00f6retaget samtidigt som han l\u00e4r sig om hur bolaget fungerar. Men parallellt med karri\u00e4ren har han aldrig sl\u00e4ppt taget om sin stora passion: badmintonen.<\/p>\n<p>\u2013 Jag har haft sporten med mig i \u00f6ver 20 \u00e5r och den har format mig p\u00e5 m\u00e5nga s\u00e4tt, s\u00e4ger Anton Tjulin.<\/p>\n<p>Intresset v\u00e4cktes tidigt, n\u00e4r pappa tog med honom till knattebadminton i hemorten R\u00f6nninge och i Botkyrka badminton.<\/p>\n<p>\u2013 Det har h\u00e5llit i sig sedan dess, ber\u00e4ttar Anton.<\/p>\n<p>[\/et_pb_text][et_pb_image src=&#8221;https:\/\/kampanj.lt.se\/idrottsgalan\/wp-content\/uploads\/2026\/03\/astra_2.jpg&#8221; title_text=&#8221;astra_2&#8243; _builder_version=&#8221;4.27.5&#8243; _module_preset=&#8221;default&#8221; custom_margin=&#8221;25px||25px||false|false&#8221; custom_padding=&#8221;0px||0px||true|false&#8221; global_colors_info=&#8221;{}&#8221;][\/et_pb_image][\/et_pb_column][\/et_pb_row][et_pb_row _builder_version=&#8221;4.23.1&#8243; _module_preset=&#8221;default&#8221; width_tablet=&#8221;80%&#8221; width_phone=&#8221;90%&#8221; width_last_edited=&#8221;on|phone&#8221; max_width=&#8221;640px&#8221; module_alignment=&#8221;center&#8221; custom_margin=&#8221;0px||0px||true|false&#8221; custom_padding=&#8221;0px||0px||false|false&#8221; global_colors_info=&#8221;{}&#8221;][et_pb_column type=&#8221;4_4&#8243; _builder_version=&#8221;4.20.0&#8243; _module_preset=&#8221;default&#8221; global_colors_info=&#8221;{}&#8221;][et_pb_text module_class=&#8221;tiempos-txt&#8221; _builder_version=&#8221;4.27.5&#8243; _module_preset=&#8221;default&#8221; text_text_color=&#8221;#191919&#8243; text_font_size=&#8221;18px&#8221; link_font=&#8221;||||||||&#8221; header_2_font_size=&#8221;24px&#8221; custom_padding=&#8221;||||false|false&#8221; custom_css_free_form=&#8221;h2{||  padding-bottom:0px;||  margin-bottom:8px;||}&#8221; global_colors_info=&#8221;{}&#8221;]<\/p>\n<h2>Civilingenj\u00f6r i bioteknik<\/h2>\n<p>Han b\u00f6rjade spela i Botkyrka Badminton och sporten fick tidigt styra hans val. P\u00e5 riktsidrottsgymnasiet i T\u00e4by tog satsningen fart p\u00e5 allvar, med 14\u201316 tr\u00e4ningstimmar i veckan och gympass ut\u00f6ver det. Snart var han i toppen p\u00e5 juniorsidan och spelade \u00e4ven i juniortouren i Europa, ofta med skoluppgifter i bagaget.<\/p>\n<p>\u2013 Det kunde h\u00e4nda att jag satt i Italien och skrev inl\u00e4mningsuppgifter till skolan, men det fungerade bra att kombinera, s\u00e4ger han.<\/p>\n<p>Efter gymnasiet gick flyttlasset till Ume\u00e5, d\u00e4r Anton fick elitidrottskontrakt med universitetet och studerade till civilingenj\u00f6r i bioteknik. Examensarbetet gjorde han p\u00e5 AstraZeneca i S\u00f6dert\u00e4lje, och efter examen blev han antagen till f\u00f6retagets tv\u00e5\u00e5riga traineeprogram LUMINI Operations Graduate.<\/p>\n<p>Intresset f\u00f6r biologi och l\u00e4kemedelsindustrin har funnits d\u00e4r sedan l\u00e4nge, och traineeprogrammet p\u00e5 AstraZeneca inneb\u00e4r rotation mellan olika avdelningar och sajter. Samtidigt har Anton fortsatt engagera sig i sin sport, b\u00e5de som spelare i Bromma Badminton, med m\u00e5let att vara med och ta laget till h\u00f6gsta ligan, och som tr\u00e4nare f\u00f6r klubbens t\u00e4vlande ungdomar\/juniorer.<\/p>\n<p>\u2013 Att vara tr\u00e4nare ger mig s\u00e5 mycket, s\u00e4ger han.<\/p>\n<p>[\/et_pb_text][et_pb_image src=&#8221;https:\/\/kampanj.lt.se\/idrottsgalan\/wp-content\/uploads\/2026\/03\/astra_1.jpg&#8221; title_text=&#8221;astra_1&#8243; _builder_version=&#8221;4.27.5&#8243; _module_preset=&#8221;default&#8221; custom_margin=&#8221;25px||25px||false|false&#8221; custom_padding=&#8221;0px||0px||true|false&#8221; global_colors_info=&#8221;{}&#8221;][\/et_pb_image][et_pb_text module_class=&#8221;tiempos-txt&#8221; _builder_version=&#8221;4.27.5&#8243; _module_preset=&#8221;default&#8221; text_text_color=&#8221;#191919&#8243; text_font_size=&#8221;18px&#8221; link_font=&#8221;||||||||&#8221; header_2_font_size=&#8221;24px&#8221; custom_padding=&#8221;||||false|false&#8221; custom_css_free_form=&#8221;h2{||  padding-bottom:0px;||  margin-bottom:8px;||}&#8221; global_colors_info=&#8221;{}&#8221;]<\/p>\n<h2>Disciplin och ledarskap \u2013 fr\u00e5n idrott till arbetsliv<\/h2>\n<p>Att kombinera elitidrott med studier och nu ett heltidsjobb har kr\u00e4vt och kr\u00e4ver disciplin och struktur. Anton ber\u00e4ttar om tidiga morgnar, noggrann planering och ett st\u00e4ndigt fokus p\u00e5 detaljer och ett m\u00e5linriktat jobb.<\/p>\n<p>\u2013 Jag har g\u00e5tt upp vid halv sex varje morgon och sett till att sk\u00f6ta skolan. Den disciplinen har jag verkligen nytta av nu i jobbet, s\u00e4ger han.<\/p>\n<p>Ledarerfarenheten fr\u00e5n tr\u00e4narrollen \u00e4r ocks\u00e5 v\u00e4rdefull i jobbet som projektledare.<\/p>\n<p>\u2013 Det har gjort mig bekv\u00e4m i att prata inf\u00f6r en grupp, och jag har l\u00e4rt mig att strukturera upp en plan, leda m\u00e4nniskor och jobba mot gemensamma m\u00e5l. Det finns m\u00e5nga likheter mellan att l\u00e4gga upp en tr\u00e4ningsplan och att driva projekt p\u00e5 jobbet!<\/p>\n<p>\u2013 Det \u00e4r tack vare AstraZeneca och min nuvarande klubbs st\u00f6ttning av kombinationen mellan jobb och sport som g\u00f6r det m\u00f6jligt f\u00f6r mig att forts\u00e4tta satsa p\u00e5 badminton.<\/p>\n<p>[\/et_pb_text][et_pb_text module_class=&#8221;tiempos-txt&#8221; _builder_version=&#8221;4.27.5&#8243; _module_preset=&#8221;default&#8221; text_text_color=&#8221;#191919&#8243; text_font_size=&#8221;18px&#8221; link_font=&#8221;||||||||&#8221; header_2_font_size=&#8221;24px&#8221; custom_padding=&#8221;||||false|false&#8221; custom_css_free_form=&#8221;h2{||  padding-bottom:0px;||  margin-bottom:8px;||}&#8221; global_colors_info=&#8221;{}&#8221;]<a href=\"https:\/\/www.astrazeneca.se\/karriar.html\" target=\"_blank\" rel=\"noopener\">Vill du ocks\u00e5 jobb p\u00e5 AstraZeneca? L\u00e4s mer h\u00e4r!<\/a>[\/et_pb_text][et_pb_text _builder_version=&#8221;4.27.5&#8243; _module_preset=&#8221;default&#8221; text_font=&#8221;&#8211;et_global_body_font||||||||&#8221; text_text_color=&#8221;#191919&#8243; text_font_size=&#8221;16px&#8221; text_line_height=&#8221;1.5em&#8221; header_font=&#8221;&#8211;et_global_body_font||||||||&#8221; header_2_font=&#8221;|700|||||||&#8221; header_2_text_color=&#8221;#191919&#8243; header_2_font_size=&#8221;24px&#8221; background_color=&#8221;#f0f0f2&#8243; width=&#8221;640px&#8221; width_tablet=&#8221;100%&#8221; width_phone=&#8221;100%&#8221; width_last_edited=&#8221;on|phone&#8221; module_alignment=&#8221;center&#8221; custom_margin=&#8221;30px||||false|false&#8221; custom_padding=&#8221;30px|30px|30px|30px|true|true&#8221; header_2_font_size_tablet=&#8221;24px&#8221; header_2_font_size_phone=&#8221;22px&#8221; header_2_font_size_last_edited=&#8221;on|phone&#8221; border_radii=&#8221;on|0.5rem|0.5rem|0.5rem|0.5rem&#8221; locked=&#8221;off&#8221; global_colors_info=&#8221;{}&#8221;]<\/p>\n<h3>S\u00f6dert\u00e4lje Idrottsgala<\/h3>\n<p><strong>Var:<\/strong> T\u00e4ljehallen.<br \/>\n<strong>N\u00e4r:<\/strong> S\u00f6dert\u00e4lje Idrottsgala gick av stapeln 11 mars.<br \/>\n<strong>Varf\u00f6r:<\/strong> L\u00e4nstidningen S\u00f6dert\u00e4lje ville tillsammans med en rad partners uppm\u00e4rksamma s\u00e5v\u00e4l elit- som breddidrotten i S\u00f6dert\u00e4lje och Nykvarn samt de eldsj\u00e4lar som driver f\u00f6reningslivet fram\u00e5t.<br \/>\n<strong>Vilka var d\u00e4r: <\/strong>Framst\u00e5ende idrottsprofiler och aktiva inom f\u00f6reningslivet. Martin &amp; Love Stenmarck underh\u00f6ll och galan leddes av tv-profilen Jessica Almen\u00e4s.<\/p>\n<p>Vill du vara en del av S\u00f6dert\u00e4lje Idrottsgala 2027 kontakta Pontus Kronemyr: <a href=\"mailto:pontus.kronemyr@bonniernews.se\">pontus.kronemyr@bonniernews.se<\/a>[\/et_pb_text][\/et_pb_column][\/et_pb_row][\/et_pb_section]<\/p>\n","protected":false},"excerpt":{"rendered":"<p>\u201dBadmintonen g\u00f6r mig till en b\u00e4ttre projektledare p\u00e5 jobbet\u201dEfter tv\u00e5 decennier med racketen i hand har Anton Tjulin l\u00e4rt sig att strukturera, leda och st\u00e4ndigt vilja bli b\u00e4ttre. Nu tar han med sig erfarenheterna fr\u00e5n badmintonen in i rollen som projektledare p\u00e5 AstraZeneca, och forts\u00e4tter samtidigt att satsa p\u00e5 sporten. Inneh\u00e5ll fr\u00e5n AstraZeneca \u2013 stolt [&hellip;]<\/p>\n","protected":false},"author":1,"featured_media":1941,"comment_status":"open","ping_status":"open","sticky":false,"template":"","format":"standard","meta":{"_et_pb_use_builder":"on","_et_pb_old_content":"","_et_gb_content_width":"","footnotes":""},"categories":[5],"tags":[],"class_list":["post-1938","post","type-post","status-publish","format-standard","has-post-thumbnail","hentry","category-artiklar-2026"],"_links":{"self":[{"href":"https:\/\/kampanj.lt.se\/idrottsgalan\/wp-json\/wp\/v2\/posts\/1938","targetHints":{"allow":["GET"]}}],"collection":[{"href":"https:\/\/kampanj.lt.se\/idrottsgalan\/wp-json\/wp\/v2\/posts"}],"about":[{"href":"https:\/\/kampanj.lt.se\/idrottsgalan\/wp-json\/wp\/v2\/types\/post"}],"author":[{"embeddable":true,"href":"https:\/\/kampanj.lt.se\/idrottsgalan\/wp-json\/wp\/v2\/users\/1"}],"replies":[{"embeddable":true,"href":"https:\/\/kampanj.lt.se\/idrottsgalan\/wp-json\/wp\/v2\/comments?post=1938"}],"version-history":[{"count":5,"href":"https:\/\/kampanj.lt.se\/idrottsgalan\/wp-json\/wp\/v2\/posts\/1938\/revisions"}],"predecessor-version":[{"id":1947,"href":"https:\/\/kampanj.lt.se\/idrottsgalan\/wp-json\/wp\/v2\/posts\/1938\/revisions\/1947"}],"wp:featuredmedia":[{"embeddable":true,"href":"https:\/\/kampanj.lt.se\/idrottsgalan\/wp-json\/wp\/v2\/media\/1941"}],"wp:attachment":[{"href":"https:\/\/kampanj.lt.se\/idrottsgalan\/wp-json\/wp\/v2\/media?parent=1938"}],"wp:term":[{"taxonomy":"category","embeddable":true,"href":"https:\/\/kampanj.lt.se\/idrottsgalan\/wp-json\/wp\/v2\/categories?post=1938"},{"taxonomy":"post_tag","embeddable":true,"href":"https:\/\/kampanj.lt.se\/idrottsgalan\/wp-json\/wp\/v2\/tags?post=1938"}],"curies":[{"name":"wp","href":"https:\/\/api.w.org\/{rel}","templated":true}]}}