{"id":1883,"date":"2026-03-06T10:25:56","date_gmt":"2026-03-06T09:25:56","guid":{"rendered":"https:\/\/kampanj.lt.se\/idrottsgalan\/?p=1883"},"modified":"2026-03-12T10:34:56","modified_gmt":"2026-03-12T09:34:56","slug":"nara-snabbt-och-personligt-vi-vill-sticka-ut","status":"publish","type":"post","link":"https:\/\/kampanj.lt.se\/idrottsgalan\/nara-snabbt-och-personligt-vi-vill-sticka-ut\/","title":{"rendered":"N\u00e4ra, snabbt och personligt &#8211; \u201cVi vill sticka ut\u201d"},"content":{"rendered":"<p>[et_pb_section fb_built=&#8221;1&#8243; custom_padding_last_edited=&#8221;off|phone&#8221; module_class=&#8221;brodtext&#8221; _builder_version=&#8221;4.23.4&#8243; _module_preset=&#8221;default&#8221; background_color=&#8221;#f7f9fb&#8221; custom_padding=&#8221;30px||30px||false|false&#8221; custom_padding_tablet=&#8221;50px||50px||true|false&#8221; custom_padding_phone=&#8221;40px||40px||true|false&#8221; global_colors_info=&#8221;{}&#8221; theme_builder_area=&#8221;post_content&#8221;][et_pb_row _builder_version=&#8221;4.23.1&#8243; _module_preset=&#8221;default&#8221; width_tablet=&#8221;80%&#8221; width_phone=&#8221;90%&#8221; width_last_edited=&#8221;on|phone&#8221; max_width=&#8221;640px&#8221; module_alignment=&#8221;center&#8221; custom_margin=&#8221;0px||0px||true|false&#8221; custom_padding=&#8221;0px||0px||true|false&#8221; global_colors_info=&#8221;{}&#8221; theme_builder_area=&#8221;post_content&#8221;][et_pb_column type=&#8221;4_4&#8243; _builder_version=&#8221;4.20.0&#8243; _module_preset=&#8221;default&#8221; global_colors_info=&#8221;{}&#8221; theme_builder_area=&#8221;post_content&#8221;][et_pb_text _builder_version=&#8221;4.27.5&#8243; _module_preset=&#8221;default&#8221; header_font=&#8221;|700|||||||&#8221; header_font_size=&#8221;48px&#8221; custom_margin=&#8221;||0px||false|false&#8221; custom_padding=&#8221;||0px||false|false&#8221; header_font_size_tablet=&#8221;46px&#8221; header_font_size_phone=&#8221;39px&#8221; header_font_size_last_edited=&#8221;on|phone&#8221; custom_css_free_form=&#8221;.citat-blue{||  color:#007CBF;||}||.reg-txt{||  font-weight:normal!important;||}&#8221; global_colors_info=&#8221;{}&#8221; theme_builder_area=&#8221;post_content&#8221;]<\/p>\n<h1>N\u00e4ra, snabbt och personligt &#8211; \u201cVi vill sticka ut\u201d<\/h1>\n<p>[\/et_pb_text][et_pb_text _builder_version=&#8221;4.27.5&#8243; _dynamic_attributes=&#8221;content&#8221; _module_preset=&#8221;default&#8221; text_font=&#8221;Inter||||||||&#8221; text_text_color=&#8221;#505762&#8243; header_5_font=&#8221;Inter||||||||&#8221; header_5_text_color=&#8221;#505762&#8243; header_5_font_size=&#8221;14px&#8221; custom_margin=&#8221;||14px||false|false&#8221; global_colors_info=&#8221;{}&#8221; theme_builder_area=&#8221;post_content&#8221;]@ET-DC@eyJkeW5hbWljIjp0cnVlLCJjb250ZW50IjoicG9zdF9kYXRlIiwic2V0dGluZ3MiOnsiYmVmb3JlIjoiIiwiYWZ0ZXIiOiIiLCJkYXRlX2Zvcm1hdCI6ImRlZmF1bHQiLCJjdXN0b21fZGF0ZV9mb3JtYXQiOiIifX0=@[\/et_pb_text][et_pb_text _builder_version=&#8221;4.27.5&#8243; _module_preset=&#8221;default&#8221; text_font=&#8221;|700|||||||&#8221; text_text_color=&#8221;#191919&#8243; text_font_size=&#8221;20px&#8221; header_4_font=&#8221;Inter|700|||||||&#8221; header_4_text_color=&#8221;#191919&#8243; header_4_font_size=&#8221;20px&#8221; header_4_line_height=&#8221;1.3em&#8221; custom_margin=&#8221;||0px||false|false&#8221; custom_padding=&#8221;||0px||false|false&#8221; global_colors_info=&#8221;{}&#8221; theme_builder_area=&#8221;post_content&#8221;]<\/p>\n<h4>Stora volymkrav, dyra uppl\u00e4gg och leveranser som drog ut p\u00e5 tiden. \u00c5sa Helenefors och Patrik Johansson ville g\u00f6ra tv\u00e4rtom &#8211; och startade d\u00e4rf\u00f6r Nykvarnsprofilen.<\/h4>\n<h4>\u2013 M\u00e5nga fastnar i l\u00f6sningar som inte riktigt passar dem. Vi ville s\u00e4nka tr\u00f6sklarna och g\u00f6ra profilk\u00f6p mer personligt och mindre komplicerat, s\u00e4ger \u00c5sa Helenefors.<\/h4>\n<h4>Nu v\u00e4xer bolaget snabbt, med tydlig riktning fram\u00e5t.<\/h4>\n<p>[\/et_pb_text][et_pb_text _builder_version=&#8221;4.27.5&#8243; _module_preset=&#8221;default&#8221; text_font=&#8221;||||||||&#8221; text_text_color=&#8221;#141414&#8243; text_font_size=&#8221;16px&#8221; header_6_font_size=&#8221;16px&#8221; header_6_line_height=&#8221;1.3em&#8221; background_color=&#8221;#eff0f2&#8243; custom_margin=&#8221;20px||0px||false|false&#8221; custom_padding=&#8221;14px|20px|14px|20px|true|true&#8221; header_6_line_height_phone=&#8221;1.3em&#8221; header_6_line_height_last_edited=&#8221;off|desktop&#8221; global_colors_info=&#8221;{}&#8221; theme_builder_area=&#8221;post_content&#8221;]<\/p>\n<h6 style=\"padding-bottom: 0px;\"><strong>Inneh\u00e5ll fr\u00e5n Nykvarnsprofilen<\/strong> \u2013 stolt partner till S\u00f6dert\u00e4lje Idrottsgala 2026.<\/h6>\n<p>[\/et_pb_text][\/et_pb_column][\/et_pb_row][et_pb_row _builder_version=&#8221;4.23.1&#8243; _module_preset=&#8221;default&#8221; width_tablet=&#8221;100%&#8221; width_phone=&#8221;100%&#8221; width_last_edited=&#8221;on|phone&#8221; max_width=&#8221;950px&#8221; module_alignment=&#8221;center&#8221; custom_padding=&#8221;30px||30px||true|false&#8221; global_colors_info=&#8221;{}&#8221; theme_builder_area=&#8221;post_content&#8221;][et_pb_column type=&#8221;4_4&#8243; _builder_version=&#8221;4.23.1&#8243; _module_preset=&#8221;default&#8221; global_colors_info=&#8221;{}&#8221; theme_builder_area=&#8221;post_content&#8221;][et_pb_image src=&#8221;https:\/\/kampanj.lt.se\/idrottsgalan\/wp-content\/uploads\/2026\/03\/lt_nykvarnprofilen_main-1.jpg&#8221; title_text=&#8221;lt_nykvarnprofilen_main&#8221; _builder_version=&#8221;4.27.5&#8243; _module_preset=&#8221;default&#8221; custom_margin=&#8221;0px||0px||true|false&#8221; custom_padding=&#8221;0px||0px||false|false&#8221; global_colors_info=&#8221;{}&#8221; theme_builder_area=&#8221;post_content&#8221;][\/et_pb_image][\/et_pb_column][\/et_pb_row][et_pb_row _builder_version=&#8221;4.23.1&#8243; _module_preset=&#8221;default&#8221; width_tablet=&#8221;80%&#8221; width_phone=&#8221;90%&#8221; width_last_edited=&#8221;on|phone&#8221; max_width=&#8221;640px&#8221; module_alignment=&#8221;center&#8221; custom_margin=&#8221;0px||0px||true|false&#8221; custom_padding=&#8221;0px||0px||false|false&#8221; global_colors_info=&#8221;{}&#8221; theme_builder_area=&#8221;post_content&#8221;][et_pb_column type=&#8221;4_4&#8243; _builder_version=&#8221;4.20.0&#8243; _module_preset=&#8221;default&#8221; global_colors_info=&#8221;{}&#8221; theme_builder_area=&#8221;post_content&#8221;][et_pb_text module_class=&#8221;tiempos-txt&#8221; _builder_version=&#8221;4.27.5&#8243; _module_preset=&#8221;default&#8221; text_text_color=&#8221;#191919&#8243; text_font_size=&#8221;18px&#8221; link_font=&#8221;||||||||&#8221; header_2_font_size=&#8221;24px&#8221; custom_padding=&#8221;||||false|false&#8221; custom_css_free_form=&#8221;h2{||  padding-bottom:0px;||  margin-bottom:8px;||}&#8221; global_colors_info=&#8221;{}&#8221; theme_builder_area=&#8221;post_content&#8221;]<a href=\"https:\/\/www.nykvarnsprofilen.se\/\" target=\"_blank\" rel=\"noopener\">L\u00e4s mer om Nykvarnsprofilen h\u00e4r<\/a>[\/et_pb_text][et_pb_text module_class=&#8221;tiempos-txt&#8221; _builder_version=&#8221;4.27.5&#8243; _module_preset=&#8221;default&#8221; text_text_color=&#8221;#191919&#8243; text_font_size=&#8221;18px&#8221; link_font=&#8221;||||||||&#8221; header_2_font_size=&#8221;24px&#8221; custom_padding=&#8221;||||false|false&#8221; custom_css_free_form=&#8221;h2{||  padding-bottom:0px;||  margin-bottom:8px;||}&#8221; global_colors_info=&#8221;{}&#8221; theme_builder_area=&#8221;post_content&#8221;]<\/p>\n<p>\u00c5sa Helenefors och Patrik Johansson har en bakgrund inom olika branscher, men delar ett gemensamt fokus p\u00e5 entrepren\u00f6rskap och service. Id\u00e9n till det gemensamma f\u00f6retaget Nykvarnsprofilen f\u00f6ddes ur en erfarenhet de delade med m\u00e5nga andra:<\/p>\n<p>\u2013 Vi har sj\u00e4lva varit k\u00f6pare av profilreklam och upplevt att det ofta varit dyrt och komplicerat. Man m\u00e5ste ofta best\u00e4lla stora volymer och hamnar l\u00e4tt med lager man inte beh\u00f6ver. Vi ville s\u00e4nka tr\u00f6sklarna, g\u00f6ra det smartare, enklare och modernare, ber\u00e4ttar \u00c5sa Helenefors.<\/p>\n<p>[\/et_pb_text][et_pb_image src=&#8221;https:\/\/kampanj.lt.se\/idrottsgalan\/wp-content\/uploads\/2026\/03\/lt_nykvarnprofilen.jpg&#8221; title_text=&#8221;lt_nykvarnprofilen&#8221; _builder_version=&#8221;4.27.5&#8243; _module_preset=&#8221;default&#8221; custom_margin=&#8221;25px||25px||false|false&#8221; custom_padding=&#8221;0px||0px||true|false&#8221; global_colors_info=&#8221;{}&#8221; theme_builder_area=&#8221;post_content&#8221;][\/et_pb_image][et_pb_text module_class=&#8221;tiempos-txt&#8221; _builder_version=&#8221;4.27.5&#8243; _module_preset=&#8221;default&#8221; text_text_color=&#8221;#191919&#8243; text_font_size=&#8221;18px&#8221; link_font=&#8221;||||||||&#8221; header_2_font_size=&#8221;24px&#8221; custom_padding=&#8221;||||false|false&#8221; custom_css_free_form=&#8221;h2{||  padding-bottom:0px;||  margin-bottom:8px;||}&#8221; global_colors_info=&#8221;{}&#8221; theme_builder_area=&#8221;post_content&#8221;]<\/p>\n<h2>\u201dAllt du kan s\u00e4tta en logga p\u00e5\u201d<\/h2>\n<p>H\u00f6sten 2022 drog de ig\u00e5ng. Sedan starten har f\u00f6retaget vuxit snabbt. Under de tre f\u00f6rsta \u00e5ren har de bytt lokal tre g\u00e5nger och ut\u00f6kat produktionen med b\u00e5de tryck och brodyr. Idag har Nykvarnsprofilen fem anst\u00e4llda.<\/p>\n<p>\u2013 Vi g\u00f6r allt som du kan s\u00e4tta en logga p\u00e5, f\u00f6rutom bil- och fasadskyltar. Vi ordnar arbetskl\u00e4derna, eller jackan du har p\u00e5 dig n\u00e4r du \u00e5ker till m\u00e4ssan, pik\u00e9tr\u00f6jan, byxorna, utst\u00e4llningsmaterialet, tablettaskarna ni delar ut\u2026 Vi fixar hela helheten, s\u00e4ger Patrik Johansson.<\/p>\n<p>\u2013 Vi vill g\u00e4rna ha n\u00e4ra relationer med kunderna, och f\u00f6rst\u00e5 deras behov. Det handlar ocks\u00e5 om att visa hur mycket mer vi ofta kan hj\u00e4lpa till med. Vi vill g\u00f6ra det enkelt!<\/p>\n<p>[\/et_pb_text][et_pb_image src=&#8221;https:\/\/kampanj.lt.se\/idrottsgalan\/wp-content\/uploads\/2026\/03\/lt_nykvarnprofilen2.jpg&#8221; title_text=&#8221;lt_nykvarnprofilen2&#8243; _builder_version=&#8221;4.27.5&#8243; _module_preset=&#8221;default&#8221; custom_margin=&#8221;25px||25px||false|false&#8221; custom_padding=&#8221;0px||0px||true|false&#8221; global_colors_info=&#8221;{}&#8221; theme_builder_area=&#8221;post_content&#8221;][\/et_pb_image][et_pb_text module_class=&#8221;tiempos-txt&#8221; _builder_version=&#8221;4.27.5&#8243; _module_preset=&#8221;default&#8221; text_text_color=&#8221;#191919&#8243; text_font_size=&#8221;18px&#8221; link_font=&#8221;||||||||&#8221; header_2_font_size=&#8221;24px&#8221; custom_padding=&#8221;||||false|false&#8221; custom_css_free_form=&#8221;h2{||  padding-bottom:0px;||  margin-bottom:8px;||}&#8221; global_colors_info=&#8221;{}&#8221; theme_builder_area=&#8221;post_content&#8221;]<\/p>\n<h2>Samarbeten med hj\u00e4rta<\/h2>\n<p>Nykvarnsprofilen samarbetar ocks\u00e5 med lokala idrottsf\u00f6reningar som SSK och Nykvarn Steelers.<\/p>\n<p>\u2013 Vi \u00e4r bland annat kl\u00e4dsponsor f\u00f6r ledare och tr\u00e4nare i SSK, s\u00e4ger Patrik Johansson.<\/p>\n<p>F\u00f6r Nykvarn Steelers hanterar Nykvarnsprofilen all merchandise som s\u00e4ljs i klubbens supportershop.<\/p>\n<p>\u2013 Det handlar om stolthet, b\u00e5de f\u00f6r oss och f\u00f6r klubbarna. Vi vill g\u00f6ra det enkelt f\u00f6r dem att f\u00e5 produkter som verkligen representerar deras varum\u00e4rke, s\u00e4ger \u00c5sa Helenefors.<\/p>\n<p>[\/et_pb_text][et_pb_text module_class=&#8221;tiempos-txt&#8221; _builder_version=&#8221;4.27.5&#8243; _module_preset=&#8221;default&#8221; text_text_color=&#8221;#191919&#8243; text_font_size=&#8221;18px&#8221; link_font=&#8221;||||||||&#8221; header_2_font_size=&#8221;24px&#8221; custom_padding=&#8221;||||false|false&#8221; custom_css_free_form=&#8221;h2{||  padding-bottom:0px;||  margin-bottom:8px;||}&#8221; global_colors_info=&#8221;{}&#8221; theme_builder_area=&#8221;post_content&#8221;]<\/p>\n<h2>Framtiden: upplevelse och expansion<\/h2>\n<p>Nykvarnsprofilen satsar ocks\u00e5 p\u00e5 att skapa en fysisk upplevelse f\u00f6r kunderna.<\/p>\n<p>\u2013 Vi vill att Nykvarn ska bli en profil-destination. Att komma in i v\u00e5rt showroom ska k\u00e4nnas som att g\u00e5 in i en godisbutik f\u00f6r f\u00f6retag. M\u00e5nga vill se och testa innan de best\u00e4ller, och den upplevelsen kan man inte f\u00e5 online, s\u00e4ger Patrik Johansson.<\/p>\n<p>Parallellt utvecklar de \u00e4ven ett expresskoncept f\u00f6r kunder som h\u00f6r av sig med kort varsel. Ambitionen \u00e4r att kunna erbjuda olika snabbsp\u00e5r, fr\u00e5n leverans inom 24 timmar.<\/p>\n<p>Fram\u00e5t planerar f\u00f6retaget expansion till andra orter.<\/p>\n<p>\u2013 V\u00e5r ambition \u00e4r att forts\u00e4tta kombinera personlig service med snabb och p\u00e5litlig leverans, och att alltid g\u00f6ra det enkelt och roligt f\u00f6r v\u00e5ra kunder, s\u00e4ger \u00c5sa Helenefors.<\/p>\n<p>[\/et_pb_text][et_pb_text module_class=&#8221;tiempos-txt&#8221; _builder_version=&#8221;4.27.5&#8243; _module_preset=&#8221;default&#8221; text_text_color=&#8221;#191919&#8243; text_font_size=&#8221;18px&#8221; link_font=&#8221;||||||||&#8221; header_2_font_size=&#8221;24px&#8221; custom_padding=&#8221;||||false|false&#8221; custom_css_free_form=&#8221;h2{||  padding-bottom:0px;||  margin-bottom:8px;||}&#8221; global_colors_info=&#8221;{}&#8221; theme_builder_area=&#8221;post_content&#8221;]<a href=\"https:\/\/www.nykvarnsprofilen.se\/\" target=\"_blank\" rel=\"noopener\">L\u00e4s mer om Nykvarnsprofilen h\u00e4r<\/a>[\/et_pb_text][et_pb_text _builder_version=&#8221;4.27.5&#8243; _module_preset=&#8221;default&#8221; text_font=&#8221;&#8211;et_global_body_font||||||||&#8221; text_text_color=&#8221;#191919&#8243; text_font_size=&#8221;16px&#8221; text_line_height=&#8221;1.5em&#8221; header_font=&#8221;&#8211;et_global_body_font||||||||&#8221; header_2_font=&#8221;|700|||||||&#8221; header_2_text_color=&#8221;#191919&#8243; header_2_font_size=&#8221;24px&#8221; background_color=&#8221;#f0f0f2&#8243; width=&#8221;640px&#8221; width_tablet=&#8221;100%&#8221; width_phone=&#8221;100%&#8221; width_last_edited=&#8221;on|phone&#8221; module_alignment=&#8221;center&#8221; custom_margin=&#8221;30px||||false|false&#8221; custom_padding=&#8221;30px|30px|30px|30px|true|true&#8221; hover_enabled=&#8221;0&#8243; header_2_font_size_tablet=&#8221;24px&#8221; header_2_font_size_phone=&#8221;22px&#8221; header_2_font_size_last_edited=&#8221;on|phone&#8221; border_radii=&#8221;on|0.5rem|0.5rem|0.5rem|0.5rem&#8221; locked=&#8221;off&#8221; global_colors_info=&#8221;{}&#8221; theme_builder_area=&#8221;post_content&#8221; sticky_enabled=&#8221;0&#8243;]<\/p>\n<h3>S\u00f6dert\u00e4lje Idrottsgala<\/h3>\n<p><strong>Var:<\/strong> T\u00e4ljehallen.<br \/><strong>N\u00e4r:<\/strong> S\u00f6dert\u00e4lje Idrottsgala gick av stapeln 11 mars.<br \/><strong>Varf\u00f6r:<\/strong> L\u00e4nstidningen S\u00f6dert\u00e4lje ville tillsammans med en rad partners uppm\u00e4rksamma s\u00e5v\u00e4l elit- som breddidrotten i S\u00f6dert\u00e4lje och Nykvarn samt de eldsj\u00e4lar som driver f\u00f6reningslivet fram\u00e5t.<br \/><strong>Vilka var d\u00e4r: <\/strong>Framst\u00e5ende idrottsprofiler och aktiva inom f\u00f6reningslivet. Martin &amp; Love Stenmarck underh\u00f6ll och galan leddes av tv-profilen Jessica Almen\u00e4s.<\/p>\n<p>Vill du vara en del av S\u00f6dert\u00e4lje Idrottsgala 2027 kontakta Pontus Kronemyr: <a href=\"mailto:pontus.kronemyr@bonniernews.se\">pontus.kronemyr@bonniernews.se<\/a><\/p>\n<p>[\/et_pb_text][\/et_pb_column][\/et_pb_row][\/et_pb_section]<\/p>\n","protected":false},"excerpt":{"rendered":"<p>N\u00e4ra, snabbt och personligt &#8211; \u201cVi vill sticka ut\u201dStora volymkrav, dyra uppl\u00e4gg och leveranser som drog ut p\u00e5 tiden. \u00c5sa Helenefors och Patrik Johansson ville g\u00f6ra tv\u00e4rtom &#8211; och startade d\u00e4rf\u00f6r Nykvarnsprofilen. \u2013 M\u00e5nga fastnar i l\u00f6sningar som inte riktigt passar dem. Vi ville s\u00e4nka tr\u00f6sklarna och g\u00f6ra profilk\u00f6p mer personligt och mindre komplicerat, s\u00e4ger [&hellip;]<\/p>\n","protected":false},"author":1,"featured_media":1884,"comment_status":"open","ping_status":"open","sticky":false,"template":"","format":"standard","meta":{"_et_pb_use_builder":"on","_et_pb_old_content":"","_et_gb_content_width":"","footnotes":""},"categories":[5],"tags":[],"class_list":["post-1883","post","type-post","status-publish","format-standard","has-post-thumbnail","hentry","category-artiklar-2026"],"_links":{"self":[{"href":"https:\/\/kampanj.lt.se\/idrottsgalan\/wp-json\/wp\/v2\/posts\/1883","targetHints":{"allow":["GET"]}}],"collection":[{"href":"https:\/\/kampanj.lt.se\/idrottsgalan\/wp-json\/wp\/v2\/posts"}],"about":[{"href":"https:\/\/kampanj.lt.se\/idrottsgalan\/wp-json\/wp\/v2\/types\/post"}],"author":[{"embeddable":true,"href":"https:\/\/kampanj.lt.se\/idrottsgalan\/wp-json\/wp\/v2\/users\/1"}],"replies":[{"embeddable":true,"href":"https:\/\/kampanj.lt.se\/idrottsgalan\/wp-json\/wp\/v2\/comments?post=1883"}],"version-history":[{"count":10,"href":"https:\/\/kampanj.lt.se\/idrottsgalan\/wp-json\/wp\/v2\/posts\/1883\/revisions"}],"predecessor-version":[{"id":1904,"href":"https:\/\/kampanj.lt.se\/idrottsgalan\/wp-json\/wp\/v2\/posts\/1883\/revisions\/1904"}],"wp:featuredmedia":[{"embeddable":true,"href":"https:\/\/kampanj.lt.se\/idrottsgalan\/wp-json\/wp\/v2\/media\/1884"}],"wp:attachment":[{"href":"https:\/\/kampanj.lt.se\/idrottsgalan\/wp-json\/wp\/v2\/media?parent=1883"}],"wp:term":[{"taxonomy":"category","embeddable":true,"href":"https:\/\/kampanj.lt.se\/idrottsgalan\/wp-json\/wp\/v2\/categories?post=1883"},{"taxonomy":"post_tag","embeddable":true,"href":"https:\/\/kampanj.lt.se\/idrottsgalan\/wp-json\/wp\/v2\/tags?post=1883"}],"curies":[{"name":"wp","href":"https:\/\/api.w.org\/{rel}","templated":true}]}}