{"id":1867,"date":"2026-03-05T10:43:42","date_gmt":"2026-03-05T09:43:42","guid":{"rendered":"https:\/\/kampanj.lt.se\/idrottsgalan\/?p=1867"},"modified":"2026-03-12T10:35:38","modified_gmt":"2026-03-12T09:35:38","slug":"vi-vill-starka-ungas-framtidstro","status":"publish","type":"post","link":"https:\/\/kampanj.lt.se\/idrottsgalan\/vi-vill-starka-ungas-framtidstro\/","title":{"rendered":"\u201cVi vill st\u00e4rka ungas framtidstro\u201d"},"content":{"rendered":"<p>[et_pb_section fb_built=&#8221;1&#8243; custom_padding_last_edited=&#8221;off|phone&#8221; module_class=&#8221;brodtext&#8221; _builder_version=&#8221;4.23.4&#8243; _module_preset=&#8221;default&#8221; background_color=&#8221;#f7f9fb&#8221; custom_padding=&#8221;30px||30px||false|false&#8221; custom_padding_tablet=&#8221;50px||50px||true|false&#8221; custom_padding_phone=&#8221;40px||40px||true|false&#8221; global_colors_info=&#8221;{}&#8221; theme_builder_area=&#8221;post_content&#8221;][et_pb_row _builder_version=&#8221;4.23.1&#8243; _module_preset=&#8221;default&#8221; width_tablet=&#8221;80%&#8221; width_phone=&#8221;90%&#8221; width_last_edited=&#8221;on|phone&#8221; max_width=&#8221;640px&#8221; module_alignment=&#8221;center&#8221; custom_margin=&#8221;0px||0px||true|false&#8221; custom_padding=&#8221;0px||0px||true|false&#8221; global_colors_info=&#8221;{}&#8221; theme_builder_area=&#8221;post_content&#8221;][et_pb_column type=&#8221;4_4&#8243; _builder_version=&#8221;4.20.0&#8243; _module_preset=&#8221;default&#8221; global_colors_info=&#8221;{}&#8221; theme_builder_area=&#8221;post_content&#8221;][et_pb_text _builder_version=&#8221;4.27.5&#8243; _module_preset=&#8221;default&#8221; header_font=&#8221;|700|||||||&#8221; header_font_size=&#8221;65px&#8221; custom_margin=&#8221;||0px||false|false&#8221; custom_padding=&#8221;||0px||false|false&#8221; header_font_size_tablet=&#8221;62px&#8221; header_font_size_phone=&#8221;35px&#8221; header_font_size_last_edited=&#8221;on|phone&#8221; custom_css_free_form=&#8221;.citat-blue{||  color:#007CBF;||}||.reg-txt{||  font-weight:normal!important;||}&#8221; global_colors_info=&#8221;{}&#8221; theme_builder_area=&#8221;post_content&#8221;]<\/p>\n<h1>\u201cVi vill st\u00e4rka ungas framtidstro\u201d<\/h1>\n<p>[\/et_pb_text][et_pb_text _builder_version=&#8221;4.27.5&#8243; _dynamic_attributes=&#8221;content&#8221; _module_preset=&#8221;default&#8221; text_font=&#8221;Inter||||||||&#8221; text_text_color=&#8221;#505762&#8243; header_5_font=&#8221;Inter||||||||&#8221; header_5_text_color=&#8221;#505762&#8243; header_5_font_size=&#8221;14px&#8221; custom_margin=&#8221;||14px||false|false&#8221; global_colors_info=&#8221;{}&#8221; theme_builder_area=&#8221;post_content&#8221;]@ET-DC@eyJkeW5hbWljIjp0cnVlLCJjb250ZW50IjoicG9zdF9kYXRlIiwic2V0dGluZ3MiOnsiYmVmb3JlIjoiIiwiYWZ0ZXIiOiIiLCJkYXRlX2Zvcm1hdCI6ImRlZmF1bHQiLCJjdXN0b21fZGF0ZV9mb3JtYXQiOiIifX0=@[\/et_pb_text][et_pb_text _builder_version=&#8221;4.27.5&#8243; _module_preset=&#8221;default&#8221; text_font=&#8221;|700|||||||&#8221; text_text_color=&#8221;#191919&#8243; text_font_size=&#8221;20px&#8221; header_4_font=&#8221;Inter|700|||||||&#8221; header_4_text_color=&#8221;#191919&#8243; header_4_font_size=&#8221;20px&#8221; header_4_line_height=&#8221;1.3em&#8221; custom_margin=&#8221;||0px||false|false&#8221; custom_padding=&#8221;||0px||false|false&#8221; global_colors_info=&#8221;{}&#8221; theme_builder_area=&#8221;post_content&#8221;]<\/p>\n<h4>N\u00e4r unga m\u00e4nniskor blir sedda och f\u00e5r m\u00f6ta vuxna som lyssnar och finns d\u00e4r, v\u00e4xer tryggheten, delaktigheten och framtidstron.<\/h4>\n<h4>D\u00e4rf\u00f6r m\u00f6ter AstraZenecas medarbetare varje \u00e5r niondeklassare i S\u00f6dert\u00e4lje f\u00f6r samtal, st\u00f6d och aktiviteter.<\/h4>\n<p>[\/et_pb_text][et_pb_text _builder_version=&#8221;4.27.5&#8243; _module_preset=&#8221;default&#8221; text_font=&#8221;||||||||&#8221; text_text_color=&#8221;#141414&#8243; text_font_size=&#8221;16px&#8221; header_6_font_size=&#8221;16px&#8221; header_6_line_height=&#8221;1.3em&#8221; background_color=&#8221;#eff0f2&#8243; custom_margin=&#8221;20px||0px||false|false&#8221; custom_padding=&#8221;14px|20px|14px|20px|true|true&#8221; header_6_line_height_phone=&#8221;1.3em&#8221; header_6_line_height_last_edited=&#8221;off|desktop&#8221; global_colors_info=&#8221;{}&#8221; theme_builder_area=&#8221;post_content&#8221;]<\/p>\n<h6 style=\"padding-bottom: 0px;\"><strong>Inneh\u00e5ll fr\u00e5n AstraZeneca<\/strong> \u2013 stolt partner till S\u00f6dert\u00e4lje Idrottsgala 2026.<\/h6>\n<p>[\/et_pb_text][\/et_pb_column][\/et_pb_row][et_pb_row _builder_version=&#8221;4.23.1&#8243; _module_preset=&#8221;default&#8221; width_tablet=&#8221;100%&#8221; width_phone=&#8221;100%&#8221; width_last_edited=&#8221;on|phone&#8221; max_width=&#8221;950px&#8221; module_alignment=&#8221;center&#8221; custom_padding=&#8221;30px||30px||true|false&#8221; global_colors_info=&#8221;{}&#8221; theme_builder_area=&#8221;post_content&#8221;][et_pb_column type=&#8221;4_4&#8243; _builder_version=&#8221;4.23.1&#8243; _module_preset=&#8221;default&#8221; global_colors_info=&#8221;{}&#8221; theme_builder_area=&#8221;post_content&#8221;][et_pb_image src=&#8221;https:\/\/kampanj.lt.se\/idrottsgalan\/wp-content\/uploads\/2026\/03\/lt_astrazenica_main.jpg&#8221; title_text=&#8221;lt_astrazenica_main&#8221; _builder_version=&#8221;4.27.5&#8243; _module_preset=&#8221;default&#8221; custom_margin=&#8221;0px||10px||false|false&#8221; custom_padding=&#8221;0px||0px||false|false&#8221; global_colors_info=&#8221;{}&#8221; theme_builder_area=&#8221;post_content&#8221;][\/et_pb_image][\/et_pb_column][\/et_pb_row][et_pb_row column_structure=&#8221;2_3,1_3&#8243; _builder_version=&#8221;4.27.5&#8243; _module_preset=&#8221;default&#8221; width_tablet=&#8221;80%&#8221; width_phone=&#8221;90%&#8221; width_last_edited=&#8221;on|phone&#8221; max_width=&#8221;640px&#8221; module_alignment=&#8221;center&#8221; custom_margin=&#8221;0px||0px||true|false&#8221; custom_padding=&#8221;0px||25px||false|false&#8221; global_colors_info=&#8221;{}&#8221; theme_builder_area=&#8221;post_content&#8221;][et_pb_column type=&#8221;2_3&#8243; _builder_version=&#8221;4.20.0&#8243; _module_preset=&#8221;default&#8221; global_colors_info=&#8221;{}&#8221; theme_builder_area=&#8221;post_content&#8221;][et_pb_text module_class=&#8221;tiempos-txt&#8221; _builder_version=&#8221;4.27.5&#8243; _module_preset=&#8221;default&#8221; text_text_color=&#8221;#191919&#8243; text_font_size=&#8221;18px&#8221; link_font=&#8221;||||||||&#8221; header_2_font_size=&#8221;24px&#8221; custom_padding=&#8221;||||false|false&#8221; custom_css_free_form=&#8221;h2{||  padding-bottom:0px;||  margin-bottom:8px;||}&#8221; global_colors_info=&#8221;{}&#8221; theme_builder_area=&#8221;post_content&#8221;]<\/p>\n<p><a href=\"https:\/\/www.astrazeneca.se\/media\/nyhetsarkiv\/Artiklar\/boost4life---ett-samarbete-foer-att-staerka-framtidstron-bland-u.html\" target=\"_blank\" rel=\"noopener\">L\u00e4s mer om Boost4Life h\u00e4r<\/a><\/p>\n<p>[\/et_pb_text][et_pb_text module_class=&#8221;tiempos-txt&#8221; _builder_version=&#8221;4.27.5&#8243; _module_preset=&#8221;default&#8221; text_text_color=&#8221;#191919&#8243; text_font_size=&#8221;18px&#8221; link_font=&#8221;||||||||&#8221; header_2_font_size=&#8221;24px&#8221; custom_padding=&#8221;||||false|false&#8221; custom_css_free_form=&#8221;h2{||  padding-bottom:0px;||  margin-bottom:8px;||}&#8221; global_colors_info=&#8221;{}&#8221; theme_builder_area=&#8221;post_content&#8221;]<\/p>\n<p>Satsningen \u00e4r en del av Boost4Life, ett program som AstraZeneca och Mentor Sverige driver tillsammans sedan 2023 med m\u00e5let att st\u00e4rka ungas h\u00e4lsa, v\u00e4lbefinnande och framtidstro.<\/p>\n<p>\u2013 Vi vill visa eleverna att vi ser dem och tror p\u00e5 dem, s\u00e4ger Titti Schilstr\u00f6m, eventansvarig p\u00e5 AstraZeneca.<\/p>\n<p>Uppl\u00e4gget bygger p\u00e5 \u00e5terkommande coachande m\u00f6ten d\u00e4r elever f\u00e5r m\u00f6jlighet att prata om allt fr\u00e5n vardag och intressen till framtidsdr\u00f6mmar, gymnasieval och m\u00f6jliga v\u00e4gar vidare.<\/p>\n<p>[\/et_pb_text][\/et_pb_column][et_pb_column type=&#8221;1_3&#8243; _builder_version=&#8221;4.20.0&#8243; _module_preset=&#8221;default&#8221; global_colors_info=&#8221;{}&#8221; theme_builder_area=&#8221;post_content&#8221;][et_pb_image src=&#8221;https:\/\/kampanj.lt.se\/idrottsgalan\/wp-content\/uploads\/2026\/03\/lt_astrazenica_tilly_schilstrom-.jpg&#8221; title_text=&#8221;lt_astrazenica_tilly_schilstrom-&#8221; _builder_version=&#8221;4.27.5&#8243; _module_preset=&#8221;default&#8221; custom_margin=&#8221;||10px||false|false&#8221; custom_margin_tablet=&#8221;||10px||false|false&#8221; custom_margin_phone=&#8221;||10px||false|false&#8221; custom_margin_last_edited=&#8221;on|desktop&#8221; global_colors_info=&#8221;{}&#8221; theme_builder_area=&#8221;post_content&#8221;][\/et_pb_image][et_pb_text _builder_version=&#8221;4.27.5&#8243; _module_preset=&#8221;default&#8221; text_text_color=&#8221;#505762&#8243; text_line_height=&#8221;1.3em&#8221; header_5_font=&#8221;Inter||||||||&#8221; header_5_text_color=&#8221;#505762&#8243; width_tablet=&#8221;80%&#8221; width_phone=&#8221;90%&#8221; width_last_edited=&#8221;on|phone&#8221; module_alignment=&#8221;left&#8221; custom_margin=&#8221;0px||30px||false|false&#8221; custom_margin_tablet=&#8221;0px||10px||false|false&#8221; custom_margin_phone=&#8221;0px||10px||false|false&#8221; custom_margin_last_edited=&#8221;on|phone&#8221; custom_padding=&#8221;0px||0px||false|false&#8221; custom_padding_tablet=&#8221;|||20px|false|false&#8221; custom_padding_phone=&#8221;|||20px|false|false&#8221; custom_padding_last_edited=&#8221;off|desktop&#8221; locked=&#8221;off&#8221; global_colors_info=&#8221;{}&#8221; theme_builder_area=&#8221;post_content&#8221;]<\/p>\n<p>Titti Schilstr\u00f6m, eventansvarig p\u00e5 AstraZeneca.<\/p>\n<p>[\/et_pb_text][\/et_pb_column][\/et_pb_row][et_pb_row _builder_version=&#8221;4.23.1&#8243; _module_preset=&#8221;default&#8221; width_tablet=&#8221;80%&#8221; width_phone=&#8221;90%&#8221; width_last_edited=&#8221;on|phone&#8221; max_width=&#8221;640px&#8221; module_alignment=&#8221;center&#8221; custom_margin=&#8221;0px||0px||true|false&#8221; custom_padding=&#8221;0px||0px||false|false&#8221; global_colors_info=&#8221;{}&#8221; theme_builder_area=&#8221;post_content&#8221;][et_pb_column type=&#8221;4_4&#8243; _builder_version=&#8221;4.20.0&#8243; _module_preset=&#8221;default&#8221; global_colors_info=&#8221;{}&#8221; theme_builder_area=&#8221;post_content&#8221;][et_pb_text module_class=&#8221;tiempos-txt&#8221; _builder_version=&#8221;4.27.5&#8243; _module_preset=&#8221;default&#8221; text_text_color=&#8221;#191919&#8243; text_font_size=&#8221;18px&#8221; link_font=&#8221;||||||||&#8221; header_2_font_size=&#8221;24px&#8221; custom_padding=&#8221;||||false|false&#8221; custom_css_free_form=&#8221;h2{||  padding-bottom:0px;||  margin-bottom:8px;||}&#8221; global_colors_info=&#8221;{}&#8221; theme_builder_area=&#8221;post_content&#8221;]<\/p>\n<p>P\u00e5 Hovsj\u00f6skolan tr\u00e4ffar niondeklassarna medarbetare fr\u00e5n AstraZeneca flera g\u00e5nger under l\u00e4s\u00e5ret. Tillsammans g\u00f6r man bland annat studiebes\u00f6k p\u00e5 Tom Tits Experiment och Vetenskapens Hus, d\u00e4r eleverna f\u00e5r prova p\u00e5 laborativt arbete. Eleverna f\u00e5r ocks\u00e5 en inblick i arbetslivet genom att bes\u00f6ka AstraZenecas anl\u00e4ggning.<\/p>\n<p>[\/et_pb_text][et_pb_code _builder_version=&#8221;4.27.5&#8243; _module_preset=&#8221;default&#8221; width=&#8221;60px&#8221; max_width=&#8221;60px&#8221; module_alignment=&#8221;left&#8221; custom_margin=&#8221;||0px||false|false&#8221; global_colors_info=&#8221;{}&#8221; theme_builder_area=&#8221;post_content&#8221;]<svg xmlns=\"http:\/\/www.w3.org\/2000\/svg\" fill=\"none\" viewBox=\"0 0 24 24\" class=\"icon icon-quote-solid\"><path fill=\"#005f99\" d=\"M17.727 6c2.874 0 5.21 2.308 5.273 5.18v.26a7.72 7.72 0 0 1-2.242 5.307A7.64 7.64 0 0 1 15.478 19h-.138v-.79a6.83 6.83 0 0 0 5.265-2.465 5.26 5.26 0 0 1-6.733-.808 5.31 5.31 0 0 1-1.35-4.56 5.3 5.3 0 0 1 .968-2.243 5.3 5.3 0 0 1 1.865-1.569 5.26 5.26 0 0 1 2.368-.561zM6.282 6c2.874 0 5.214 2.308 5.277 5.18v.26a7.72 7.72 0 0 1-2.245 5.307A7.65 7.65 0 0 1 4.032 19H3.9v-.79a6.84 6.84 0 0 0 5.265-2.465 5.26 5.26 0 0 1-6.734-.809 5.31 5.31 0 0 1-1.348-4.562 5.3 5.3 0 0 1 .969-2.243 5.3 5.3 0 0 1 1.866-1.567 5.26 5.26 0 0 1 2.369-.56z\"><\/path><path fill=\"#005f99\" d=\"M17.727 6c2.874 0 5.21 2.308 5.273 5.18v.26a7.72 7.72 0 0 1-2.242 5.307A7.64 7.64 0 0 1 15.478 19h-.138v-.79a6.83 6.83 0 0 0 5.265-2.465 5.26 5.26 0 0 1-6.733-.808 5.31 5.31 0 0 1-1.35-4.56 5.3 5.3 0 0 1 .968-2.243 5.3 5.3 0 0 1 1.865-1.569 5.26 5.26 0 0 1 2.368-.561zM6.282 6c2.874 0 5.214 2.308 5.277 5.18v.26a7.72 7.72 0 0 1-2.245 5.307A7.65 7.65 0 0 1 4.032 19H3.9v-.79a6.84 6.84 0 0 0 5.265-2.465 5.26 5.26 0 0 1-6.734-.809 5.31 5.31 0 0 1-1.348-4.562 5.3 5.3 0 0 1 .969-2.243 5.3 5.3 0 0 1 1.866-1.567 5.26 5.26 0 0 1 2.369-.56z\"><\/path><\/svg>[\/et_pb_code][et_pb_text module_class=&#8221;tiempos-txt&#8221; _builder_version=&#8221;4.27.5&#8243; _module_preset=&#8221;default&#8221; text_text_color=&#8221;#191919&#8243; text_font_size=&#8221;18px&#8221; link_font=&#8221;||||||||&#8221; header_2_font_size=&#8221;24px&#8221; custom_margin=&#8221;||0px||false|false&#8221; custom_padding=&#8221;||||false|false&#8221; custom_css_free_form=&#8221;h2{||  padding-bottom:0px;||  margin-bottom:8px;||}&#8221; global_colors_info=&#8221;{}&#8221; theme_builder_area=&#8221;post_content&#8221;]<\/p>\n<h3>Genom Boost4Life f\u00e5r eleverna en konkret inblick i arbetslivet, vilket b\u00e5de st\u00e4rker deras motivation och g\u00f6r sambandet mellan skolans undervisning och framtida yrkesm\u00f6jligheter tydligare. F\u00f6r oss som arbetar i skolan blir det samtidigt ett fint bevis p\u00e5 hur meningsfullt och betydelsefullt v\u00e5rt dagliga arbete \u00e4r.<\/h3>\n<p>[\/et_pb_text][et_pb_text module_class=&#8221;tiempos-txt&#8221; _builder_version=&#8221;4.27.5&#8243; _module_preset=&#8221;default&#8221; text_text_color=&#8221;#191919&#8243; text_font_size=&#8221;18px&#8221; link_font=&#8221;||||||||&#8221; header_2_font_size=&#8221;24px&#8221; custom_padding=&#8221;||||false|false&#8221; custom_css_free_form=&#8221;h2{||  padding-bottom:0px;||  margin-bottom:8px;||}&#8221; global_colors_info=&#8221;{}&#8221; theme_builder_area=&#8221;post_content&#8221;]<\/p>\n<h6>Pedagoger i \u00e5rskurs 9 p\u00e5 Hovsj\u00f6skolan<\/h6>\n<p>[\/et_pb_text][et_pb_image src=&#8221;https:\/\/kampanj.lt.se\/idrottsgalan\/wp-content\/uploads\/2026\/03\/lt_astrazenica_2.jpg&#8221; title_text=&#8221;lt_astrazenica_2&#8243; _builder_version=&#8221;4.27.5&#8243; _module_preset=&#8221;default&#8221; custom_margin=&#8221;25px||25px||false|false&#8221; custom_padding=&#8221;0px||0px||true|false&#8221; global_colors_info=&#8221;{}&#8221; theme_builder_area=&#8221;post_content&#8221;][\/et_pb_image][et_pb_text module_class=&#8221;tiempos-txt&#8221; _builder_version=&#8221;4.27.5&#8243; _module_preset=&#8221;default&#8221; text_text_color=&#8221;#191919&#8243; text_font_size=&#8221;18px&#8221; link_font=&#8221;||||||||&#8221; header_2_font_size=&#8221;24px&#8221; custom_padding=&#8221;||||false|false&#8221; custom_css_free_form=&#8221;h2{||  padding-bottom:0px;||  margin-bottom:8px;||}&#8221; global_colors_info=&#8221;{}&#8221; theme_builder_area=&#8221;post_content&#8221;]<\/p>\n<h2>Kunskap och nya perspektiv<\/h2>\n<p>Omkring 30 medarbetare fr\u00e5n AstraZeneca i S\u00f6dert\u00e4lje deltar varje \u00e5r \u2013 fr\u00e5n operat\u00f6rer till chefer \u2013 och delar med sig av sina egna erfarenheter och sin arbetsvardag. Syftet \u00e4r inte bara att v\u00e4cka intresse f\u00f6r naturvetenskap, utan ocks\u00e5 att ge nya perspektiv och visa att v\u00e4garna fram\u00e5t kan se olika ut.<\/p>\n<p>\u2013 Oavsett vilken roll man har p\u00e5 f\u00f6retaget har man en historia att ber\u00e4tta. Vilken utbildning man har, varf\u00f6r man valde den och hur man t\u00e4nkte i olika situationer. Det \u00e4r ofta det som eleverna \u00e4r nyfikna p\u00e5, s\u00e4ger Titti Schilstr\u00f6m.<\/p>\n<p>Och effekterna syns tydligt i deltagarenk\u00e4terna. Efter att ha deltagit i Boost4Life uppger fler elever att de har en n\u00e4rvarande vuxen som lyssnar och kan ge st\u00f6d: 69 procent f\u00f6re, 91 procent efter.<\/p>\n<p>87 procent svarar ocks\u00e5 att de har l\u00e4rt sig n\u00e5got nytt, fr\u00e4mst om naturvetenskap, vad man g\u00f6r p\u00e5 AstraZeneca och vilka yrken som finns.<\/p>\n<p>[\/et_pb_text][et_pb_image src=&#8221;https:\/\/kampanj.lt.se\/idrottsgalan\/wp-content\/uploads\/2026\/03\/lt_astrazenica_hanna_cosar-1.jpg&#8221; title_text=&#8221;lt_astrazenica_hanna_cosar&#8221; _builder_version=&#8221;4.27.5&#8243; _module_preset=&#8221;default&#8221; custom_margin=&#8221;25px||10px||false|false&#8221; custom_padding=&#8221;0px||0px||true|false&#8221; global_colors_info=&#8221;{}&#8221; theme_builder_area=&#8221;post_content&#8221;][\/et_pb_image][et_pb_text _builder_version=&#8221;4.27.5&#8243; _module_preset=&#8221;default&#8221; text_text_color=&#8221;#505762&#8243; text_line_height=&#8221;1.3em&#8221; header_5_font=&#8221;Inter||||||||&#8221; header_5_text_color=&#8221;#505762&#8243; width_tablet=&#8221;80%&#8221; width_phone=&#8221;90%&#8221; width_last_edited=&#8221;on|phone&#8221; module_alignment=&#8221;left&#8221; custom_margin=&#8221;0px||30px||false|false&#8221; custom_padding=&#8221;0px||0px||false|false&#8221; custom_padding_tablet=&#8221;|||20px|false|false&#8221; custom_padding_phone=&#8221;|||20px|false|false&#8221; custom_padding_last_edited=&#8221;off|desktop&#8221; locked=&#8221;off&#8221; global_colors_info=&#8221;{}&#8221; theme_builder_area=&#8221;post_content&#8221;]<\/p>\n<p>Hanna Cosar, verksamhetskoordinator, Mentor Sverige.<\/p>\n<p>[\/et_pb_text][et_pb_text module_class=&#8221;tiempos-txt&#8221; _builder_version=&#8221;4.27.5&#8243; _module_preset=&#8221;default&#8221; text_text_color=&#8221;#191919&#8243; text_font_size=&#8221;18px&#8221; link_font=&#8221;||||||||&#8221; header_2_font_size=&#8221;24px&#8221; custom_padding=&#8221;||||false|false&#8221; custom_css_free_form=&#8221;h2{||  padding-bottom:0px;||  margin-bottom:8px;||}&#8221; global_colors_info=&#8221;{}&#8221; theme_builder_area=&#8221;post_content&#8221;]<\/p>\n<h2>Utbyte som inspirerar<\/h2>\n<p>\u2013 Vi hoppas att det skapar n\u00e5got som kan leva vidare och som de tar med sig in i framtiden. Det \u00e4r ett fint utbyte \u2013 v\u00e5ra medarbetare inspireras ocks\u00e5 av ungdomarnas id\u00e9er och tankar, s\u00e4ger Titti Schilstr\u00f6m.<\/p>\n<p>Boost4Life \u00e4r en del av AstraZenecas h\u00e5llbarhetsarbete. F\u00f6retaget avs\u00e4tter volont\u00e4rtid s\u00e5 att medarbetare kan engagera sig utan att det p\u00e5verkar deras ordinarie arbete.<\/p>\n<p>\u2013 Vi vill att v\u00e5ra medarbetare ska k\u00e4nna att f\u00f6retaget uppmuntrar dem att vara med och bidra i detta viktiga arbete, s\u00e4ger Titti Schilstr\u00f6m.<\/p>\n<p>Boost4Life genomf\u00f6rs i samverkan med skolan och Mentor Sverige och finns p\u00e5 skolor i G\u00f6teborg, Stockholm och S\u00f6dert\u00e4lje.<\/p>\n<p>Hanna Cosar, verksamhetskoordinator, Mentor Sverige:<\/p>\n<p>\u2013 Mitt starkaste minne fr\u00e5n Boost4Life \u00e4r n\u00e4r jag har sett att ungdomarna verkligen f\u00f6rst\u00e5r att de kan uppn\u00e5 allt de dr\u00f6mmer om i framtiden \u2013 att de blivit inspirerade och f\u00e5tt nya perspektiv.[\/et_pb_text][et_pb_text module_class=&#8221;tiempos-txt&#8221; _builder_version=&#8221;4.27.5&#8243; _module_preset=&#8221;default&#8221; text_text_color=&#8221;#191919&#8243; text_font_size=&#8221;18px&#8221; link_font=&#8221;||||||||&#8221; header_2_font_size=&#8221;24px&#8221; custom_padding=&#8221;||||false|false&#8221; custom_css_free_form=&#8221;h2{||  padding-bottom:0px;||  margin-bottom:8px;||}&#8221; global_colors_info=&#8221;{}&#8221; theme_builder_area=&#8221;post_content&#8221;]<a href=\"https:\/\/www.astrazeneca.se\/media\/nyhetsarkiv\/Artiklar\/boost4life---ett-samarbete-foer-att-staerka-framtidstron-bland-u.html\" target=\"_blank\" rel=\"noopener\">L\u00e4s mer om Boost4Life h\u00e4r<\/a>[\/et_pb_text][et_pb_text _builder_version=&#8221;4.27.5&#8243; _module_preset=&#8221;default&#8221; text_font=&#8221;&#8211;et_global_body_font||||||||&#8221; text_text_color=&#8221;#191919&#8243; text_font_size=&#8221;16px&#8221; text_line_height=&#8221;1.5em&#8221; header_font=&#8221;&#8211;et_global_body_font||||||||&#8221; header_2_font=&#8221;|700|||||||&#8221; header_2_text_color=&#8221;#191919&#8243; header_2_font_size=&#8221;24px&#8221; background_color=&#8221;#f0f0f2&#8243; width=&#8221;640px&#8221; width_tablet=&#8221;100%&#8221; width_phone=&#8221;100%&#8221; width_last_edited=&#8221;on|phone&#8221; module_alignment=&#8221;center&#8221; custom_margin=&#8221;30px||||false|false&#8221; custom_padding=&#8221;30px|30px|30px|30px|true|true&#8221; hover_enabled=&#8221;0&#8243; header_2_font_size_tablet=&#8221;24px&#8221; header_2_font_size_phone=&#8221;22px&#8221; header_2_font_size_last_edited=&#8221;on|phone&#8221; border_radii=&#8221;on|0.5rem|0.5rem|0.5rem|0.5rem&#8221; locked=&#8221;off&#8221; global_colors_info=&#8221;{}&#8221; theme_builder_area=&#8221;post_content&#8221; sticky_enabled=&#8221;0&#8243;]<\/p>\n<h3>S\u00f6dert\u00e4lje Idrottsgala<\/h3>\n<p><strong>Var:<\/strong> T\u00e4ljehallen.<br \/>\n<strong>N\u00e4r:<\/strong> S\u00f6dert\u00e4lje Idrottsgala gick av stapeln 11 mars.<br \/>\n<strong>Varf\u00f6r:<\/strong> L\u00e4nstidningen S\u00f6dert\u00e4lje ville tillsammans med en rad partners uppm\u00e4rksamma s\u00e5v\u00e4l elit- som breddidrotten i S\u00f6dert\u00e4lje och Nykvarn samt de eldsj\u00e4lar som driver f\u00f6reningslivet fram\u00e5t.<br \/>\n<strong>Vilka var d\u00e4r: <\/strong>Framst\u00e5ende idrottsprofiler och aktiva inom f\u00f6reningslivet. Martin &amp; Love Stenmarck underh\u00f6ll och galan leddes av tv-profilen Jessica Almen\u00e4s.<\/p>\n<p>Vill du vara en del av S\u00f6dert\u00e4lje Idrottsgala 2027 kontakta Pontus Kronemyr: <a href=\"mailto:pontus.kronemyr@bonniernews.se\">pontus.kronemyr@bonniernews.se<\/a>[\/et_pb_text][\/et_pb_column][\/et_pb_row][\/et_pb_section]<\/p>\n","protected":false},"excerpt":{"rendered":"<p>\u201cVi vill st\u00e4rka ungas framtidstro\u201dN\u00e4r unga m\u00e4nniskor blir sedda och f\u00e5r m\u00f6ta vuxna som lyssnar och finns d\u00e4r, v\u00e4xer tryggheten, delaktigheten och framtidstron. D\u00e4rf\u00f6r m\u00f6ter AstraZenecas medarbetare varje \u00e5r niondeklassare i S\u00f6dert\u00e4lje f\u00f6r samtal, st\u00f6d och aktiviteter.Inneh\u00e5ll fr\u00e5n AstraZeneca \u2013 stolt partner till S\u00f6dert\u00e4lje Idrottsgala 2026.L\u00e4s mer om Boost4Life h\u00e4rSatsningen \u00e4r en del av Boost4Life, [&hellip;]<\/p>\n","protected":false},"author":1,"featured_media":1876,"comment_status":"open","ping_status":"open","sticky":false,"template":"","format":"standard","meta":{"_et_pb_use_builder":"on","_et_pb_old_content":"","_et_gb_content_width":"","footnotes":""},"categories":[5],"tags":[],"class_list":["post-1867","post","type-post","status-publish","format-standard","has-post-thumbnail","hentry","category-artiklar-2026"],"_links":{"self":[{"href":"https:\/\/kampanj.lt.se\/idrottsgalan\/wp-json\/wp\/v2\/posts\/1867","targetHints":{"allow":["GET"]}}],"collection":[{"href":"https:\/\/kampanj.lt.se\/idrottsgalan\/wp-json\/wp\/v2\/posts"}],"about":[{"href":"https:\/\/kampanj.lt.se\/idrottsgalan\/wp-json\/wp\/v2\/types\/post"}],"author":[{"embeddable":true,"href":"https:\/\/kampanj.lt.se\/idrottsgalan\/wp-json\/wp\/v2\/users\/1"}],"replies":[{"embeddable":true,"href":"https:\/\/kampanj.lt.se\/idrottsgalan\/wp-json\/wp\/v2\/comments?post=1867"}],"version-history":[{"count":12,"href":"https:\/\/kampanj.lt.se\/idrottsgalan\/wp-json\/wp\/v2\/posts\/1867\/revisions"}],"predecessor-version":[{"id":1906,"href":"https:\/\/kampanj.lt.se\/idrottsgalan\/wp-json\/wp\/v2\/posts\/1867\/revisions\/1906"}],"wp:featuredmedia":[{"embeddable":true,"href":"https:\/\/kampanj.lt.se\/idrottsgalan\/wp-json\/wp\/v2\/media\/1876"}],"wp:attachment":[{"href":"https:\/\/kampanj.lt.se\/idrottsgalan\/wp-json\/wp\/v2\/media?parent=1867"}],"wp:term":[{"taxonomy":"category","embeddable":true,"href":"https:\/\/kampanj.lt.se\/idrottsgalan\/wp-json\/wp\/v2\/categories?post=1867"},{"taxonomy":"post_tag","embeddable":true,"href":"https:\/\/kampanj.lt.se\/idrottsgalan\/wp-json\/wp\/v2\/tags?post=1867"}],"curies":[{"name":"wp","href":"https:\/\/api.w.org\/{rel}","templated":true}]}}