{"id":1847,"date":"2026-03-02T10:59:46","date_gmt":"2026-03-02T09:59:46","guid":{"rendered":"https:\/\/kampanj.lt.se\/idrottsgalan\/?p=1847"},"modified":"2026-04-21T13:54:41","modified_gmt":"2026-04-21T11:54:41","slug":"lagandan-ar-alltid-viktigast-pa-fotbollsplanen-och-pa-jobbet","status":"publish","type":"post","link":"https:\/\/kampanj.lt.se\/idrottsgalan\/lagandan-ar-alltid-viktigast-pa-fotbollsplanen-och-pa-jobbet\/","title":{"rendered":"&#8221;Lagandan \u00e4r alltid viktigast &#8211; p\u00e5 fotbollsplanen och p\u00e5 jobbet&#8221;"},"content":{"rendered":"<p>[et_pb_section fb_built=&#8221;1&#8243; custom_padding_last_edited=&#8221;off|phone&#8221; module_class=&#8221;brodtext&#8221; _builder_version=&#8221;4.23.4&#8243; _module_preset=&#8221;default&#8221; background_color=&#8221;#f7f9fb&#8221; custom_padding=&#8221;30px||30px||false|false&#8221; custom_padding_tablet=&#8221;50px||50px||true|false&#8221; custom_padding_phone=&#8221;40px||40px||true|false&#8221; global_colors_info=&#8221;{}&#8221;][et_pb_row _builder_version=&#8221;4.23.1&#8243; _module_preset=&#8221;default&#8221; width_tablet=&#8221;80%&#8221; width_phone=&#8221;90%&#8221; width_last_edited=&#8221;on|phone&#8221; max_width=&#8221;640px&#8221; module_alignment=&#8221;center&#8221; custom_margin=&#8221;0px||0px||true|false&#8221; custom_padding=&#8221;0px||0px||true|false&#8221; global_colors_info=&#8221;{}&#8221;][et_pb_column type=&#8221;4_4&#8243; _builder_version=&#8221;4.20.0&#8243; _module_preset=&#8221;default&#8221; global_colors_info=&#8221;{}&#8221;][et_pb_text _builder_version=&#8221;4.27.5&#8243; _module_preset=&#8221;default&#8221; header_font=&#8221;|700|||||||&#8221; header_font_size=&#8221;41px&#8221; custom_margin=&#8221;||0px||false|false&#8221; custom_padding=&#8221;||0px||false|false&#8221; header_font_size_tablet=&#8221;39px&#8221; header_font_size_phone=&#8221;23px&#8221; header_font_size_last_edited=&#8221;on|phone&#8221; custom_css_free_form=&#8221;.citat-blue{||  color:#007CBF;||}||.reg-txt{||  font-weight:normal!important;||}&#8221; global_colors_info=&#8221;{}&#8221;]<\/p>\n<h1>&#8221;Lagandan \u00e4r alltid viktigast &#8211; p\u00e5 fotbollsplanen och p\u00e5 jobbet&#8221;<\/h1>\n<p>[\/et_pb_text][et_pb_text _builder_version=&#8221;4.27.5&#8243; _dynamic_attributes=&#8221;content&#8221; _module_preset=&#8221;default&#8221; text_font=&#8221;Inter||||||||&#8221; text_text_color=&#8221;#505762&#8243; header_5_font=&#8221;Inter||||||||&#8221; header_5_text_color=&#8221;#505762&#8243; header_5_font_size=&#8221;14px&#8221; custom_margin=&#8221;||14px||false|false&#8221; global_colors_info=&#8221;{}&#8221;]@ET-DC@eyJkeW5hbWljIjp0cnVlLCJjb250ZW50IjoicG9zdF9kYXRlIiwic2V0dGluZ3MiOnsiYmVmb3JlIjoiIiwiYWZ0ZXIiOiIiLCJkYXRlX2Zvcm1hdCI6ImRlZmF1bHQiLCJjdXN0b21fZGF0ZV9mb3JtYXQiOiIifX0=@[\/et_pb_text][et_pb_text _builder_version=&#8221;4.27.5&#8243; _module_preset=&#8221;default&#8221; text_font=&#8221;|700|||||||&#8221; text_text_color=&#8221;#191919&#8243; text_font_size=&#8221;20px&#8221; header_4_font=&#8221;Inter|700|||||||&#8221; header_4_text_color=&#8221;#191919&#8243; header_4_font_size=&#8221;20px&#8221; header_4_line_height=&#8221;1.3em&#8221; custom_margin=&#8221;||0px||false|false&#8221; custom_padding=&#8221;||0px||false|false&#8221; global_colors_info=&#8221;{}&#8221;]<\/p>\n<h4>Ett lag \u00e4r ett lag \u2013 oavsett om det best\u00e5r av ett g\u00e4ng tolv\u00e5ringar p\u00e5 fotbollsplanen eller ett arbetslag p\u00e5 \u00e5keriet.<\/h4>\n<h4>F\u00f6r Victor Rapp, arbetsledare p\u00e5 Ahr\u00e9ns \u00c5keri, \u00e4r lagandan alltid det viktigaste.<\/h4>\n<p>[\/et_pb_text][et_pb_text _builder_version=&#8221;4.27.5&#8243; _module_preset=&#8221;default&#8221; text_font=&#8221;||||||||&#8221; text_text_color=&#8221;#141414&#8243; text_font_size=&#8221;16px&#8221; header_6_font_size=&#8221;16px&#8221; header_6_line_height=&#8221;1.3em&#8221; background_color=&#8221;#eff0f2&#8243; custom_margin=&#8221;20px||0px||false|false&#8221; custom_padding=&#8221;14px|20px|14px|20px|true|true&#8221; header_6_line_height_phone=&#8221;1.3em&#8221; header_6_line_height_last_edited=&#8221;off|desktop&#8221; global_colors_info=&#8221;{}&#8221;]<\/p>\n<h6 style=\"padding-bottom: 0px;\"><strong>Inneh\u00e5ll fr\u00e5n Ahr\u00e9ns \u00c5keri<\/strong> \u2013 stolt partner till S\u00f6dert\u00e4lje Idrottsgala 2026.<\/h6>\n<p>[\/et_pb_text][\/et_pb_column][\/et_pb_row][et_pb_row _builder_version=&#8221;4.23.1&#8243; _module_preset=&#8221;default&#8221; width_tablet=&#8221;100%&#8221; width_phone=&#8221;100%&#8221; width_last_edited=&#8221;on|phone&#8221; max_width=&#8221;950px&#8221; module_alignment=&#8221;center&#8221; custom_padding=&#8221;30px||30px||true|false&#8221; global_colors_info=&#8221;{}&#8221;][et_pb_column type=&#8221;4_4&#8243; _builder_version=&#8221;4.23.1&#8243; _module_preset=&#8221;default&#8221; global_colors_info=&#8221;{}&#8221;][et_pb_image src=&#8221;https:\/\/kampanj.lt.se\/idrottsgalan\/wp-content\/uploads\/2026\/03\/lt_ahrens_main2.jpg&#8221; title_text=&#8221;lt_ahrens_main2&#8243; _builder_version=&#8221;4.27.5&#8243; _module_preset=&#8221;default&#8221; custom_margin=&#8221;0px||0px||true|false&#8221; custom_padding=&#8221;0px||0px||false|false&#8221; global_colors_info=&#8221;{}&#8221;][\/et_pb_image][\/et_pb_column][\/et_pb_row][et_pb_row _builder_version=&#8221;4.23.1&#8243; _module_preset=&#8221;default&#8221; width_tablet=&#8221;80%&#8221; width_phone=&#8221;90%&#8221; width_last_edited=&#8221;on|phone&#8221; max_width=&#8221;640px&#8221; module_alignment=&#8221;center&#8221; custom_margin=&#8221;0px||0px||true|false&#8221; custom_padding=&#8221;0px||0px||false|false&#8221; global_colors_info=&#8221;{}&#8221;][et_pb_column type=&#8221;4_4&#8243; _builder_version=&#8221;4.20.0&#8243; _module_preset=&#8221;default&#8221; global_colors_info=&#8221;{}&#8221;][et_pb_text module_class=&#8221;tiempos-txt&#8221; _builder_version=&#8221;4.27.5&#8243; _module_preset=&#8221;default&#8221; text_text_color=&#8221;#191919&#8243; text_font_size=&#8221;18px&#8221; link_font=&#8221;||||||||&#8221; header_2_font_size=&#8221;24px&#8221; width_tablet=&#8221;100%&#8221; width_phone=&#8221;100%&#8221; width_last_edited=&#8221;off|desktop&#8221; custom_padding=&#8221;||||false|false&#8221; header_2_font_size_last_edited=&#8221;off|phone&#8221; custom_css_free_form=&#8221;h2{||  padding-bottom:0px;||  margin-bottom:8px;||}&#8221; global_colors_info=&#8221;{}&#8221;]<\/p>\n<p><a href=\"https:\/\/ahrens-transport.se\/\" target=\"_blank\" rel=\"noopener\">EXTERN L\u00c4NK: L\u00e4s mer om Ahr\u00e9ns \u00c5keri h\u00e4r<\/a><\/p>\n<p>Det \u00e4r inte alltid det enklaste att f\u00e5 ett g\u00e4ng spralliga tolv\u00e5ringar att fokusera. Men tre g\u00e5nger i veckan g\u00f6r Victor Rapp ett dedikerat f\u00f6rs\u00f6k, som tr\u00e4nare i sin \u00e4ldsta sons fotbollslag.<\/p>\n<p>\u2013 Vi flyttade till J\u00e4rna f\u00f6r ungef\u00e4r tre \u00e5r sedan och d\u00e5 b\u00f6rjade han i J\u00e4rna Sportklubb. N\u00e4r han hade spelat n\u00e5got halv\u00e5r s\u00e5 b\u00f6rjade jag i laget som tr\u00e4nare, s\u00e4ger Victor Rapp, som till vardags \u00e4r arbetsledare p\u00e5 Ahr\u00e9ns \u00c5keri.<\/p>\n<p>Som liten spelade Victor en del fotboll, men i vuxen \u00e5lder har boxningen varit hans grej.<\/p>\n<p>\u2013 Men egentligen spelar det inte s\u00e5 stor roll vad man tr\u00e4nar \u2013 huvudsaken \u00e4r att man g\u00f6r det.<\/p>\n<p>\u2013 F\u00f6r de h\u00e4r killarna, eller f\u00f6r alla ungar egentligen, \u00e4r det j\u00e4tteviktigt att h\u00e4nga med laget. Att ha ett sammanhang med kompisar och allt som man l\u00e4r sig genom att vara en del i ett lag. Dessutom har de ju en del energi de beh\u00f6ver g\u00f6ra av med.<\/p>\n<p>[\/et_pb_text][et_pb_image src=&#8221;https:\/\/kampanj.lt.se\/idrottsgalan\/wp-content\/uploads\/2026\/03\/lt_ahrens_robert.jpg&#8221; title_text=&#8221;lt_ahrens_victor&#8221; _builder_version=&#8221;4.27.5&#8243; _module_preset=&#8221;default&#8221; custom_margin=&#8221;25px||10px||false|false&#8221; custom_padding=&#8221;0px||0px||true|false&#8221; global_colors_info=&#8221;{}&#8221;][\/et_pb_image][et_pb_text _builder_version=&#8221;4.27.5&#8243; _module_preset=&#8221;default&#8221; text_text_color=&#8221;#505762&#8243; text_line_height=&#8221;1.3em&#8221; header_5_font=&#8221;Inter||||||||&#8221; header_5_text_color=&#8221;#505762&#8243; width=&#8221;95%&#8221; width_tablet=&#8221;100%&#8221; width_phone=&#8221;100%&#8221; width_last_edited=&#8221;on|phone&#8221; custom_margin=&#8221;||25px||false|false&#8221; custom_padding=&#8221;||0px||false|false&#8221; custom_padding_tablet=&#8221;|||0px|false|false&#8221; custom_padding_phone=&#8221;|||20px|false|false&#8221; custom_padding_last_edited=&#8221;on|tablet&#8221; locked=&#8221;off&#8221; global_colors_info=&#8221;{}&#8221;]Victor Rapp[\/et_pb_text][et_pb_text module_class=&#8221;tiempos-txt&#8221; _builder_version=&#8221;4.27.5&#8243; _module_preset=&#8221;default&#8221; text_text_color=&#8221;#191919&#8243; text_font_size=&#8221;18px&#8221; link_font=&#8221;||||||||&#8221; header_2_font_size=&#8221;24px&#8221; custom_padding=&#8221;||||false|false&#8221; custom_css_free_form=&#8221;h2{||  padding-bottom:0px;||  margin-bottom:8px;||}&#8221; global_colors_info=&#8221;{}&#8221;]<\/p>\n<h2>Laganda p\u00e5 arbetsplatsen<\/h2>\n<p>Just att f\u00e5 vara en del i ett team \u00e4r n\u00e5got som Victor ser som en av de stora f\u00f6rdelarna med fotbollen \u2013 och detsamma g\u00e4ller f\u00f6r arbetsplatsen. I sin roll som arbetsledare p\u00e5 Ahr\u00e9ns \u00c5keri fokuserar han mycket p\u00e5 att st\u00e4rka lagandan.<\/p>\n<p>\u2013 Det \u00e4r samma sak h\u00e4r p\u00e5 golvet som p\u00e5 fotbollsplanen. Vi m\u00e5ste jobba ihop och funka tillsammans allihop om vi ska kunna g\u00f6ra n\u00e5got bra.<\/p>\n<p>Victor har varit elva \u00e5r p\u00e5 Ahr\u00e9ns \u00c5keri.<\/p>\n<p>\u2013 Jag var betongare innan och d\u00e4r var det ofta tolvtimmarspass som g\u00e4llde. Men s\u00e5 fick jag mitt andra barn och k\u00e4nde att jag beh\u00f6vde lite mer struktur. D\u00e5 passade Ahr\u00e9ns j\u00e4ttebra, s\u00e4ger Victor.<\/p>\n<p>Genom \u00e5ren har han skiftat roller och \u00e4r idag allts\u00e5 arbetsledare.<\/p>\n<p>\u2013 Jag l\u00e4r mig j\u00e4ttemycket inom fotbollen som jag kan ta med mig in hit. Vi m\u00e5 vara lite l\u00e4ngre \u00e4n kidsen men egentligen \u00e4r vi ocks\u00e5 bara ett g\u00e4ng energiska typer som beh\u00f6ver fokusera och jobba tillsammans f\u00f6r att komma fram\u00e5t.<\/p>\n<p>[\/et_pb_text][et_pb_image src=&#8221;https:\/\/kampanj.lt.se\/idrottsgalan\/wp-content\/uploads\/2026\/03\/lt_ahrens_2.jpg&#8221; title_text=&#8221;lt_ahrens_2&#8243; _builder_version=&#8221;4.27.5&#8243; _module_preset=&#8221;default&#8221; custom_margin=&#8221;25px||25px||true|false&#8221; custom_padding=&#8221;0px||0px||true|false&#8221; global_colors_info=&#8221;{}&#8221;][\/et_pb_image][et_pb_text module_class=&#8221;tiempos-txt&#8221; _builder_version=&#8221;4.27.5&#8243; _module_preset=&#8221;default&#8221; text_text_color=&#8221;#191919&#8243; text_font_size=&#8221;18px&#8221; link_font=&#8221;||||||||&#8221; header_2_font_size=&#8221;24px&#8221; custom_padding=&#8221;||||false|false&#8221; custom_css_free_form=&#8221;h2{||  padding-bottom:0px;||  margin-bottom:8px;||}&#8221; global_colors_info=&#8221;{}&#8221;]<\/p>\n<h2>Gott om vinnarskallar<\/h2>\n<p>Ahr\u00e9ns engagemang i idrotten ser Victor som n\u00e5got positivt.<\/p>\n<p>\u2013 Det genomsyrar hela f\u00f6retaget p\u00e5 ett bra s\u00e4tt. Sussi (vd Susanne Ahr\u00e9n) har alltid varit noga med att vi ska tr\u00e4na f\u00f6r att m\u00e5 bra. Och att vi \u00e4r med som partners till Idrottsgalan \u00e4r ju ocks\u00e5 en j\u00e4ttebra grej, s\u00e4ger Victor.<\/p>\n<p>F\u00f6r fotbollslagets del v\u00e4ntar nu en v\u00e5r med \u00e4nnu fler tr\u00e4ningar, matcher och cuper. JSK \u00e4r en klubb d\u00e4r det finns plats f\u00f6r alla och d\u00e4r man inte toppar n\u00e5gra lag \u2013 men vinnarskallar finns det s\u00e5klart gott om \u00e4nd\u00e5.<\/p>\n<p>\u2013 I den h\u00e4r \u00e5ldern vill de ju vinna. Det \u00e4r ju det som driver dem. S\u00e5 mycket av det vi tr\u00e4nar p\u00e5 \u00e4r att inte l\u00e5ta de k\u00e4nslorna ta \u00f6ver alltf\u00f6r mycket, utan de beh\u00f6ver kunna h\u00e5lla sig lugna f\u00f6r att det ska g\u00e5 bra.<\/p>\n<p><a href=\"https:\/\/ahrens-transport.se\/\" target=\"_blank\" rel=\"noopener\">EXTERN L\u00c4NK: L\u00e4s mer om Ahr\u00e9ns \u00c5keri h\u00e4r<\/a><\/p>\n<p>[\/et_pb_text][et_pb_text _builder_version=&#8221;4.27.5&#8243; _module_preset=&#8221;default&#8221; text_font=&#8221;&#8211;et_global_body_font||||||||&#8221; text_text_color=&#8221;#191919&#8243; text_font_size=&#8221;16px&#8221; text_line_height=&#8221;1.5em&#8221; header_font=&#8221;&#8211;et_global_body_font||||||||&#8221; header_2_font=&#8221;|700|||||||&#8221; header_2_text_color=&#8221;#191919&#8243; header_2_font_size=&#8221;24px&#8221; background_color=&#8221;#f0f0f2&#8243; width=&#8221;640px&#8221; width_tablet=&#8221;100%&#8221; width_phone=&#8221;100%&#8221; width_last_edited=&#8221;on|phone&#8221; module_alignment=&#8221;center&#8221; custom_margin=&#8221;30px||||false|false&#8221; custom_padding=&#8221;30px|30px|30px|30px|true|true&#8221; header_2_font_size_tablet=&#8221;24px&#8221; header_2_font_size_phone=&#8221;22px&#8221; header_2_font_size_last_edited=&#8221;on|phone&#8221; border_radii=&#8221;on|0.5rem|0.5rem|0.5rem|0.5rem&#8221; locked=&#8221;off&#8221; global_colors_info=&#8221;{}&#8221;]<\/p>\n<h3>S\u00f6dert\u00e4lje Idrottsgala<\/h3>\n<p><strong>Var:<\/strong> T\u00e4ljehallen.<br \/>\n<strong>N\u00e4r:<\/strong> S\u00f6dert\u00e4lje Idrottsgala gick av stapeln 11 mars.<br \/>\n<strong>Varf\u00f6r:<\/strong> L\u00e4nstidningen S\u00f6dert\u00e4lje ville tillsammans med en rad partners uppm\u00e4rksamma s\u00e5v\u00e4l elit- som breddidrotten i S\u00f6dert\u00e4lje och Nykvarn samt de eldsj\u00e4lar som driver f\u00f6reningslivet fram\u00e5t.<br \/>\n<strong>Vilka var d\u00e4r: <\/strong>Framst\u00e5ende idrottsprofiler och aktiva inom f\u00f6reningslivet. Martin &amp; Love Stenmarck underh\u00f6ll och galan leddes av tv-profilen Jessica Almen\u00e4s.<\/p>\n<p>Vill du vara en del av S\u00f6dert\u00e4lje Idrottsgala 2027 kontakta Pontus Kronemyr: <a href=\"mailto:pontus.kronemyr@bonniernews.se\">pontus.kronemyr@bonniernews.se<\/a>[\/et_pb_text][\/et_pb_column][\/et_pb_row][\/et_pb_section]<\/p>\n","protected":false},"excerpt":{"rendered":"<p>&#8221;Lagandan \u00e4r alltid viktigast &#8211; p\u00e5 fotbollsplanen och p\u00e5 jobbet&#8221;Ett lag \u00e4r ett lag \u2013 oavsett om det best\u00e5r av ett g\u00e4ng tolv\u00e5ringar p\u00e5 fotbollsplanen eller ett arbetslag p\u00e5 \u00e5keriet. F\u00f6r Victor Rapp, arbetsledare p\u00e5 Ahr\u00e9ns \u00c5keri, \u00e4r lagandan alltid det viktigaste.Inneh\u00e5ll fr\u00e5n Ahr\u00e9ns \u00c5keri \u2013 stolt partner till S\u00f6dert\u00e4lje Idrottsgala 2026.EXTERN L\u00c4NK: L\u00e4s mer [&hellip;]<\/p>\n","protected":false},"author":1,"featured_media":1852,"comment_status":"open","ping_status":"open","sticky":false,"template":"","format":"standard","meta":{"_et_pb_use_builder":"on","_et_pb_old_content":"","_et_gb_content_width":"","footnotes":""},"categories":[5],"tags":[],"class_list":["post-1847","post","type-post","status-publish","format-standard","has-post-thumbnail","hentry","category-artiklar-2026"],"_links":{"self":[{"href":"https:\/\/kampanj.lt.se\/idrottsgalan\/wp-json\/wp\/v2\/posts\/1847","targetHints":{"allow":["GET"]}}],"collection":[{"href":"https:\/\/kampanj.lt.se\/idrottsgalan\/wp-json\/wp\/v2\/posts"}],"about":[{"href":"https:\/\/kampanj.lt.se\/idrottsgalan\/wp-json\/wp\/v2\/types\/post"}],"author":[{"embeddable":true,"href":"https:\/\/kampanj.lt.se\/idrottsgalan\/wp-json\/wp\/v2\/users\/1"}],"replies":[{"embeddable":true,"href":"https:\/\/kampanj.lt.se\/idrottsgalan\/wp-json\/wp\/v2\/comments?post=1847"}],"version-history":[{"count":10,"href":"https:\/\/kampanj.lt.se\/idrottsgalan\/wp-json\/wp\/v2\/posts\/1847\/revisions"}],"predecessor-version":[{"id":1963,"href":"https:\/\/kampanj.lt.se\/idrottsgalan\/wp-json\/wp\/v2\/posts\/1847\/revisions\/1963"}],"wp:featuredmedia":[{"embeddable":true,"href":"https:\/\/kampanj.lt.se\/idrottsgalan\/wp-json\/wp\/v2\/media\/1852"}],"wp:attachment":[{"href":"https:\/\/kampanj.lt.se\/idrottsgalan\/wp-json\/wp\/v2\/media?parent=1847"}],"wp:term":[{"taxonomy":"category","embeddable":true,"href":"https:\/\/kampanj.lt.se\/idrottsgalan\/wp-json\/wp\/v2\/categories?post=1847"},{"taxonomy":"post_tag","embeddable":true,"href":"https:\/\/kampanj.lt.se\/idrottsgalan\/wp-json\/wp\/v2\/tags?post=1847"}],"curies":[{"name":"wp","href":"https:\/\/api.w.org\/{rel}","templated":true}]}}