{"id":1835,"date":"2026-02-27T16:58:13","date_gmt":"2026-02-27T15:58:13","guid":{"rendered":"https:\/\/kampanj.lt.se\/idrottsgalan\/?p=1835"},"modified":"2026-03-12T10:37:06","modified_gmt":"2026-03-12T09:37:06","slug":"med-hjartat-for-barnen-i-sodertalje","status":"publish","type":"post","link":"https:\/\/kampanj.lt.se\/idrottsgalan\/med-hjartat-for-barnen-i-sodertalje\/","title":{"rendered":"Med hj\u00e4rtat f\u00f6r barnen i S\u00f6dert\u00e4lje"},"content":{"rendered":"<p>[et_pb_section fb_built=&#8221;1&#8243; custom_padding_last_edited=&#8221;off|phone&#8221; module_class=&#8221;brodtext&#8221; _builder_version=&#8221;4.23.4&#8243; _module_preset=&#8221;default&#8221; background_color=&#8221;#f7f9fb&#8221; custom_padding=&#8221;30px||30px||false|false&#8221; custom_padding_tablet=&#8221;50px||50px||true|false&#8221; custom_padding_phone=&#8221;40px||40px||true|false&#8221; global_colors_info=&#8221;{}&#8221; theme_builder_area=&#8221;post_content&#8221;][et_pb_row _builder_version=&#8221;4.23.1&#8243; _module_preset=&#8221;default&#8221; width_tablet=&#8221;80%&#8221; width_phone=&#8221;90%&#8221; width_last_edited=&#8221;on|phone&#8221; max_width=&#8221;640px&#8221; module_alignment=&#8221;center&#8221; custom_margin=&#8221;0px||0px||true|false&#8221; custom_padding=&#8221;0px||0px||true|false&#8221; global_colors_info=&#8221;{}&#8221; theme_builder_area=&#8221;post_content&#8221;][et_pb_column type=&#8221;4_4&#8243; _builder_version=&#8221;4.20.0&#8243; _module_preset=&#8221;default&#8221; global_colors_info=&#8221;{}&#8221; theme_builder_area=&#8221;post_content&#8221;][et_pb_text _builder_version=&#8221;4.27.5&#8243; _module_preset=&#8221;default&#8221; header_font=&#8221;|700|||||||&#8221; header_font_size=&#8221;61px&#8221; custom_margin=&#8221;||0px||false|false&#8221; custom_padding=&#8221;||0px||false|false&#8221; header_font_size_tablet=&#8221;56px&#8221; header_font_size_phone=&#8221;37px&#8221; header_font_size_last_edited=&#8221;on|phone&#8221; custom_css_free_form=&#8221;.citat-blue{||  color:#007CBF;||}||.reg-txt{||  font-weight:normal!important;||}&#8221; global_colors_info=&#8221;{}&#8221; theme_builder_area=&#8221;post_content&#8221;]<\/p>\n<h1>Med hj\u00e4rtat f\u00f6r barnen i S\u00f6dert\u00e4lje<\/h1>\n<p>[\/et_pb_text][et_pb_text _builder_version=&#8221;4.27.5&#8243; _dynamic_attributes=&#8221;content&#8221; _module_preset=&#8221;default&#8221; text_font=&#8221;Inter||||||||&#8221; text_text_color=&#8221;#505762&#8243; header_5_font=&#8221;Inter||||||||&#8221; header_5_text_color=&#8221;#505762&#8243; header_5_font_size=&#8221;14px&#8221; custom_margin=&#8221;||14px||false|false&#8221; global_colors_info=&#8221;{}&#8221; theme_builder_area=&#8221;post_content&#8221;]@ET-DC@eyJkeW5hbWljIjp0cnVlLCJjb250ZW50IjoicG9zdF9kYXRlIiwic2V0dGluZ3MiOnsiYmVmb3JlIjoiIiwiYWZ0ZXIiOiIiLCJkYXRlX2Zvcm1hdCI6ImRlZmF1bHQiLCJjdXN0b21fZGF0ZV9mb3JtYXQiOiIifX0=@[\/et_pb_text][et_pb_text _builder_version=&#8221;4.27.5&#8243; _module_preset=&#8221;default&#8221; text_font=&#8221;|700|||||||&#8221; text_text_color=&#8221;#191919&#8243; text_font_size=&#8221;20px&#8221; header_4_font=&#8221;Inter|700|||||||&#8221; header_4_text_color=&#8221;#191919&#8243; header_4_font_size=&#8221;20px&#8221; header_4_line_height=&#8221;1.3em&#8221; custom_margin=&#8221;||0px||false|false&#8221; custom_padding=&#8221;||0px||false|false&#8221; global_colors_info=&#8221;{}&#8221; theme_builder_area=&#8221;post_content&#8221;]<\/p>\n<h4>Utm\u00e4rkelsen \u00c5rets Telgehj\u00e4rta blev b\u00e5de ett kvitto p\u00e5 det viktiga och l\u00e5ngsiktiga arbete som redan g\u00f6rs \u2013 och en spr\u00e5ngbr\u00e4da mot nya satsningar och samarbeten mellan f\u00f6reningar och eldsj\u00e4lar i S\u00f6dert\u00e4lje.<\/h4>\n<h4>\u2013 Vi vill n\u00e5 barn och unga d\u00e4r de \u00e4r och ge dem en v\u00e4g in i f\u00f6reningslivet, s\u00e4ger f\u00f6rra \u00e5rets pristagare Alexander Wikner, basketprofil och samordnare f\u00f6r Telge hj\u00e4rta Efter skolan och M\u00f6tesplats Telge hj\u00e4rta.<\/h4>\n<p>[\/et_pb_text][et_pb_text _builder_version=&#8221;4.27.5&#8243; _module_preset=&#8221;default&#8221; text_font=&#8221;||||||||&#8221; text_text_color=&#8221;#141414&#8243; text_font_size=&#8221;16px&#8221; header_6_font_size=&#8221;16px&#8221; header_6_line_height=&#8221;1.3em&#8221; background_color=&#8221;#eff0f2&#8243; custom_margin=&#8221;20px||0px||false|false&#8221; custom_padding=&#8221;14px|20px|14px|20px|true|true&#8221; header_6_line_height_phone=&#8221;1.3em&#8221; header_6_line_height_last_edited=&#8221;off|desktop&#8221; global_colors_info=&#8221;{}&#8221; theme_builder_area=&#8221;post_content&#8221;]<\/p>\n<h6 style=\"padding-bottom: 0px;\"><strong>Inneh\u00e5ll fr\u00e5n Telge<\/strong> \u2013 stolt huvudpartner till S\u00f6dert\u00e4lje Idrottsgala 2026.<\/h6>\n<p>[\/et_pb_text][\/et_pb_column][\/et_pb_row][et_pb_row _builder_version=&#8221;4.23.1&#8243; _module_preset=&#8221;default&#8221; width_tablet=&#8221;100%&#8221; width_phone=&#8221;100%&#8221; width_last_edited=&#8221;on|phone&#8221; max_width=&#8221;950px&#8221; module_alignment=&#8221;center&#8221; custom_padding=&#8221;30px||30px||true|false&#8221; global_colors_info=&#8221;{}&#8221; theme_builder_area=&#8221;post_content&#8221;][et_pb_column type=&#8221;4_4&#8243; _builder_version=&#8221;4.23.1&#8243; _module_preset=&#8221;default&#8221; global_colors_info=&#8221;{}&#8221; theme_builder_area=&#8221;post_content&#8221;][et_pb_image src=&#8221;https:\/\/kampanj.lt.se\/idrottsgalan\/wp-content\/uploads\/2026\/03\/lt_telge_main.jpg&#8221; title_text=&#8221;lt_telge_main&#8221; _builder_version=&#8221;4.27.5&#8243; _module_preset=&#8221;default&#8221; custom_margin=&#8221;0px||0px||true|false&#8221; custom_padding=&#8221;0px||0px||false|false&#8221; global_colors_info=&#8221;{}&#8221; theme_builder_area=&#8221;post_content&#8221;][\/et_pb_image][et_pb_text _builder_version=&#8221;4.27.5&#8243; _module_preset=&#8221;default&#8221; text_text_color=&#8221;#505762&#8243; text_line_height=&#8221;1.3em&#8221; header_5_font=&#8221;Inter||||||||&#8221; header_5_text_color=&#8221;#505762&#8243; width_tablet=&#8221;80%&#8221; width_phone=&#8221;90%&#8221; width_last_edited=&#8221;on|phone&#8221; module_alignment=&#8221;center&#8221; custom_margin=&#8221;10px||0px||false|false&#8221; custom_padding=&#8221;0px||0px||false|false&#8221; custom_padding_tablet=&#8221;|||20px|false|false&#8221; custom_padding_phone=&#8221;|||20px|false|false&#8221; custom_padding_last_edited=&#8221;off|desktop&#8221; locked=&#8221;off&#8221; global_colors_info=&#8221;{}&#8221; theme_builder_area=&#8221;post_content&#8221;]Alexander Wikner och Susan Kiryo \u00e4r samordnare f\u00f6r M\u00f6tesplats Telge hj\u00e4rta, en satsning p\u00e5 lovaktiviteter f\u00f6r barn och unga med Telge som huvudsponsor.[\/et_pb_text][\/et_pb_column][\/et_pb_row][et_pb_row _builder_version=&#8221;4.23.1&#8243; _module_preset=&#8221;default&#8221; width_tablet=&#8221;80%&#8221; width_phone=&#8221;90%&#8221; width_last_edited=&#8221;on|phone&#8221; max_width=&#8221;640px&#8221; module_alignment=&#8221;center&#8221; custom_margin=&#8221;0px||0px||true|false&#8221; custom_padding=&#8221;0px||0px||false|false&#8221; global_colors_info=&#8221;{}&#8221; theme_builder_area=&#8221;post_content&#8221;][et_pb_column type=&#8221;4_4&#8243; _builder_version=&#8221;4.20.0&#8243; _module_preset=&#8221;default&#8221; global_colors_info=&#8221;{}&#8221; theme_builder_area=&#8221;post_content&#8221;][et_pb_text module_class=&#8221;tiempos-txt&#8221; _builder_version=&#8221;4.27.5&#8243; _module_preset=&#8221;default&#8221; text_text_color=&#8221;#191919&#8243; text_font_size=&#8221;18px&#8221; link_font=&#8221;||||||||&#8221; header_2_font_size=&#8221;24px&#8221; custom_padding=&#8221;||||false|false&#8221; custom_css_free_form=&#8221;h2{||  padding-bottom:0px;||  margin-bottom:8px;||}&#8221; global_colors_info=&#8221;{}&#8221; theme_builder_area=&#8221;post_content&#8221;]<a href=\"https:\/\/www.telge.se\/sponsring\" target=\"_blank\" rel=\"noopener\">L\u00e4s mer om Telges engagemang f\u00f6r barn och unga<\/a>[\/et_pb_text][et_pb_text module_class=&#8221;tiempos-txt&#8221; _builder_version=&#8221;4.27.5&#8243; _module_preset=&#8221;default&#8221; text_text_color=&#8221;#191919&#8243; text_font_size=&#8221;18px&#8221; link_font=&#8221;||||||||&#8221; header_2_font_size=&#8221;24px&#8221; custom_padding=&#8221;||||false|false&#8221; custom_css_free_form=&#8221;h2{||  padding-bottom:0px;||  margin-bottom:8px;||}&#8221; global_colors_info=&#8221;{}&#8221; theme_builder_area=&#8221;post_content&#8221;]<\/p>\n<p>Telge hj\u00e4rta \u00e4r ett samlingsnamn f\u00f6r flera satsningar som riktar sig till barn och unga i S\u00f6dert\u00e4lje. Verksamheterna finns b\u00e5de efter skoldagen och under lov, alla med samma tydliga id\u00e9: att s\u00e4nka tr\u00f6sklarna in i f\u00f6reningslivet och skapa trygga, kostnadsfria aktiviteter n\u00e4ra barnens vardag.<\/p>\n<p>F\u00f6rra \u00e5ret uts\u00e5gs Alexander Wikner till \u00c5rets Telgehj\u00e4rta, ett pris som delas ut av Telge p\u00e5 Idrottsgalan i S\u00f6dert\u00e4lje.<\/p>\n<p>\u2013 Vinsten innebar mycket stolthet och gl\u00e4dje, blandat med ansvar och optimism. Det var v\u00e4rdefullt att f\u00e5 stanna upp och reflektera \u00f6ver all samverkan och de aktiviteter som jag, tillsammans med m\u00e5nga andra eldsj\u00e4lar, skapar i S\u00f6dert\u00e4lje.<\/p>\n<p>[\/et_pb_text][et_pb_image src=&#8221;https:\/\/kampanj.lt.se\/idrottsgalan\/wp-content\/uploads\/2026\/03\/lt_telge_3.jpg&#8221; title_text=&#8221;lt_telge_3&#8243; _builder_version=&#8221;4.27.5&#8243; _module_preset=&#8221;default&#8221; custom_margin=&#8221;25px||10px||false|false&#8221; custom_padding=&#8221;0px||0px||true|false&#8221; global_colors_info=&#8221;{}&#8221; theme_builder_area=&#8221;post_content&#8221;][\/et_pb_image][et_pb_text _builder_version=&#8221;4.27.5&#8243; _module_preset=&#8221;default&#8221; text_text_color=&#8221;#505762&#8243; text_line_height=&#8221;1.3em&#8221; header_5_font=&#8221;Inter||||||||&#8221; header_5_text_color=&#8221;#505762&#8243; width_tablet=&#8221;80%&#8221; width_phone=&#8221;90%&#8221; width_last_edited=&#8221;on|phone&#8221; module_alignment=&#8221;left&#8221; custom_margin=&#8221;0px||30px||false|false&#8221; custom_padding=&#8221;0px||0px||false|false&#8221; custom_padding_tablet=&#8221;|||20px|false|false&#8221; custom_padding_phone=&#8221;|||20px|false|false&#8221; custom_padding_last_edited=&#8221;off|desktop&#8221; locked=&#8221;off&#8221; global_colors_info=&#8221;{}&#8221; theme_builder_area=&#8221;post_content&#8221;]I Telge hj\u00e4rta Efter skolan f\u00e5r barn prova olika idrotter tack vare samarbeten med lokala f\u00f6reningar. \u201cIdrotten g\u00f6r att barnen utvecklas i motorik, lagk\u00e4nsla, samarbete och ledarskap \u2013 egenskaper de har nytta av hela livet\u201d, s\u00e4ger Alexander Wikner.[\/et_pb_text][et_pb_text module_class=&#8221;tiempos-txt&#8221; _builder_version=&#8221;4.27.5&#8243; _module_preset=&#8221;default&#8221; text_text_color=&#8221;#191919&#8243; text_font_size=&#8221;18px&#8221; link_font=&#8221;||||||||&#8221; header_2_font_size=&#8221;24px&#8221; custom_padding=&#8221;||||false|false&#8221; custom_css_free_form=&#8221;h2{||  padding-bottom:0px;||  margin-bottom:8px;||}&#8221; global_colors_info=&#8221;{}&#8221; theme_builder_area=&#8221;post_content&#8221;]<\/p>\n<h2>Skapar en meningsfull fritid<\/h2>\n<p>Den 11 mars g\u00e5r 2026 \u00e5rs Idrottsgala av stapeln, och d\u00e5 delas \u00c5rets Telgehj\u00e4rta ut igen.<\/p>\n<p>\u2013 Det \u00e4r j\u00e4tteviktigt att Telge genom ett pris v\u00e4ljer att lyfta ett arbete som ofta bedrivs i det tysta ute i de lokala f\u00f6reningarna, s\u00e4ger Alexander Wikner.<\/p>\n<p>\u2013 Det g\u00f6r att S\u00f6dert\u00e4ljeborna f\u00e5r syn p\u00e5 den positiva kraft som finns i kommunen och det stora engagemang som finns f\u00f6r att m\u00f6ta, aktivera och skapa en meningsfull fritid f\u00f6r stadens barn och ungdomar.<\/p>\n<p>Telge hj\u00e4rta har utvecklats kraftigt under det senaste \u00e5ret. Bara under sommaren 2025 deltog 4 675 barn och ungdomar i aktiviteter inom M\u00f6tesplats Telge hj\u00e4rta. Telge hj\u00e4rta Sommar lockade 698 deltagare till totalt 33 l\u00e4ger. Under skolterminerna forts\u00e4tter arbetet genom Telge hj\u00e4rta Efter skolan.<\/p>\n<p>\u2013 Barn r\u00f6r sig inte s\u00e5 mycket mellan stadsdelarna, och m\u00e5nga familjer saknar en naturlig ing\u00e5ng till f\u00f6reningslivet. D\u00e4rf\u00f6r vill vi arrangera kostnadsfria aktiviteter med vuxna ledare d\u00e4r barnen bor. Det skapar trygga m\u00f6tesplatser d\u00e4r barn och f\u00f6reningar kan m\u00f6tas \u2013 n\u00e5got som annars kanske inte hade blivit av.<\/p>\n<p>[\/et_pb_text][et_pb_image src=&#8221;https:\/\/kampanj.lt.se\/idrottsgalan\/wp-content\/uploads\/2026\/02\/lt_telge_2.jpg&#8221; title_text=&#8221;lt_telge_2&#8243; _builder_version=&#8221;4.27.5&#8243; _module_preset=&#8221;default&#8221; custom_margin=&#8221;25px||25px||false|false&#8221; custom_padding=&#8221;0px||0px||true|false&#8221; global_colors_info=&#8221;{}&#8221; theme_builder_area=&#8221;post_content&#8221;][\/et_pb_image][et_pb_text module_class=&#8221;tiempos-txt&#8221; _builder_version=&#8221;4.27.5&#8243; _module_preset=&#8221;default&#8221; text_text_color=&#8221;#191919&#8243; text_font_size=&#8221;18px&#8221; link_font=&#8221;||||||||&#8221; header_2_font_size=&#8221;24px&#8221; custom_padding=&#8221;||||false|false&#8221; custom_css_free_form=&#8221;h2{||  padding-bottom:0px;||  margin-bottom:8px;||}&#8221; global_colors_info=&#8221;{}&#8221; theme_builder_area=&#8221;post_content&#8221;]<\/p>\n<h2>Trygghet och gl\u00e4dje f\u00f6r barnen<\/h2>\n<p>2026 g\u00e5r M\u00f6tesplats Telge hj\u00e4rta in p\u00e5 sitt sj\u00e4tte \u00e5r, och uppl\u00e4gget har vuxit ordentligt sedan starten.<\/p>\n<p>\u2013 Vi b\u00f6rjade i liten skala 2021, med en mobil m\u00f6tesplats i en stadsdel per dag och totalt fem\u2013sex stadsdelar. I sommar kommer vi att vara i \u00f6ver 15 stadsdelar varje vecka, med flera m\u00f6tesplatser och aktiviteter p\u00e5 varje plats.<\/p>\n<p>Alexander Wikner lyfter ocks\u00e5 den breda samverkan som m\u00f6jliggjort utvecklingen, d\u00e4r allt fr\u00e5n lokala f\u00f6retag, f\u00f6reningar, organisationer och kommunen bidrar.<\/p>\n<p>\u2013 2025 lyckades vi engagera 42 akt\u00f6rer i projektet, vilket \u00e4r ganska unikt. Tillsammans skapar vi m\u00f6tesplatser som ger barnen trygghet, gl\u00e4dje och nya m\u00f6jligheter.<\/p>\n<p>[\/et_pb_text][et_pb_text module_class=&#8221;tiempos-txt&#8221; _builder_version=&#8221;4.27.5&#8243; _module_preset=&#8221;default&#8221; text_text_color=&#8221;#191919&#8243; text_font_size=&#8221;18px&#8221; link_font=&#8221;||||||||&#8221; header_2_font_size=&#8221;24px&#8221; custom_padding=&#8221;||||false|false&#8221; custom_css_free_form=&#8221;h2{||  padding-bottom:0px;||  margin-bottom:8px;||}&#8221; global_colors_info=&#8221;{}&#8221; theme_builder_area=&#8221;post_content&#8221;]<a href=\"https:\/\/www.motesplatstelge.se\/\" target=\"_blank\" rel=\"noopener\">L\u00e4s mer om M\u00f6tesplats Telge h\u00e4r<br \/>\n<\/a>[\/et_pb_text][et_pb_text _builder_version=&#8221;4.27.5&#8243; _module_preset=&#8221;default&#8221; text_font=&#8221;&#8211;et_global_body_font||||||||&#8221; text_text_color=&#8221;#191919&#8243; text_font_size=&#8221;16px&#8221; text_line_height=&#8221;1.5em&#8221; ul_font=&#8221;&#8211;et_global_body_font||||||||&#8221; ul_font_size=&#8221;16px&#8221; header_font=&#8221;&#8211;et_global_body_font||||||||&#8221; header_2_font=&#8221;|700|||||||&#8221; header_2_text_color=&#8221;#191919&#8243; header_2_font_size=&#8221;24px&#8221; background_color=&#8221;#f0f0f2&#8243; width=&#8221;640px&#8221; width_tablet=&#8221;100%&#8221; width_phone=&#8221;100%&#8221; width_last_edited=&#8221;on|phone&#8221; module_alignment=&#8221;center&#8221; custom_margin=&#8221;30px||||false|false&#8221; custom_padding=&#8221;30px|30px|30px|30px|true|true&#8221; header_2_font_size_tablet=&#8221;24px&#8221; header_2_font_size_phone=&#8221;22px&#8221; header_2_font_size_last_edited=&#8221;on|phone&#8221; border_radii=&#8221;on|0.5rem|0.5rem|0.5rem|0.5rem&#8221; locked=&#8221;off&#8221; global_colors_info=&#8221;{}&#8221; theme_builder_area=&#8221;post_content&#8221;]<\/p>\n<h6>FAKTA<\/h6>\n<p>Telge hj\u00e4rta \u00e4r Telges sponsringssatsning i samarbete med olika f\u00f6reningar som g\u00f6r det m\u00f6jligt f\u00f6r barn och unga i S\u00f6dert\u00e4lje att ta del av kostnadsfria, trygga och meningsfulla aktiviteter efter skolan, under lov och p\u00e5 sommaren.<\/p>\n<p>H\u00e4r ing\u00e5r:<\/p>\n<ul>\n<li>Telge hj\u00e4rta Sommar \u2013 Sommarl\u00e4ger och sommaraktiviteter<\/li>\n<li>Telge hj\u00e4rta Efter skolan \u2013 Aktiviteter under skolterminen, direkt efter skoldagens slut.<\/li>\n<li>M\u00f6tesplats Telge hj\u00e4rta \u2013 Lovaktiviteter f\u00f6r barn och ungdomar 6\u201316 \u00e5r.<\/li>\n<\/ul>\n<p>[\/et_pb_text][et_pb_text _builder_version=&#8221;4.27.5&#8243; _module_preset=&#8221;default&#8221; text_font=&#8221;&#8211;et_global_body_font||||||||&#8221; text_text_color=&#8221;#191919&#8243; text_font_size=&#8221;16px&#8221; text_line_height=&#8221;1.5em&#8221; header_font=&#8221;&#8211;et_global_body_font||||||||&#8221; header_2_font=&#8221;|700|||||||&#8221; header_2_text_color=&#8221;#191919&#8243; header_2_font_size=&#8221;24px&#8221; background_color=&#8221;#f0f0f2&#8243; width=&#8221;640px&#8221; width_tablet=&#8221;100%&#8221; width_phone=&#8221;100%&#8221; width_last_edited=&#8221;on|phone&#8221; module_alignment=&#8221;center&#8221; custom_margin=&#8221;30px||||false|false&#8221; custom_padding=&#8221;30px|30px|30px|30px|true|true&#8221; hover_enabled=&#8221;0&#8243; header_2_font_size_tablet=&#8221;24px&#8221; header_2_font_size_phone=&#8221;22px&#8221; header_2_font_size_last_edited=&#8221;on|phone&#8221; border_radii=&#8221;on|0.5rem|0.5rem|0.5rem|0.5rem&#8221; locked=&#8221;off&#8221; global_colors_info=&#8221;{}&#8221; theme_builder_area=&#8221;post_content&#8221; sticky_enabled=&#8221;0&#8243;]<\/p>\n<h3>S\u00f6dert\u00e4lje Idrottsgala<\/h3>\n<p><strong>Var:<\/strong> T\u00e4ljehallen.<br \/>\n<strong>N\u00e4r:<\/strong> S\u00f6dert\u00e4lje Idrottsgala gick av stapeln 11 mars.<br \/>\n<strong>Varf\u00f6r:<\/strong> L\u00e4nstidningen S\u00f6dert\u00e4lje ville tillsammans med en rad partners uppm\u00e4rksamma s\u00e5v\u00e4l elit- som breddidrotten i S\u00f6dert\u00e4lje och Nykvarn samt de eldsj\u00e4lar som driver f\u00f6reningslivet fram\u00e5t.<br \/>\n<strong>Vilka var d\u00e4r: <\/strong>Framst\u00e5ende idrottsprofiler och aktiva inom f\u00f6reningslivet. Martin &amp; Love Stenmarck underh\u00f6ll och galan leddes av tv-profilen Jessica Almen\u00e4s.<\/p>\n<p>Vill du vara en del av S\u00f6dert\u00e4lje Idrottsgala 2027 kontakta Pontus Kronemyr: <a href=\"mailto:pontus.kronemyr@bonniernews.se\">pontus.kronemyr@bonniernews.se<\/a>[\/et_pb_text][\/et_pb_column][\/et_pb_row][\/et_pb_section]<\/p>\n","protected":false},"excerpt":{"rendered":"<p>Med hj\u00e4rtat f\u00f6r barnen i S\u00f6dert\u00e4ljeUtm\u00e4rkelsen \u00c5rets Telgehj\u00e4rta blev b\u00e5de ett kvitto p\u00e5 det viktiga och l\u00e5ngsiktiga arbete som redan g\u00f6rs \u2013 och en spr\u00e5ngbr\u00e4da mot nya satsningar och samarbeten mellan f\u00f6reningar och eldsj\u00e4lar i S\u00f6dert\u00e4lje. \u2013 Vi vill n\u00e5 barn och unga d\u00e4r de \u00e4r och ge dem en v\u00e4g in i f\u00f6reningslivet, s\u00e4ger [&hellip;]<\/p>\n","protected":false},"author":1,"featured_media":1863,"comment_status":"open","ping_status":"open","sticky":false,"template":"","format":"standard","meta":{"_et_pb_use_builder":"on","_et_pb_old_content":"","_et_gb_content_width":"","footnotes":""},"categories":[5],"tags":[],"class_list":["post-1835","post","type-post","status-publish","format-standard","has-post-thumbnail","hentry","category-artiklar-2026"],"_links":{"self":[{"href":"https:\/\/kampanj.lt.se\/idrottsgalan\/wp-json\/wp\/v2\/posts\/1835","targetHints":{"allow":["GET"]}}],"collection":[{"href":"https:\/\/kampanj.lt.se\/idrottsgalan\/wp-json\/wp\/v2\/posts"}],"about":[{"href":"https:\/\/kampanj.lt.se\/idrottsgalan\/wp-json\/wp\/v2\/types\/post"}],"author":[{"embeddable":true,"href":"https:\/\/kampanj.lt.se\/idrottsgalan\/wp-json\/wp\/v2\/users\/1"}],"replies":[{"embeddable":true,"href":"https:\/\/kampanj.lt.se\/idrottsgalan\/wp-json\/wp\/v2\/comments?post=1835"}],"version-history":[{"count":11,"href":"https:\/\/kampanj.lt.se\/idrottsgalan\/wp-json\/wp\/v2\/posts\/1835\/revisions"}],"predecessor-version":[{"id":1908,"href":"https:\/\/kampanj.lt.se\/idrottsgalan\/wp-json\/wp\/v2\/posts\/1835\/revisions\/1908"}],"wp:featuredmedia":[{"embeddable":true,"href":"https:\/\/kampanj.lt.se\/idrottsgalan\/wp-json\/wp\/v2\/media\/1863"}],"wp:attachment":[{"href":"https:\/\/kampanj.lt.se\/idrottsgalan\/wp-json\/wp\/v2\/media?parent=1835"}],"wp:term":[{"taxonomy":"category","embeddable":true,"href":"https:\/\/kampanj.lt.se\/idrottsgalan\/wp-json\/wp\/v2\/categories?post=1835"},{"taxonomy":"post_tag","embeddable":true,"href":"https:\/\/kampanj.lt.se\/idrottsgalan\/wp-json\/wp\/v2\/tags?post=1835"}],"curies":[{"name":"wp","href":"https:\/\/api.w.org\/{rel}","templated":true}]}}