{"id":1806,"date":"2026-02-24T16:36:30","date_gmt":"2026-02-24T15:36:30","guid":{"rendered":"https:\/\/kampanj.lt.se\/idrottsgalan\/?p=1806"},"modified":"2026-03-12T10:38:24","modified_gmt":"2026-03-12T09:38:24","slug":"lagkansla-bredd-och-laga-trosklar","status":"publish","type":"post","link":"https:\/\/kampanj.lt.se\/idrottsgalan\/lagkansla-bredd-och-laga-trosklar\/","title":{"rendered":"Lagk\u00e4nsla, bredd och l\u00e5ga tr\u00f6sklar"},"content":{"rendered":"<p>[et_pb_section fb_built=&#8221;1&#8243; custom_padding_last_edited=&#8221;off|phone&#8221; module_class=&#8221;brodtext&#8221; _builder_version=&#8221;4.23.4&#8243; _module_preset=&#8221;default&#8221; background_color=&#8221;#f7f9fb&#8221; custom_padding=&#8221;30px||30px||false|false&#8221; custom_padding_tablet=&#8221;50px||50px||true|false&#8221; custom_padding_phone=&#8221;40px||40px||true|false&#8221; global_colors_info=&#8221;{}&#8221; theme_builder_area=&#8221;post_content&#8221;][et_pb_row _builder_version=&#8221;4.23.1&#8243; _module_preset=&#8221;default&#8221; width_tablet=&#8221;80%&#8221; width_phone=&#8221;90%&#8221; width_last_edited=&#8221;on|phone&#8221; max_width=&#8221;640px&#8221; module_alignment=&#8221;center&#8221; custom_margin=&#8221;0px||0px||true|false&#8221; custom_padding=&#8221;0px||0px||true|false&#8221; global_colors_info=&#8221;{}&#8221; theme_builder_area=&#8221;post_content&#8221;][et_pb_column type=&#8221;4_4&#8243; _builder_version=&#8221;4.20.0&#8243; _module_preset=&#8221;default&#8221; global_colors_info=&#8221;{}&#8221; theme_builder_area=&#8221;post_content&#8221;][et_pb_text _builder_version=&#8221;4.27.5&#8243; _module_preset=&#8221;default&#8221; header_font=&#8221;|700|||||||&#8221; header_font_size=&#8221;64px&#8221; custom_margin=&#8221;||0px||false|false&#8221; custom_padding=&#8221;||0px||false|false&#8221; header_font_size_tablet=&#8221;50px&#8221; header_font_size_phone=&#8221;32px&#8221; header_font_size_last_edited=&#8221;on|desktop&#8221; custom_css_free_form=&#8221;.citat-blue{||  color:#007CBF;||}||.reg-txt{||  font-weight:normal!important;||}&#8221; global_colors_info=&#8221;{}&#8221; theme_builder_area=&#8221;post_content&#8221;]<\/p>\n<h1>Lagk\u00e4nsla, bredd och l\u00e5ga tr\u00f6sklar<\/h1>\n<p>[\/et_pb_text][et_pb_text _builder_version=&#8221;4.27.5&#8243; _dynamic_attributes=&#8221;content&#8221; _module_preset=&#8221;default&#8221; text_font=&#8221;Inter||||||||&#8221; text_text_color=&#8221;#505762&#8243; header_5_font=&#8221;Inter||||||||&#8221; header_5_text_color=&#8221;#505762&#8243; header_5_font_size=&#8221;14px&#8221; custom_margin=&#8221;||14px||false|false&#8221; global_colors_info=&#8221;{}&#8221; theme_builder_area=&#8221;post_content&#8221;]@ET-DC@eyJkeW5hbWljIjp0cnVlLCJjb250ZW50IjoicG9zdF9kYXRlIiwic2V0dGluZ3MiOnsiYmVmb3JlIjoiIiwiYWZ0ZXIiOiIiLCJkYXRlX2Zvcm1hdCI6ImRlZmF1bHQiLCJjdXN0b21fZGF0ZV9mb3JtYXQiOiIifX0=@[\/et_pb_text][et_pb_text _builder_version=&#8221;4.27.5&#8243; _module_preset=&#8221;default&#8221; text_font=&#8221;|700|||||||&#8221; text_text_color=&#8221;#191919&#8243; text_font_size=&#8221;20px&#8221; header_4_font=&#8221;Inter|700|||||||&#8221; header_4_text_color=&#8221;#191919&#8243; header_4_font_size=&#8221;20px&#8221; header_4_line_height=&#8221;1.3em&#8221; custom_margin=&#8221;||0px||false|false&#8221; custom_padding=&#8221;||0px||false|false&#8221; global_colors_info=&#8221;{}&#8221; theme_builder_area=&#8221;post_content&#8221;]<\/p>\n<h4>\u2013 Vi s\u00e4ger ofta ja, och v\u00e4ldigt s\u00e4llan nej.<\/h4>\n<h4>S\u00e5 sammanfattar ICA-handlaren Jonas Berg synen p\u00e5 st\u00f6d till f\u00f6reningslivet i S\u00f6dert\u00e4lje. F\u00f6r ICA Maxi Vasa handlar engagemanget mycket om bredd och lagk\u00e4nsla \u2013 och om att s\u00e5 m\u00e5nga barn och unga som m\u00f6jligt ska f\u00e5 ett sammanhang.<\/h4>\n<p>[\/et_pb_text][et_pb_text _builder_version=&#8221;4.27.5&#8243; _module_preset=&#8221;default&#8221; text_font=&#8221;||||||||&#8221; text_text_color=&#8221;#141414&#8243; text_font_size=&#8221;16px&#8221; header_6_font_size=&#8221;16px&#8221; header_6_line_height=&#8221;1.3em&#8221; background_color=&#8221;#eff0f2&#8243; custom_margin=&#8221;20px||0px||false|false&#8221; custom_padding=&#8221;14px|20px|14px|20px|true|true&#8221; header_6_line_height_phone=&#8221;1.3em&#8221; header_6_line_height_last_edited=&#8221;off|desktop&#8221; global_colors_info=&#8221;{}&#8221; theme_builder_area=&#8221;post_content&#8221;]<\/p>\n<h6 style=\"padding-bottom: 0px;\"><strong>Inneh\u00e5ll fr\u00e5n Ica Maxi Vasa<\/strong> \u2013 stolt partner till S\u00f6dert\u00e4lje Idrottsgala 2026.<\/h6>\n<p>[\/et_pb_text][\/et_pb_column][\/et_pb_row][et_pb_row _builder_version=&#8221;4.23.1&#8243; _module_preset=&#8221;default&#8221; width_tablet=&#8221;100%&#8221; width_phone=&#8221;100%&#8221; width_last_edited=&#8221;on|phone&#8221; max_width=&#8221;950px&#8221; module_alignment=&#8221;center&#8221; custom_padding=&#8221;30px||30px||true|false&#8221; global_colors_info=&#8221;{}&#8221; theme_builder_area=&#8221;post_content&#8221;][et_pb_column type=&#8221;4_4&#8243; _builder_version=&#8221;4.23.1&#8243; _module_preset=&#8221;default&#8221; global_colors_info=&#8221;{}&#8221; theme_builder_area=&#8221;post_content&#8221;][et_pb_image src=&#8221;https:\/\/kampanj.lt.se\/idrottsgalan\/wp-content\/uploads\/2026\/02\/lt_ica_main.jpg&#8221; title_text=&#8221;lt_ica_main&#8221; _builder_version=&#8221;4.27.5&#8243; _module_preset=&#8221;default&#8221; custom_margin=&#8221;0px||0px||true|false&#8221; custom_padding=&#8221;0px||0px||false|false&#8221; global_colors_info=&#8221;{}&#8221; theme_builder_area=&#8221;post_content&#8221;][\/et_pb_image][\/et_pb_column][\/et_pb_row][et_pb_row _builder_version=&#8221;4.23.1&#8243; _module_preset=&#8221;default&#8221; width_tablet=&#8221;80%&#8221; width_phone=&#8221;90%&#8221; width_last_edited=&#8221;on|phone&#8221; max_width=&#8221;640px&#8221; module_alignment=&#8221;center&#8221; custom_margin=&#8221;0px||0px||true|false&#8221; custom_padding=&#8221;0px||0px||false|false&#8221; global_colors_info=&#8221;{}&#8221; theme_builder_area=&#8221;post_content&#8221;][et_pb_column type=&#8221;4_4&#8243; _builder_version=&#8221;4.20.0&#8243; _module_preset=&#8221;default&#8221; global_colors_info=&#8221;{}&#8221; theme_builder_area=&#8221;post_content&#8221;][et_pb_text module_class=&#8221;tiempos-txt&#8221; _builder_version=&#8221;4.27.5&#8243; _module_preset=&#8221;default&#8221; text_text_color=&#8221;#191919&#8243; text_font_size=&#8221;18px&#8221; link_font=&#8221;||||||||&#8221; header_2_font_size=&#8221;24px&#8221; width_tablet=&#8221;100%&#8221; width_phone=&#8221;100%&#8221; width_last_edited=&#8221;off|desktop&#8221; custom_padding=&#8221;||||false|false&#8221; header_2_font_size_last_edited=&#8221;off|phone&#8221; custom_css_free_form=&#8221;h2{||  padding-bottom:0px;||  margin-bottom:8px;||}&#8221; global_colors_info=&#8221;{}&#8221; theme_builder_area=&#8221;post_content&#8221;]<\/p>\n<p>Varje vecka bes\u00f6ker omkring 35 000 kunder ICA Maxi Vasa i S\u00f6dert\u00e4lje. Butiken har runt 170 medarbetare och m\u00f6ter dagligen ett tv\u00e4rsnitt av stadens inv\u00e5nare \u2013 fr\u00e5n barnfamiljer till \u00e4ldre, fr\u00e5n olika stadsdelar, kulturer och bakgrunder.<\/p>\n<p>\u2013 Det g\u00f6r att vi \u00e4r v\u00e4ldigt t\u00e4tt sammanl\u00e4nkade med lokalsamh\u00e4llet, s\u00e4ger Jonas Berg.<\/p>\n<p>Den kopplingen \u00e4r ocks\u00e5 en drivkraft i butikens sponsringsarbete.<\/p>\n<p>\u2013 Om det g\u00e5r bra f\u00f6r S\u00f6dert\u00e4lje, d\u00e5 g\u00e5r det bra f\u00f6r oss, s\u00e4ger sponsringsansvarige Thobias Jonsson.<\/p>\n<p>[\/et_pb_text][et_pb_image src=&#8221;https:\/\/kampanj.lt.se\/idrottsgalan\/wp-content\/uploads\/2026\/02\/lt_ica_1.jpg&#8221; title_text=&#8221;lt_ica_1&#8243; _builder_version=&#8221;4.27.5&#8243; _module_preset=&#8221;default&#8221; custom_margin=&#8221;25px||25px||false|false&#8221; custom_padding=&#8221;0px||0px||true|false&#8221; global_colors_info=&#8221;{}&#8221; theme_builder_area=&#8221;post_content&#8221;][\/et_pb_image][et_pb_text module_class=&#8221;tiempos-txt&#8221; _builder_version=&#8221;4.27.5&#8243; _module_preset=&#8221;default&#8221; text_text_color=&#8221;#191919&#8243; text_font_size=&#8221;18px&#8221; link_font=&#8221;||||||||&#8221; header_2_font_size=&#8221;24px&#8221; custom_padding=&#8221;||||false|false&#8221; custom_css_free_form=&#8221;h2{||  padding-bottom:0px;||  margin-bottom:8px;||}&#8221; global_colors_info=&#8221;{}&#8221; theme_builder_area=&#8221;post_content&#8221;]<\/p>\n<h2>Vill g\u00f6ra gott i S\u00f6dert\u00e4lje<\/h2>\n<p>Idag \u00e4r ICA Maxi Vasa engagerade i omkring 20 idrottsf\u00f6reningar i S\u00f6dert\u00e4lje kommun. D\u00e4rut\u00f6ver st\u00f6ttar de ytterligare 30\u201340 organisationer \u2013 fr\u00e5n ungdomsverksamheter till sociala initiativ.<\/p>\n<p>\u2013 Det \u00e4r en v\u00e4ldigt stor bredd. Allt som handlar om att g\u00f6ra gott i staden f\u00f6rs\u00f6ker vi vara \u00f6ppna f\u00f6r, s\u00e4ger Thobias Jonsson.<\/p>\n<p>Fokus ligger tydligt p\u00e5 barn och unga.<\/p>\n<p>\u2013 F\u00f6reningslivet betyder s\u00e5 mycket. Det \u00e4r s\u00e5 otroligt viktigt att f\u00e5 ett sammanhang att vara med i!<\/p>\n<p>Jonas Berg lyfter s\u00e4rskilt lagidrottens betydelse f\u00f6r ungas utveckling.<\/p>\n<p>\u2013 Man l\u00e4r sig att umg\u00e5s i grupp och samarbeta, och det \u00e4r n\u00e5got man har nytta av hela livet.<\/p>\n<p>I sponsringsarbetet \u00e4r bredden central. \u00c4ven om ICA Maxi Vasa ibland st\u00f6ttar lag med elitsatsningar s\u00e5 riktas huvuddelen av insatserna till barn- och ungdomsverksamhet \u2013 g\u00e4rna d\u00e4r tr\u00f6skeln in \u00e4r l\u00e5g.<\/p>\n<p>\u2013 Vi tror inte p\u00e5 toppade lag i tidig \u00e5lder. Barn ska kunna prova olika idrotter, i alla fall upp till 14\u201315 \u00e5rs \u00e5lder, s\u00e4ger Jonas Berg.<\/p>\n<p>Det perspektivet p\u00e5verkar ocks\u00e5 hur samarbeten och avtal utformas. St\u00f6det kan handla om direkta bidrag men ocks\u00e5 om andra l\u00f6sningar, som rabatter kopplade till f\u00f6reningars ink\u00f6p.<\/p>\n<p>[\/et_pb_text][et_pb_image src=&#8221;https:\/\/kampanj.lt.se\/idrottsgalan\/wp-content\/uploads\/2026\/02\/lt_ica_.jpg&#8221; title_text=&#8221;lt_ica_&#8221; _builder_version=&#8221;4.27.5&#8243; _module_preset=&#8221;default&#8221; custom_margin=&#8221;25px||25px||false|false&#8221; custom_padding=&#8221;0px||0px||true|false&#8221; global_colors_info=&#8221;{}&#8221; theme_builder_area=&#8221;post_content&#8221;][\/et_pb_image][et_pb_text module_class=&#8221;tiempos-txt&#8221; _builder_version=&#8221;4.27.5&#8243; _module_preset=&#8221;default&#8221; text_text_color=&#8221;#191919&#8243; text_font_size=&#8221;18px&#8221; link_font=&#8221;||||||||&#8221; header_2_font_size=&#8221;24px&#8221; custom_padding=&#8221;||||false|false&#8221; custom_css_free_form=&#8221;h2{||  padding-bottom:0px;||  margin-bottom:8px;||}&#8221; global_colors_info=&#8221;{}&#8221; theme_builder_area=&#8221;post_content&#8221;]<\/p>\n<h2>\u201cProva p\u00e5\u201d &#8211; Nytt initiativ<\/h2>\n<p>Just nu \u00e4r ett initiativ tillsammans med Idrott Utan Gr\u00e4nser extra aktuellt. ICA Maxi Vasa har samarbetat med organisationen sedan 2010 och testar nu ett nytt grepp.<\/p>\n<p>\u2013 Vi jobbar ihop kring n\u00e5got vi kallar f\u00f6r \u201dprova p\u00e5\u201d. Det riktar sig till barn och unga som inte har testat f\u00f6reningsidrott tidigare, s\u00e4ger Jonas Berg.<\/p>\n<p>Tanken \u00e4r att matcha barn och unga med f\u00f6reningar som \u00e4r f\u00f6rberedda p\u00e5 att ta emot nyb\u00f6rjare och d\u00e4rmed s\u00e4nka tr\u00f6sklarna f\u00f6r att komma in.<\/p>\n<p>Bakom Ica Maxi Vasas breda engagemang finns ocks\u00e5 en tydlig tanke om m\u00f6ten mellan m\u00e4nniskor.<\/p>\n<p>\u2013 Vi tror p\u00e5 m\u00e5ngfald, s\u00e4ger Jonas Berg.<\/p>\n<p>\u2013 Ett enat S\u00f6dert\u00e4lje \u00e4r b\u00e4st f\u00f6r alla. Inga splittringar \u2013 det kommer inte att gynna n\u00e5gon. Att ses och l\u00e4ra k\u00e4nna varandra \u00e4r en j\u00e4tteviktig motvikt till segregation.<\/p>\n<p>[\/et_pb_text][et_pb_text _builder_version=&#8221;4.27.5&#8243; _module_preset=&#8221;default&#8221; text_font=&#8221;&#8211;et_global_body_font||||||||&#8221; text_text_color=&#8221;#191919&#8243; text_font_size=&#8221;16px&#8221; text_line_height=&#8221;1.5em&#8221; header_font=&#8221;&#8211;et_global_body_font||||||||&#8221; header_2_font=&#8221;|700|||||||&#8221; header_2_text_color=&#8221;#191919&#8243; header_2_font_size=&#8221;24px&#8221; background_color=&#8221;#f0f0f2&#8243; width=&#8221;640px&#8221; width_tablet=&#8221;100%&#8221; width_phone=&#8221;100%&#8221; width_last_edited=&#8221;on|phone&#8221; module_alignment=&#8221;center&#8221; custom_margin=&#8221;30px||||false|false&#8221; custom_padding=&#8221;30px|30px|30px|30px|true|true&#8221; hover_enabled=&#8221;0&#8243; header_2_font_size_tablet=&#8221;24px&#8221; header_2_font_size_phone=&#8221;22px&#8221; header_2_font_size_last_edited=&#8221;on|phone&#8221; border_radii=&#8221;on|0.5rem|0.5rem|0.5rem|0.5rem&#8221; locked=&#8221;off&#8221; global_colors_info=&#8221;{}&#8221; theme_builder_area=&#8221;post_content&#8221; sticky_enabled=&#8221;0&#8243;]<\/p>\n<h3>S\u00f6dert\u00e4lje Idrottsgala<\/h3>\n<p><strong>Var:<\/strong> T\u00e4ljehallen.<br \/>\n<strong>N\u00e4r:<\/strong> S\u00f6dert\u00e4lje Idrottsgala gick av stapeln 11 mars.<br \/>\n<strong>Varf\u00f6r:<\/strong> L\u00e4nstidningen S\u00f6dert\u00e4lje ville tillsammans med en rad partners uppm\u00e4rksamma s\u00e5v\u00e4l elit- som breddidrotten i S\u00f6dert\u00e4lje och Nykvarn samt de eldsj\u00e4lar som driver f\u00f6reningslivet fram\u00e5t.<br \/>\n<strong>Vilka var d\u00e4r: <\/strong>Framst\u00e5ende idrottsprofiler och aktiva inom f\u00f6reningslivet. Martin &amp; Love Stenmarck underh\u00f6ll och galan leddes av tv-profilen Jessica Almen\u00e4s.<\/p>\n<p>Vill du vara en del av S\u00f6dert\u00e4lje Idrottsgala 2027 kontakta Pontus Kronemyr: <a href=\"mailto:pontus.kronemyr@bonniernews.se\">pontus.kronemyr@bonniernews.se<\/a>[\/et_pb_text][\/et_pb_column][\/et_pb_row][\/et_pb_section]<\/p>\n","protected":false},"excerpt":{"rendered":"<p>Lagk\u00e4nsla, bredd och l\u00e5ga tr\u00f6sklar\u2013 Vi s\u00e4ger ofta ja, och v\u00e4ldigt s\u00e4llan nej. S\u00e5 sammanfattar ICA-handlaren Jonas Berg synen p\u00e5 st\u00f6d till f\u00f6reningslivet i S\u00f6dert\u00e4lje. F\u00f6r ICA Maxi Vasa handlar engagemanget mycket om bredd och lagk\u00e4nsla \u2013 och om att s\u00e5 m\u00e5nga barn och unga som m\u00f6jligt ska f\u00e5 ett sammanhang.Inneh\u00e5ll fr\u00e5n Ica Maxi Vasa [&hellip;]<\/p>\n","protected":false},"author":1,"featured_media":1810,"comment_status":"open","ping_status":"open","sticky":false,"template":"","format":"standard","meta":{"_et_pb_use_builder":"on","_et_pb_old_content":"","_et_gb_content_width":"","footnotes":""},"categories":[5],"tags":[],"class_list":["post-1806","post","type-post","status-publish","format-standard","has-post-thumbnail","hentry","category-artiklar-2026"],"_links":{"self":[{"href":"https:\/\/kampanj.lt.se\/idrottsgalan\/wp-json\/wp\/v2\/posts\/1806","targetHints":{"allow":["GET"]}}],"collection":[{"href":"https:\/\/kampanj.lt.se\/idrottsgalan\/wp-json\/wp\/v2\/posts"}],"about":[{"href":"https:\/\/kampanj.lt.se\/idrottsgalan\/wp-json\/wp\/v2\/types\/post"}],"author":[{"embeddable":true,"href":"https:\/\/kampanj.lt.se\/idrottsgalan\/wp-json\/wp\/v2\/users\/1"}],"replies":[{"embeddable":true,"href":"https:\/\/kampanj.lt.se\/idrottsgalan\/wp-json\/wp\/v2\/comments?post=1806"}],"version-history":[{"count":5,"href":"https:\/\/kampanj.lt.se\/idrottsgalan\/wp-json\/wp\/v2\/posts\/1806\/revisions"}],"predecessor-version":[{"id":1911,"href":"https:\/\/kampanj.lt.se\/idrottsgalan\/wp-json\/wp\/v2\/posts\/1806\/revisions\/1911"}],"wp:featuredmedia":[{"embeddable":true,"href":"https:\/\/kampanj.lt.se\/idrottsgalan\/wp-json\/wp\/v2\/media\/1810"}],"wp:attachment":[{"href":"https:\/\/kampanj.lt.se\/idrottsgalan\/wp-json\/wp\/v2\/media?parent=1806"}],"wp:term":[{"taxonomy":"category","embeddable":true,"href":"https:\/\/kampanj.lt.se\/idrottsgalan\/wp-json\/wp\/v2\/categories?post=1806"},{"taxonomy":"post_tag","embeddable":true,"href":"https:\/\/kampanj.lt.se\/idrottsgalan\/wp-json\/wp\/v2\/tags?post=1806"}],"curies":[{"name":"wp","href":"https:\/\/api.w.org\/{rel}","templated":true}]}}