{"id":1769,"date":"2026-02-09T14:26:15","date_gmt":"2026-02-09T13:26:15","guid":{"rendered":"https:\/\/kampanj.lt.se\/idrottsgalan\/?p=1769"},"modified":"2026-03-12T10:39:43","modified_gmt":"2026-03-12T09:39:43","slug":"mycket-mer-an-chips-sjalvklart-stotta-den-lokala-idrotten","status":"publish","type":"post","link":"https:\/\/kampanj.lt.se\/idrottsgalan\/mycket-mer-an-chips-sjalvklart-stotta-den-lokala-idrotten\/","title":{"rendered":"Mycket mer \u00e4n chips: \u201cSj\u00e4lvklart st\u00f6tta den lokala idrotten\u201d"},"content":{"rendered":"<p>[et_pb_section fb_built=&#8221;1&#8243; custom_padding_last_edited=&#8221;off|phone&#8221; module_class=&#8221;brodtext&#8221; _builder_version=&#8221;4.23.4&#8243; _module_preset=&#8221;default&#8221; background_color=&#8221;#f7f9fb&#8221; custom_padding=&#8221;30px||30px||false|false&#8221; custom_padding_tablet=&#8221;50px||50px||true|false&#8221; custom_padding_phone=&#8221;40px||40px||true|false&#8221; global_colors_info=&#8221;{}&#8221; theme_builder_area=&#8221;post_content&#8221;][et_pb_row _builder_version=&#8221;4.23.1&#8243; _module_preset=&#8221;default&#8221; width_tablet=&#8221;80%&#8221; width_phone=&#8221;90%&#8221; width_last_edited=&#8221;on|phone&#8221; max_width=&#8221;640px&#8221; module_alignment=&#8221;center&#8221; custom_margin=&#8221;0px||0px||true|false&#8221; custom_padding=&#8221;0px||0px||true|false&#8221; global_colors_info=&#8221;{}&#8221; theme_builder_area=&#8221;post_content&#8221;][et_pb_column type=&#8221;4_4&#8243; _builder_version=&#8221;4.20.0&#8243; _module_preset=&#8221;default&#8221; global_colors_info=&#8221;{}&#8221; theme_builder_area=&#8221;post_content&#8221;][et_pb_text _builder_version=&#8221;4.27.5&#8243; _module_preset=&#8221;default&#8221; header_font=&#8221;|700|||||||&#8221; header_font_size=&#8221;51px&#8221; custom_margin=&#8221;||0px||false|false&#8221; custom_padding=&#8221;||0px||false|false&#8221; header_font_size_tablet=&#8221;50px&#8221; header_font_size_phone=&#8221;32px&#8221; header_font_size_last_edited=&#8221;on|desktop&#8221; custom_css_free_form=&#8221;.citat-blue{||  color:#007CBF;||}||.reg-txt{||  font-weight:normal!important;||}&#8221; global_colors_info=&#8221;{}&#8221; theme_builder_area=&#8221;post_content&#8221;]<\/p>\n<h1>Mycket mer \u00e4n chips: \u201cSj\u00e4lvklart st\u00f6tta den lokala idrotten\u201d<\/h1>\n<p>[\/et_pb_text][et_pb_text _builder_version=&#8221;4.27.5&#8243; _dynamic_attributes=&#8221;content&#8221; _module_preset=&#8221;default&#8221; text_font=&#8221;Inter||||||||&#8221; text_text_color=&#8221;#505762&#8243; header_5_font=&#8221;Inter||||||||&#8221; header_5_text_color=&#8221;#505762&#8243; header_5_font_size=&#8221;14px&#8221; custom_margin=&#8221;||14px||false|false&#8221; global_colors_info=&#8221;{}&#8221; theme_builder_area=&#8221;post_content&#8221;]@ET-DC@eyJkeW5hbWljIjp0cnVlLCJjb250ZW50IjoicG9zdF9kYXRlIiwic2V0dGluZ3MiOnsiYmVmb3JlIjoiIiwiYWZ0ZXIiOiIiLCJkYXRlX2Zvcm1hdCI6ImRlZmF1bHQiLCJjdXN0b21fZGF0ZV9mb3JtYXQiOiIifX0=@[\/et_pb_text][et_pb_text _builder_version=&#8221;4.27.5&#8243; _module_preset=&#8221;default&#8221; text_font=&#8221;|700|||||||&#8221; text_text_color=&#8221;#191919&#8243; text_font_size=&#8221;20px&#8221; header_4_font=&#8221;Inter|700|||||||&#8221; header_4_text_color=&#8221;#191919&#8243; header_4_font_size=&#8221;20px&#8221; header_4_line_height=&#8221;1.3em&#8221; custom_margin=&#8221;||0px||false|false&#8221; custom_padding=&#8221;||0px||false|false&#8221; global_colors_info=&#8221;{}&#8221; theme_builder_area=&#8221;post_content&#8221;]<\/p>\n<h4>De flesta plockar upp deras p\u00e5sar i butikshyllan inf\u00f6r fredagsmyset. F\u00e4rre t\u00e4nker p\u00e5 fabriken i S\u00f6dert\u00e4lje, m\u00e4nniskorna som jobbar d\u00e4r och varf\u00f6r de stannar.<\/h4>\n<h4>F\u00f6r Svenska Lantchips handlar lokal n\u00e4rvaro om mer \u00e4n produktion.<\/h4>\n<p>[\/et_pb_text][et_pb_text _builder_version=&#8221;4.27.5&#8243; _module_preset=&#8221;default&#8221; text_font=&#8221;||||||||&#8221; text_text_color=&#8221;#141414&#8243; text_font_size=&#8221;16px&#8221; header_6_font_size=&#8221;16px&#8221; header_6_line_height=&#8221;1.3em&#8221; background_color=&#8221;#eff0f2&#8243; custom_margin=&#8221;20px||0px||false|false&#8221; custom_padding=&#8221;14px|20px|14px|20px|true|true&#8221; header_6_line_height_phone=&#8221;1.3em&#8221; header_6_line_height_last_edited=&#8221;off|desktop&#8221; global_colors_info=&#8221;{}&#8221; theme_builder_area=&#8221;post_content&#8221;]<\/p>\n<h6 style=\"padding-bottom: 0px;\"><strong>Inneh\u00e5ll fr\u00e5n Svenska Lantchips<\/strong> \u2013 stolt sponsor till S\u00f6dert\u00e4lje Idrottsgala 2026.<\/h6>\n<p>[\/et_pb_text][\/et_pb_column][\/et_pb_row][et_pb_row _builder_version=&#8221;4.23.1&#8243; _module_preset=&#8221;default&#8221; width_tablet=&#8221;100%&#8221; width_phone=&#8221;100%&#8221; width_last_edited=&#8221;on|phone&#8221; max_width=&#8221;950px&#8221; module_alignment=&#8221;center&#8221; custom_padding=&#8221;30px||30px||true|false&#8221; global_colors_info=&#8221;{}&#8221; theme_builder_area=&#8221;post_content&#8221;][et_pb_column type=&#8221;4_4&#8243; _builder_version=&#8221;4.23.1&#8243; _module_preset=&#8221;default&#8221; global_colors_info=&#8221;{}&#8221; theme_builder_area=&#8221;post_content&#8221;][et_pb_image src=&#8221;https:\/\/kampanj.lt.se\/idrottsgalan\/wp-content\/uploads\/2026\/02\/lt-svenskalantchips-main-1.jpg&#8221; title_text=&#8221;lt-svenskalantchips-main&#8221; _builder_version=&#8221;4.27.5&#8243; _module_preset=&#8221;default&#8221; custom_margin=&#8221;0px||0px||true|false&#8221; custom_padding=&#8221;0px||0px||false|false&#8221; global_colors_info=&#8221;{}&#8221; theme_builder_area=&#8221;post_content&#8221;][\/et_pb_image][et_pb_text _builder_version=&#8221;4.27.5&#8243; _module_preset=&#8221;default&#8221; text_text_color=&#8221;#505762&#8243; text_line_height=&#8221;1.3em&#8221; header_5_font=&#8221;Inter||||||||&#8221; header_5_text_color=&#8221;#505762&#8243; width_tablet=&#8221;80%&#8221; width_phone=&#8221;90%&#8221; width_last_edited=&#8221;on|phone&#8221; module_alignment=&#8221;center&#8221; custom_margin=&#8221;10px||0px||false|false&#8221; custom_padding=&#8221;0px||0px||false|false&#8221; custom_padding_tablet=&#8221;|||20px|false|false&#8221; custom_padding_phone=&#8221;|||20px|false|false&#8221; custom_padding_last_edited=&#8221;off|desktop&#8221; locked=&#8221;off&#8221; global_colors_info=&#8221;{}&#8221; theme_builder_area=&#8221;post_content&#8221;]V\u00e5rt st\u00f6d till idrotten signalerar att vi bryr oss om platsen och m\u00e4nniskorna h\u00e4r. Det s\u00e4ger n\u00e5got om vilka vi \u00e4r som f\u00f6retag, och det \u00e4r n\u00e5got m\u00e5nga v\u00e4rdes\u00e4tter n\u00e4r de v\u00e4ljer arbetsgivare\u201d, s\u00e4ger Fredrik Stagmo, t h, marknadschef p\u00e5 Svenska Lantchips. H\u00e4r tillsammans med Enlil Tuncay, produktionschef.[\/et_pb_text][\/et_pb_column][\/et_pb_row][et_pb_row _builder_version=&#8221;4.23.1&#8243; _module_preset=&#8221;default&#8221; width_tablet=&#8221;80%&#8221; width_phone=&#8221;90%&#8221; width_last_edited=&#8221;on|phone&#8221; max_width=&#8221;640px&#8221; module_alignment=&#8221;center&#8221; custom_margin=&#8221;0px||0px||true|false&#8221; custom_padding=&#8221;0px||0px||false|false&#8221; global_colors_info=&#8221;{}&#8221; theme_builder_area=&#8221;post_content&#8221;][et_pb_column type=&#8221;4_4&#8243; _builder_version=&#8221;4.20.0&#8243; _module_preset=&#8221;default&#8221; global_colors_info=&#8221;{}&#8221; theme_builder_area=&#8221;post_content&#8221;][et_pb_text module_class=&#8221;tiempos-txt&#8221; _builder_version=&#8221;4.27.5&#8243; _module_preset=&#8221;default&#8221; text_text_color=&#8221;#191919&#8243; text_font_size=&#8221;18px&#8221; link_font=&#8221;||||||||&#8221; header_2_font_size=&#8221;24px&#8221; custom_padding=&#8221;||||false|false&#8221; custom_css_free_form=&#8221;h2{||  padding-bottom:0px;||  margin-bottom:8px;||}&#8221; global_colors_info=&#8221;{}&#8221; theme_builder_area=&#8221;post_content&#8221;]<a href=\"https:\/\/lantchips.se\/\" target=\"_blank\" rel=\"noopener\">L\u00e4s mer om Svenska Lantchips h\u00e4r<\/a>[\/et_pb_text][et_pb_text module_class=&#8221;tiempos-txt&#8221; _builder_version=&#8221;4.27.5&#8243; _module_preset=&#8221;default&#8221; text_text_color=&#8221;#191919&#8243; text_font_size=&#8221;18px&#8221; link_font=&#8221;||||||||&#8221; header_2_font_size=&#8221;24px&#8221; width_tablet=&#8221;100%&#8221; width_phone=&#8221;100%&#8221; width_last_edited=&#8221;off|desktop&#8221; custom_padding=&#8221;||||false|false&#8221; header_2_font_size_last_edited=&#8221;off|phone&#8221; custom_css_free_form=&#8221;h2{||  padding-bottom:0px;||  margin-bottom:8px;||}&#8221; global_colors_info=&#8221;{}&#8221; theme_builder_area=&#8221;post_content&#8221;]<\/p>\n<p>I fabriken i S\u00f6dert\u00e4lje har potatis f\u00f6rvandlats till chips sedan slutet av 1990-talet. F\u00f6r Svenska Lantchips \u00e4r platsen inte ett logistiskt val bland andra utan en del av f\u00f6retagets identitet.<\/p>\n<p>\u2013 Vi \u00e4r en lokal arbetsplats med starka band till S\u00f6dert\u00e4lje. M\u00e5nga som jobbar h\u00e4r bor i omr\u00e5det, har jobbat h\u00e4r l\u00e4nge och k\u00e4nner stolthet b\u00e5de f\u00f6r f\u00f6retaget och staden. Fabriken \u00e4r en del av S\u00f6dert\u00e4lje, inte bara en plats d\u00e4r man r\u00e5kar producera, s\u00e4ger produktionschefen Enlil Tuncay.<\/p>\n<p>Den lokala f\u00f6rankringen m\u00e4rks ocks\u00e5 i hur f\u00f6retaget ser p\u00e5 sin roll som arbetsgivare. I en region d\u00e4r stora industrij\u00e4ttar konkurrerar om arbetskraften har Svenska Lantchips valt en annan v\u00e4g.<\/p>\n<p>\u2013 M\u00e4nniskor v\u00e4ljer oss f\u00f6r den familj\u00e4ra st\u00e4mningen, det n\u00e4ra ledarskapet och en trygg arbetsmilj\u00f6. H\u00e4r blir man sedd, f\u00e5r ta ansvar och kan v\u00e4xa. Det \u00e4r n\u00e5got som m\u00e5nga upplever saknas p\u00e5 st\u00f6rre arbetsplatser, s\u00e4ger Enlil Tuncay.<\/p>\n<p>[\/et_pb_text][et_pb_image src=&#8221;https:\/\/kampanj.lt.se\/idrottsgalan\/wp-content\/uploads\/2026\/02\/lt-svenskalantchips-1.jpg&#8221; title_text=&#8221;lt-svenskalantchips-1&#8243; _builder_version=&#8221;4.27.5&#8243; _module_preset=&#8221;default&#8221; custom_margin=&#8221;25px||25px||false|false&#8221; custom_padding=&#8221;0px||0px||true|false&#8221; global_colors_info=&#8221;{}&#8221; theme_builder_area=&#8221;post_content&#8221;][\/et_pb_image][et_pb_text module_class=&#8221;tiempos-txt&#8221; _builder_version=&#8221;4.27.5&#8243; _module_preset=&#8221;default&#8221; text_text_color=&#8221;#191919&#8243; text_font_size=&#8221;18px&#8221; link_font=&#8221;||||||||&#8221; header_2_font_size=&#8221;24px&#8221; custom_padding=&#8221;||||false|false&#8221; custom_css_free_form=&#8221;h2{||  padding-bottom:0px;||  margin-bottom:8px;||}&#8221; global_colors_info=&#8221;{}&#8221; theme_builder_area=&#8221;post_content&#8221;]<\/p>\n<h2>Korta beslutsv\u00e4gar och l\u00e5ngsiktigt perspektiv<\/h2>\n<p>Att f\u00f6retaget \u00e4r familje\u00e4gt s\u00e4tter tydliga sp\u00e5r i vardagen. Beslutsv\u00e4garna \u00e4r korta, perspektivet l\u00e5ngsiktigt och fokus ligger p\u00e5 b\u00e5de m\u00e4nniskor och produktion.<\/p>\n<p>\u2013 Man tar inte beslut bara utifr\u00e5n siffror. Det handlar om att f\u00e5 verksamheten att fungera \u00f6ver tid, med m\u00e4nniskor som orkar och vill vara kvar.<\/p>\n<p>Den inst\u00e4llningen pr\u00f6vas som mest n\u00e4r tempot \u00e4r h\u00f6gt. D\u00e5, menar Enlil Tuncay, blir kulturen extra tydlig:<\/p>\n<p>\u2013 Stoltheten g\u00f6r att man h\u00e5ller fokus \u00e4ven n\u00e4r det \u00e4r stressigt. Medarbetarna hj\u00e4lper varandra och tar ansvar, b\u00e5de f\u00f6r produkten och f\u00f6r kollegorna.<\/p>\n<p>Ett exempel \u00e4r n\u00e4r en medarbetare lyfte en id\u00e9 f\u00f6r att g\u00f6ra ett arbetsmoment s\u00e4krare. F\u00f6rslaget togs upp, testades och inf\u00f6rdes.<\/p>\n<p>\u2013 Det \u00f6kade s\u00e4kerheten, men kanske \u00e4nnu viktigare: det gav medarbetaren en tydlig k\u00e4nsla av att bidra p\u00e5 riktigt.<\/p>\n<p>[\/et_pb_text][et_pb_image src=&#8221;https:\/\/kampanj.lt.se\/idrottsgalan\/wp-content\/uploads\/2026\/02\/lt-svenskalantchips-2.jpg&#8221; title_text=&#8221;lt-svenskalantchips-2&#8243; _builder_version=&#8221;4.27.5&#8243; _module_preset=&#8221;default&#8221; custom_margin=&#8221;25px||25px||false|false&#8221; custom_padding=&#8221;0px||0px||true|false&#8221; global_colors_info=&#8221;{}&#8221; theme_builder_area=&#8221;post_content&#8221;][\/et_pb_image][et_pb_text module_class=&#8221;tiempos-txt&#8221; _builder_version=&#8221;4.27.5&#8243; _module_preset=&#8221;default&#8221; text_text_color=&#8221;#191919&#8243; text_font_size=&#8221;18px&#8221; link_font=&#8221;||||||||&#8221; header_2_font_size=&#8221;24px&#8221; custom_padding=&#8221;||||false|false&#8221; custom_css_free_form=&#8221;h2{||  padding-bottom:0px;||  margin-bottom:8px;||}&#8221; global_colors_info=&#8221;{}&#8221; theme_builder_area=&#8221;post_content&#8221;]<\/p>\n<h2>\u201cIdrott ska vara f\u00f6r alla\u201d<\/h2>\n<p>Just den k\u00e4nslan av sammanhang g\u00e5r igen \u00e4ven utanf\u00f6r fabriken. Som ett led i f\u00f6retagets l\u00e5ngsiktiga ansvar p\u00e5 orten \u00e4r Svenska Lantchips engagerade i S\u00f6dert\u00e4lje Idrottsgala,<\/p>\n<p>\u2013 Tillh\u00f6righet och r\u00e4tten till idrott f\u00f6r alla \u00e4r k\u00e4rnv\u00e4rden f\u00f6r \u00e4garfamiljerna. Idrottsgalan st\u00e5r f\u00f6r samma sak, s\u00e4ger marknadschefen Fredrik Stagmo.<\/p>\n<p>Enligt honom handlar engagemanget inte om exponering utan om vad idrotten betyder lokalt.<\/p>\n<p>\u2013 Idrott f\u00f6r alla \u00e4r en samh\u00e4llsfr\u00e5ga. Som f\u00f6retag kan vi st\u00f6tta den genom att vara med och lyfta f\u00f6reningslivet och de m\u00e4nniskor som b\u00e4r upp det.<\/p>\n<p>Han beskriver galan som en m\u00f6tesplats d\u00e4r fler \u00e4n vinnarna f\u00e5r synas.<\/p>\n<p>\u2013 Det \u00e4r inte bara prestationer som hyllas, utan ocks\u00e5 det l\u00e5ngsiktiga arbetet i f\u00f6reningar, \u00f6ver generationer och idrotter. Den d\u00e4r k\u00e4nslan av att man g\u00f6r n\u00e5got tillsammans \u00e4r viktig, b\u00e5de f\u00f6r galan och f\u00f6r oss.<\/p>\n<p>[\/et_pb_text][et_pb_text module_class=&#8221;tiempos-txt&#8221; _builder_version=&#8221;4.27.5&#8243; _module_preset=&#8221;default&#8221; text_text_color=&#8221;#191919&#8243; text_font_size=&#8221;18px&#8221; link_font=&#8221;||||||||&#8221; header_2_font_size=&#8221;24px&#8221; custom_padding=&#8221;||||false|false&#8221; custom_css_free_form=&#8221;h2{||  padding-bottom:0px;||  margin-bottom:8px;||}&#8221; global_colors_info=&#8221;{}&#8221; theme_builder_area=&#8221;post_content&#8221;]<a href=\"https:\/\/lantchips.se\/\" target=\"_blank\" rel=\"noopener\">L\u00e4s mer om Svenska Lantchips h\u00e4r <\/a>[\/et_pb_text][et_pb_text _builder_version=&#8221;4.27.5&#8243; _module_preset=&#8221;default&#8221; text_font=&#8221;&#8211;et_global_body_font||||||||&#8221; text_text_color=&#8221;#191919&#8243; text_font_size=&#8221;16px&#8221; text_line_height=&#8221;1.5em&#8221; header_font=&#8221;&#8211;et_global_body_font||||||||&#8221; header_2_font=&#8221;|700|||||||&#8221; header_2_text_color=&#8221;#191919&#8243; header_2_font_size=&#8221;24px&#8221; background_color=&#8221;#f0f0f2&#8243; width=&#8221;640px&#8221; width_tablet=&#8221;100%&#8221; width_phone=&#8221;100%&#8221; width_last_edited=&#8221;on|phone&#8221; module_alignment=&#8221;center&#8221; custom_margin=&#8221;30px||||false|false&#8221; custom_padding=&#8221;30px|30px|30px|30px|true|true&#8221; hover_enabled=&#8221;0&#8243; header_2_font_size_tablet=&#8221;24px&#8221; header_2_font_size_phone=&#8221;22px&#8221; header_2_font_size_last_edited=&#8221;on|phone&#8221; border_radii=&#8221;on|0.5rem|0.5rem|0.5rem|0.5rem&#8221; locked=&#8221;off&#8221; global_colors_info=&#8221;{}&#8221; theme_builder_area=&#8221;post_content&#8221; sticky_enabled=&#8221;0&#8243;]<\/p>\n<h3>S\u00f6dert\u00e4lje Idrottsgala<\/h3>\n<p><strong>Var:<\/strong> T\u00e4ljehallen.<br \/>\n<strong>N\u00e4r:<\/strong> S\u00f6dert\u00e4lje Idrottsgala gick av stapeln 11 mars.<br \/>\n<strong>Varf\u00f6r:<\/strong> L\u00e4nstidningen S\u00f6dert\u00e4lje ville tillsammans med en rad partners uppm\u00e4rksamma s\u00e5v\u00e4l elit- som breddidrotten i S\u00f6dert\u00e4lje och Nykvarn samt de eldsj\u00e4lar som driver f\u00f6reningslivet fram\u00e5t.<br \/>\n<strong>Vilka var d\u00e4r: <\/strong>Framst\u00e5ende idrottsprofiler och aktiva inom f\u00f6reningslivet. Martin &amp; Love Stenmarck underh\u00f6ll och galan leddes av tv-profilen Jessica Almen\u00e4s.<\/p>\n<p>Vill du vara en del av S\u00f6dert\u00e4lje Idrottsgala 2027 kontakta Pontus Kronemyr: <a href=\"mailto:pontus.kronemyr@bonniernews.se\">pontus.kronemyr@bonniernews.se<\/a>[\/et_pb_text][\/et_pb_column][\/et_pb_row][\/et_pb_section]<\/p>\n","protected":false},"excerpt":{"rendered":"<p>Mycket mer \u00e4n chips: \u201cSj\u00e4lvklart st\u00f6tta den lokala idrotten\u201dDe flesta plockar upp deras p\u00e5sar i butikshyllan inf\u00f6r fredagsmyset. F\u00e4rre t\u00e4nker p\u00e5 fabriken i S\u00f6dert\u00e4lje, m\u00e4nniskorna som jobbar d\u00e4r och varf\u00f6r de stannar. F\u00f6r Svenska Lantchips handlar lokal n\u00e4rvaro om mer \u00e4n produktion.Inneh\u00e5ll fr\u00e5n Svenska Lantchips \u2013 stolt sponsor till S\u00f6dert\u00e4lje Idrottsgala 2026.V\u00e5rt st\u00f6d till idrotten [&hellip;]<\/p>\n","protected":false},"author":1,"featured_media":1776,"comment_status":"open","ping_status":"open","sticky":false,"template":"","format":"standard","meta":{"_et_pb_use_builder":"on","_et_pb_old_content":"","_et_gb_content_width":"","footnotes":""},"categories":[5],"tags":[],"class_list":["post-1769","post","type-post","status-publish","format-standard","has-post-thumbnail","hentry","category-artiklar-2026"],"_links":{"self":[{"href":"https:\/\/kampanj.lt.se\/idrottsgalan\/wp-json\/wp\/v2\/posts\/1769","targetHints":{"allow":["GET"]}}],"collection":[{"href":"https:\/\/kampanj.lt.se\/idrottsgalan\/wp-json\/wp\/v2\/posts"}],"about":[{"href":"https:\/\/kampanj.lt.se\/idrottsgalan\/wp-json\/wp\/v2\/types\/post"}],"author":[{"embeddable":true,"href":"https:\/\/kampanj.lt.se\/idrottsgalan\/wp-json\/wp\/v2\/users\/1"}],"replies":[{"embeddable":true,"href":"https:\/\/kampanj.lt.se\/idrottsgalan\/wp-json\/wp\/v2\/comments?post=1769"}],"version-history":[{"count":8,"href":"https:\/\/kampanj.lt.se\/idrottsgalan\/wp-json\/wp\/v2\/posts\/1769\/revisions"}],"predecessor-version":[{"id":1915,"href":"https:\/\/kampanj.lt.se\/idrottsgalan\/wp-json\/wp\/v2\/posts\/1769\/revisions\/1915"}],"wp:featuredmedia":[{"embeddable":true,"href":"https:\/\/kampanj.lt.se\/idrottsgalan\/wp-json\/wp\/v2\/media\/1776"}],"wp:attachment":[{"href":"https:\/\/kampanj.lt.se\/idrottsgalan\/wp-json\/wp\/v2\/media?parent=1769"}],"wp:term":[{"taxonomy":"category","embeddable":true,"href":"https:\/\/kampanj.lt.se\/idrottsgalan\/wp-json\/wp\/v2\/categories?post=1769"},{"taxonomy":"post_tag","embeddable":true,"href":"https:\/\/kampanj.lt.se\/idrottsgalan\/wp-json\/wp\/v2\/tags?post=1769"}],"curies":[{"name":"wp","href":"https:\/\/api.w.org\/{rel}","templated":true}]}}