{"id":1692,"date":"2026-02-05T14:22:49","date_gmt":"2026-02-05T13:22:49","guid":{"rendered":"https:\/\/kampanj.lt.se\/idrottsgalan\/?p=1692"},"modified":"2026-03-12T10:43:27","modified_gmt":"2026-03-12T09:43:27","slug":"full-gas-in-i-2026-idrottens-bussbolag-i-sodertalje","status":"publish","type":"post","link":"https:\/\/kampanj.lt.se\/idrottsgalan\/full-gas-in-i-2026-idrottens-bussbolag-i-sodertalje\/","title":{"rendered":"Full gas in i 2026 \u2013 \u201cIdrottens bussbolag i S\u00f6dert\u00e4lje\u201d"},"content":{"rendered":"<p>[et_pb_section fb_built=&#8221;1&#8243; custom_padding_last_edited=&#8221;off|phone&#8221; module_class=&#8221;brodtext&#8221; _builder_version=&#8221;4.23.4&#8243; _module_preset=&#8221;default&#8221; background_color=&#8221;#f7f9fb&#8221; custom_padding=&#8221;30px||30px||false|false&#8221; custom_padding_tablet=&#8221;50px||50px||true|false&#8221; custom_padding_phone=&#8221;40px||40px||true|false&#8221; global_colors_info=&#8221;{}&#8221; theme_builder_area=&#8221;post_content&#8221;][et_pb_row _builder_version=&#8221;4.27.5&#8243; _module_preset=&#8221;default&#8221; width_tablet=&#8221;80%&#8221; width_phone=&#8221;90%&#8221; width_last_edited=&#8221;on|phone&#8221; max_width=&#8221;640px&#8221; module_alignment=&#8221;center&#8221; custom_margin=&#8221;0px||0px||true|false&#8221; custom_padding=&#8221;0px||0px||true|false&#8221; global_colors_info=&#8221;{}&#8221; theme_builder_area=&#8221;post_content&#8221;][et_pb_column type=&#8221;4_4&#8243; _builder_version=&#8221;4.20.0&#8243; _module_preset=&#8221;default&#8221; global_colors_info=&#8221;{}&#8221; theme_builder_area=&#8221;post_content&#8221;][et_pb_text _builder_version=&#8221;4.27.5&#8243; _module_preset=&#8221;default&#8221; header_font=&#8221;|700|||||||&#8221; header_font_size=&#8221;46px&#8221; custom_margin=&#8221;||0px||false|false&#8221; custom_padding=&#8221;||0px||false|false&#8221; header_font_size_tablet=&#8221;44px&#8221; header_font_size_phone=&#8221;34px&#8221; header_font_size_last_edited=&#8221;on|phone&#8221; custom_css_free_form=&#8221;.citat-blue{||  color:#007CBF;||}||.reg-txt{||  font-weight:normal!important;||}&#8221; global_colors_info=&#8221;{}&#8221; theme_builder_area=&#8221;post_content&#8221;]<\/p>\n<h1>Full gas in i 2026 \u2013 \u201cIdrottens bussbolag i S\u00f6dert\u00e4lje\u201d<\/h1>\n<p>[\/et_pb_text][et_pb_text _builder_version=&#8221;4.27.5&#8243; _dynamic_attributes=&#8221;content&#8221; _module_preset=&#8221;default&#8221; text_font=&#8221;Inter||||||||&#8221; text_text_color=&#8221;#505762&#8243; header_5_font=&#8221;Inter||||||||&#8221; header_5_text_color=&#8221;#505762&#8243; header_5_font_size=&#8221;14px&#8221; custom_margin=&#8221;||14px||false|false&#8221; global_colors_info=&#8221;{}&#8221; theme_builder_area=&#8221;post_content&#8221;]@ET-DC@eyJkeW5hbWljIjp0cnVlLCJjb250ZW50IjoicG9zdF9kYXRlIiwic2V0dGluZ3MiOnsiYmVmb3JlIjoiIiwiYWZ0ZXIiOiIiLCJkYXRlX2Zvcm1hdCI6ImRlZmF1bHQiLCJjdXN0b21fZGF0ZV9mb3JtYXQiOiIifX0=@[\/et_pb_text][et_pb_text _builder_version=&#8221;4.27.5&#8243; _module_preset=&#8221;default&#8221; text_font=&#8221;|700|||||||&#8221; text_text_color=&#8221;#191919&#8243; text_font_size=&#8221;20px&#8221; header_4_font=&#8221;Inter|700|||||||&#8221; header_4_text_color=&#8221;#191919&#8243; header_4_font_size=&#8221;20px&#8221; header_4_line_height=&#8221;1.3em&#8221; custom_margin=&#8221;||0px||false|false&#8221; custom_padding=&#8221;||0px||false|false&#8221; global_colors_info=&#8221;{}&#8221; theme_builder_area=&#8221;post_content&#8221;]<\/p>\n<h4>Fr\u00e5n bowling och innebandy till basket, ishockey och ett fotbollslag som nu tar steget upp i Superettan. Och mycket mer!<\/h4>\n<h4>En gemensam n\u00e4mnare f\u00f6r m\u00e5nga av S\u00f6dert\u00e4ljes idrottslag \u00e4r att de \u00e5ker med lokala familjef\u00f6retaget Bj\u00f6rcks Resor till sina bortaresor.<\/h4>\n<h4>\u2013 Vi vill vara idrottens bussbolag i S\u00f6dert\u00e4lje, s\u00e4ger Tomas Bj\u00f6rck, vd.<\/h4>\n<p>[\/et_pb_text][et_pb_text _builder_version=&#8221;4.27.5&#8243; _module_preset=&#8221;default&#8221; text_font=&#8221;||||||||&#8221; text_text_color=&#8221;#141414&#8243; text_font_size=&#8221;16px&#8221; header_6_font_size=&#8221;16px&#8221; header_6_line_height=&#8221;1.3em&#8221; background_color=&#8221;#eff0f2&#8243; custom_margin=&#8221;20px||0px||false|false&#8221; custom_padding=&#8221;14px|20px|14px|20px|true|true&#8221; header_6_line_height_phone=&#8221;1.3em&#8221; header_6_line_height_last_edited=&#8221;off|desktop&#8221; global_colors_info=&#8221;{}&#8221; theme_builder_area=&#8221;post_content&#8221;]<\/p>\n<h6 style=\"padding-bottom: 0px;\"><strong>Inneh\u00e5ll fr\u00e5n Bj\u00f6rcks Resor<\/strong> \u2013 stolt partner till S\u00f6dert\u00e4lje Idrottsgala 2026.<\/h6>\n<p>[\/et_pb_text][\/et_pb_column][\/et_pb_row][et_pb_row _builder_version=&#8221;4.23.1&#8243; _module_preset=&#8221;default&#8221; width_tablet=&#8221;100%&#8221; width_phone=&#8221;100%&#8221; width_last_edited=&#8221;on|phone&#8221; max_width=&#8221;950px&#8221; module_alignment=&#8221;center&#8221; custom_padding=&#8221;30px||30px||true|false&#8221; global_colors_info=&#8221;{}&#8221; theme_builder_area=&#8221;post_content&#8221;][et_pb_column type=&#8221;4_4&#8243; _builder_version=&#8221;4.23.1&#8243; _module_preset=&#8221;default&#8221; global_colors_info=&#8221;{}&#8221; theme_builder_area=&#8221;post_content&#8221;][et_pb_image src=&#8221;https:\/\/kampanj.lt.se\/idrottsgalan\/wp-content\/uploads\/2026\/02\/lt_bjorcks_resor_main.jpg&#8221; title_text=&#8221;lt_bjorcks_resor_main&#8221; _builder_version=&#8221;4.27.5&#8243; _module_preset=&#8221;default&#8221; custom_margin=&#8221;0px||0px||true|false&#8221; custom_padding=&#8221;0px||0px||false|false&#8221; global_colors_info=&#8221;{}&#8221; theme_builder_area=&#8221;post_content&#8221;][\/et_pb_image][\/et_pb_column][\/et_pb_row][et_pb_row column_structure=&#8221;2_3,1_3&#8243; _builder_version=&#8221;4.27.5&#8243; _module_preset=&#8221;default&#8221; width_tablet=&#8221;80%&#8221; width_phone=&#8221;90%&#8221; width_last_edited=&#8221;on|tablet&#8221; max_width=&#8221;640px&#8221; custom_margin=&#8221;0px||||false|false&#8221; custom_padding=&#8221;0px||||false|false&#8221; global_colors_info=&#8221;{}&#8221; theme_builder_area=&#8221;post_content&#8221;][et_pb_column type=&#8221;2_3&#8243; _builder_version=&#8221;4.27.5&#8243; _module_preset=&#8221;default&#8221; global_colors_info=&#8221;{}&#8221; theme_builder_area=&#8221;post_content&#8221;][et_pb_text module_class=&#8221;tiempos-txt&#8221; _builder_version=&#8221;4.27.5&#8243; _module_preset=&#8221;default&#8221; text_text_color=&#8221;#191919&#8243; text_font_size=&#8221;18px&#8221; link_font=&#8221;||||||||&#8221; header_2_font_size=&#8221;24px&#8221; width_tablet=&#8221;100%&#8221; width_phone=&#8221;100%&#8221; width_last_edited=&#8221;off|desktop&#8221; custom_padding=&#8221;||||false|false&#8221; header_2_font_size_last_edited=&#8221;off|phone&#8221; custom_css_free_form=&#8221;h2{||  padding-bottom:0px;||  margin-bottom:8px;||}&#8221; global_colors_info=&#8221;{}&#8221; theme_builder_area=&#8221;post_content&#8221;]<\/p>\n<p><a href=\"https:\/\/www.bjorcks.se\/\" target=\"_blank\" rel=\"noopener\">EXTERN L\u00c4NK: L\u00e4s mer om Bj\u00f6rcks Resor h\u00e4r<\/a><\/p>\n<p><span style=\"font-weight: 400;\">Att k\u00f6ra idrottslag \u00e4r n\u00e5got helt annat \u00e4n att bara transportera m\u00e4nniskor fr\u00e5n A till B, f\u00f6rklarar Tomas Bj\u00f6rck. Bortaresorna handlar l\u00e5ngt ifr\u00e5n bara om matcher som ska klaras av. Det kan vara tidiga morgnar, nervositet, viktig uppladdning och kanske ocks\u00e5 ett av f\u00e5 tillf\u00e4llen d\u00e5 hela laget faktiskt hinner prata om allt m\u00f6jligt i lugn och ro. Bussresan blir ofta en viktig del av teambuildingen.<\/span><\/p>\n<p>[\/et_pb_text][\/et_pb_column][et_pb_column type=&#8221;1_3&#8243; _builder_version=&#8221;4.27.5&#8243; _module_preset=&#8221;default&#8221; global_colors_info=&#8221;{}&#8221; theme_builder_area=&#8221;post_content&#8221;][et_pb_image src=&#8221;https:\/\/kampanj.lt.se\/idrottsgalan\/wp-content\/uploads\/2026\/02\/bjorcks_resor_main-1.jpg&#8221; title_text=&#8221;bjorcks_resor_main_mobile&#8221; src_tablet=&#8221;https:\/\/kampanj.lt.se\/idrottsgalan\/wp-content\/uploads\/2026\/02\/bjorcks_resor_main_mobile-1.jpg&#8221; src_phone=&#8221;https:\/\/kampanj.lt.se\/idrottsgalan\/wp-content\/uploads\/2026\/02\/bjorcks_resor_main_mobile-1.jpg&#8221; src_last_edited=&#8221;on|desktop&#8221; show_bottom_space_tablet=&#8221;&#8221; show_bottom_space_phone=&#8221;&#8221; show_bottom_space_last_edited=&#8221;on|desktop&#8221; _builder_version=&#8221;4.27.5&#8243; _module_preset=&#8221;default&#8221; custom_margin=&#8221;||10px||false|false&#8221; global_colors_info=&#8221;{}&#8221; theme_builder_area=&#8221;post_content&#8221;][\/et_pb_image][et_pb_text _builder_version=&#8221;4.27.5&#8243; _module_preset=&#8221;default&#8221; text_text_color=&#8221;#505762&#8243; text_line_height=&#8221;1.3em&#8221; header_5_font=&#8221;Inter||||||||&#8221; header_5_text_color=&#8221;#505762&#8243; width_tablet=&#8221;80%&#8221; width_phone=&#8221;90%&#8221; width_last_edited=&#8221;on|phone&#8221; module_alignment=&#8221;left&#8221; custom_margin=&#8221;10px||0px||false|false&#8221; custom_margin_tablet=&#8221;0px||||false|false&#8221; custom_margin_phone=&#8221;0px||||false|false&#8221; custom_margin_last_edited=&#8221;on|tablet&#8221; custom_padding=&#8221;0px||0px||false|false&#8221; custom_padding_tablet=&#8221;|||20px|false|false&#8221; custom_padding_phone=&#8221;|||20px|false|false&#8221; custom_padding_last_edited=&#8221;off|desktop&#8221; locked=&#8221;off&#8221; global_colors_info=&#8221;{}&#8221; theme_builder_area=&#8221;post_content&#8221;]<\/p>\n<p>Tomas Bj\u00f6rck, vd<\/p>\n<p>[\/et_pb_text][\/et_pb_column][\/et_pb_row][et_pb_row _builder_version=&#8221;4.27.5&#8243; _module_preset=&#8221;default&#8221; width_tablet=&#8221;80%&#8221; width_phone=&#8221;90%&#8221; width_last_edited=&#8221;on|phone&#8221; max_width=&#8221;640px&#8221; module_alignment=&#8221;center&#8221; custom_margin=&#8221;0px||0px||true|false&#8221; custom_padding=&#8221;0px||0px||false|false&#8221; global_colors_info=&#8221;{}&#8221; theme_builder_area=&#8221;post_content&#8221;][et_pb_column type=&#8221;4_4&#8243; _builder_version=&#8221;4.20.0&#8243; _module_preset=&#8221;default&#8221; global_colors_info=&#8221;{}&#8221; theme_builder_area=&#8221;post_content&#8221;][et_pb_text module_class=&#8221;tiempos-txt&#8221; _builder_version=&#8221;4.27.5&#8243; _module_preset=&#8221;default&#8221; text_text_color=&#8221;#191919&#8243; text_font_size=&#8221;18px&#8221; link_font=&#8221;||||||||&#8221; header_2_font_size=&#8221;24px&#8221; width_tablet=&#8221;100%&#8221; width_phone=&#8221;100%&#8221; width_last_edited=&#8221;off|desktop&#8221; custom_padding=&#8221;||||false|false&#8221; header_2_font_size_last_edited=&#8221;off|phone&#8221; custom_css_free_form=&#8221;h2{||  padding-bottom:0px;||  margin-bottom:8px;||}&#8221; global_colors_info=&#8221;{}&#8221; theme_builder_area=&#8221;post_content&#8221;]<\/p>\n<p>\u2013 V\u00e5ra f\u00f6rare tycker att det \u00e4r v\u00e4ldigt roligt. Man blir n\u00e4stan som en i laget p\u00e5 resorna. M\u00e5nga chauff\u00f6rer har \u201csina\u201d lag som de oftast k\u00f6r, s\u00e4ger Tomas Bj\u00f6rck.<\/p>\n<p>SSK har Bj\u00f6rcks k\u00f6rt i m\u00e5nga \u00e5r. D\u00e4r \u00e4r det tv\u00e5 f\u00f6rare som delar p\u00e5 herrlagets A-lagsk\u00f6rningar, n\u00e5got som Tomas Bj\u00f6rck lyfter som viktigt f\u00f6r kontinuitet och trygghet.<\/p>\n<p>\u2013 Samspelet \u00e4r j\u00e4tteviktigt. Man l\u00e4r sig att f\u00f6rst\u00e5 varandra.<\/p>\n<p>[\/et_pb_text][et_pb_image src=&#8221;https:\/\/kampanj.lt.se\/idrottsgalan\/wp-content\/uploads\/2026\/02\/lt_bjorcks_resor_vag.jpg&#8221; title_text=&#8221;lt_bjorcks_resor_vag&#8221; _builder_version=&#8221;4.27.5&#8243; _module_preset=&#8221;default&#8221; custom_margin=&#8221;25px||25px||false|false&#8221; custom_padding=&#8221;0px||0px||true|false&#8221; global_colors_info=&#8221;{}&#8221; theme_builder_area=&#8221;post_content&#8221;][\/et_pb_image][et_pb_text module_class=&#8221;tiempos-txt&#8221; _builder_version=&#8221;4.27.5&#8243; _module_preset=&#8221;default&#8221; text_text_color=&#8221;#191919&#8243; text_font_size=&#8221;18px&#8221; link_font=&#8221;||||||||&#8221; header_2_font_size=&#8221;24px&#8221; custom_padding=&#8221;||||false|false&#8221; custom_css_free_form=&#8221;h2{||  padding-bottom:0px;||  margin-bottom:8px;||}&#8221; global_colors_info=&#8221;{}&#8221; theme_builder_area=&#8221;post_content&#8221;]<\/p>\n<h2>Bredden: \u201dS\u00e5 m\u00e5nga olika sporter\u201d<\/h2>\n<p><span style=\"font-weight: 400;\">Tomas Bj\u00f6rck konstaterar att S\u00f6dert\u00e4ljes idrottskarta \u00e4r bred, med m\u00e5nga olika idrotter. En av de stora f\u00f6r\u00e4ndringarna inf\u00f6r 2026 \u00e4r att Nordic United har tagit klivet upp i Superettan i fotboll.<\/span><\/p>\n<p><span style=\"font-weight: 400;\">\u2013 Det blir v\u00e4ldigt sp\u00e4nnande att se hur det g\u00e5r, och vi ser fram emot resorna med dem runt om i Sverige, s\u00e4ger Tomas Bj\u00f6rck.<\/span><\/p>\n<p><span style=\"font-weight: 400;\">Tomas Bj\u00f6rck lyfter \u00e4ven fram samarbetspartnern SBBK:s olika satsningar som ett tydligt exempel p\u00e5 hur en sport kan bli s\u00e5 mycket mer \u00e4n bara matcher och tr\u00e4ningar.<\/span><\/p>\n<p><span style=\"font-weight: 400;\">\u2013 Basketen i S\u00f6dert\u00e4lje har gjort en utveckling som jag tycker \u00e4r fantastiskt kul. Basket \u00e4r en av de billigare sporterna att b\u00f6rja med. D\u00e5 blir det ocks\u00e5 l\u00e4ttare f\u00f6r fler att testa, och det m\u00e4rks att m\u00e5nga kommer in och blir kvar. Vi vet ju hur viktigt f\u00f6reningslivet kan vara n\u00e4r det g\u00e4ller att hitta sin plats i en gemenskap f\u00f6r barn och unga, s\u00e4ger Tomas Bj\u00f6rck.<\/span><\/p>\n<p><span style=\"font-weight: 400;\">Han pekar p\u00e5 att basketen ocks\u00e5 ofta flyttar ut i staden och blir synlig i vardagen med aktiviteter som g\u00f6r att fler k\u00e4nner sig v\u00e4lkomna, \u00e4ven de som inte redan \u00e4r medlemmar.<\/span><\/p>\n<p><span style=\"font-weight: 400;\">\u2013 Det h\u00e4nder saker hela tiden. Vi \u00e4r stolta \u00f6ver att samarbeta med SBBK, s\u00e4ger Tomas Bj\u00f6rck.<\/span><\/p>\n<p><span style=\"font-weight: 400;\">\u2013 Det \u00e4r mycket aktiva tjejer inom basketen ocks\u00e5, och vi har \u00e4ran att k\u00f6ra damlaget till deras bortamatcher i Svenska Basketligan.<\/span><\/p>\n<p>[\/et_pb_text][et_pb_image src=&#8221;https:\/\/kampanj.lt.se\/idrottsgalan\/wp-content\/uploads\/2026\/02\/lt_bjorcks_resor_buss.jpg&#8221; title_text=&#8221;lt_bjorcks_resor_buss&#8221; _builder_version=&#8221;4.27.5&#8243; _module_preset=&#8221;default&#8221; custom_margin=&#8221;25px||25px||false|false&#8221; custom_padding=&#8221;0px||0px||true|false&#8221; global_colors_info=&#8221;{}&#8221; theme_builder_area=&#8221;post_content&#8221;][\/et_pb_image][et_pb_text module_class=&#8221;tiempos-txt&#8221; _builder_version=&#8221;4.27.5&#8243; _module_preset=&#8221;default&#8221; text_text_color=&#8221;#191919&#8243; text_font_size=&#8221;18px&#8221; link_font=&#8221;||||||||&#8221; header_2_font_size=&#8221;24px&#8221; custom_padding=&#8221;||||false|false&#8221; custom_css_free_form=&#8221;h2{||  padding-bottom:0px;||  margin-bottom:8px;||}&#8221; global_colors_info=&#8221;{}&#8221; theme_builder_area=&#8221;post_content&#8221;]<\/p>\n<h2>Familj\u00e4r k\u00e4nsla<\/h2>\n<p><span style=\"font-weight: 400;\">F\u00f6r att kunna leverera p\u00e5 de m\u00e5nga uppdragen kr\u00e4vs en stabil organisation. Tomas Bj\u00f6rck beskriver ett f\u00f6retag d\u00e4r personalen stannar l\u00e4nge.<\/span><\/p>\n<p><span style=\"font-weight: 400;\">\u2013 Det \u00e4r ett lagarbete, det vi h\u00e5ller p\u00e5 med. \u00c4ven om vi v\u00e4xer s\u00e5 har vi kvar den familj\u00e4ra k\u00e4nslan i bolaget, och vi har v\u00e4ldigt l\u00e5g personaloms\u00e4ttning. Vi har medarbetare som har jobbat i \u00f6ver 25 \u00e5r hos oss, och f\u00f6rra \u00e5ret firade vi 60-\u00e5rsjubileum!<\/span><\/p>\n<p><a href=\"https:\/\/www.bjorcks.se\/\" target=\"_blank\" rel=\"noopener\">EXTERN L\u00c4NK: Resan b\u00f6rjar hos Bj\u00f6rcks! L\u00e4s mer h\u00e4r<\/a>[\/et_pb_text][et_pb_text _builder_version=&#8221;4.27.5&#8243; _module_preset=&#8221;default&#8221; text_font=&#8221;&#8211;et_global_body_font||||||||&#8221; text_text_color=&#8221;#191919&#8243; text_font_size=&#8221;16px&#8221; text_line_height=&#8221;1.5em&#8221; header_font=&#8221;&#8211;et_global_body_font||||||||&#8221; header_2_font=&#8221;|700|||||||&#8221; header_2_text_color=&#8221;#191919&#8243; header_2_font_size=&#8221;24px&#8221; background_color=&#8221;#f0f0f2&#8243; width=&#8221;640px&#8221; width_tablet=&#8221;100%&#8221; width_phone=&#8221;100%&#8221; width_last_edited=&#8221;on|phone&#8221; module_alignment=&#8221;center&#8221; custom_margin=&#8221;30px||||false|false&#8221; custom_padding=&#8221;30px|30px|30px|30px|true|true&#8221; header_2_font_size_tablet=&#8221;24px&#8221; header_2_font_size_phone=&#8221;22px&#8221; header_2_font_size_last_edited=&#8221;on|phone&#8221; border_radii=&#8221;on|0.5rem|0.5rem|0.5rem|0.5rem&#8221; locked=&#8221;off&#8221; global_colors_info=&#8221;{}&#8221; theme_builder_area=&#8221;post_content&#8221;]<\/p>\n<h6>FAKTA<\/h6>\n<ul>\n<li>Oms\u00e4ttning: cirka 70 miljoner kronor<\/li>\n<li>Medarbetare: 56<\/li>\n<li>Bussar: 22<\/li>\n<li>Har egen resebyr\u00e5 i S\u00f6dert\u00e4lje<\/li>\n<li>St\u00e5r bakom priset \u201c\u00c5rets lag\u201d p\u00e5 Idrottsgalan<\/li>\n<\/ul>\n<p>[\/et_pb_text][et_pb_text _builder_version=&#8221;4.27.5&#8243; _module_preset=&#8221;default&#8221; text_font=&#8221;&#8211;et_global_body_font||||||||&#8221; text_text_color=&#8221;#191919&#8243; text_font_size=&#8221;16px&#8221; text_line_height=&#8221;1.5em&#8221; header_font=&#8221;&#8211;et_global_body_font||||||||&#8221; header_2_font=&#8221;|700|||||||&#8221; header_2_text_color=&#8221;#191919&#8243; header_2_font_size=&#8221;24px&#8221; background_color=&#8221;#f0f0f2&#8243; width=&#8221;640px&#8221; width_tablet=&#8221;100%&#8221; width_phone=&#8221;100%&#8221; width_last_edited=&#8221;on|phone&#8221; module_alignment=&#8221;center&#8221; custom_margin=&#8221;30px||||false|false&#8221; custom_padding=&#8221;30px|30px|30px|30px|true|true&#8221; hover_enabled=&#8221;0&#8243; header_2_font_size_tablet=&#8221;24px&#8221; header_2_font_size_phone=&#8221;22px&#8221; header_2_font_size_last_edited=&#8221;on|phone&#8221; border_radii=&#8221;on|0.5rem|0.5rem|0.5rem|0.5rem&#8221; locked=&#8221;off&#8221; global_colors_info=&#8221;{}&#8221; theme_builder_area=&#8221;post_content&#8221; sticky_enabled=&#8221;0&#8243;]<\/p>\n<h3>S\u00f6dert\u00e4lje Idrottsgala<\/h3>\n<p><strong>Var:<\/strong> T\u00e4ljehallen.<br \/>\n<strong>N\u00e4r:<\/strong> S\u00f6dert\u00e4lje Idrottsgala gick av stapeln 11 mars.<br \/>\n<strong>Varf\u00f6r:<\/strong> L\u00e4nstidningen S\u00f6dert\u00e4lje ville tillsammans med en rad partners uppm\u00e4rksamma s\u00e5v\u00e4l elit- som breddidrotten i S\u00f6dert\u00e4lje och Nykvarn samt de eldsj\u00e4lar som driver f\u00f6reningslivet fram\u00e5t.<br \/>\n<strong>Vilka var d\u00e4r: <\/strong>Framst\u00e5ende idrottsprofiler och aktiva inom f\u00f6reningslivet. Martin &amp; Love Stenmarck underh\u00f6ll och galan leddes av tv-profilen Jessica Almen\u00e4s.<\/p>\n<p>Vill du vara en del av S\u00f6dert\u00e4lje Idrottsgala 2027 kontakta Pontus Kronemyr: <a href=\"mailto:pontus.kronemyr@bonniernews.se\">pontus.kronemyr@bonniernews.se<\/a>[\/et_pb_text][\/et_pb_column][\/et_pb_row][\/et_pb_section]<\/p>\n","protected":false},"excerpt":{"rendered":"<p>Full gas in i 2026 \u2013 \u201cIdrottens bussbolag i S\u00f6dert\u00e4lje\u201dFr\u00e5n bowling och innebandy till basket, ishockey och ett fotbollslag som nu tar steget upp i Superettan. Och mycket mer! En gemensam n\u00e4mnare f\u00f6r m\u00e5nga av S\u00f6dert\u00e4ljes idrottslag \u00e4r att de \u00e5ker med lokala familjef\u00f6retaget Bj\u00f6rcks Resor till sina bortaresor. \u2013 Vi vill vara idrottens bussbolag [&hellip;]<\/p>\n","protected":false},"author":1,"featured_media":1710,"comment_status":"open","ping_status":"open","sticky":false,"template":"","format":"standard","meta":{"_et_pb_use_builder":"on","_et_pb_old_content":"","_et_gb_content_width":"","footnotes":""},"categories":[5],"tags":[],"class_list":["post-1692","post","type-post","status-publish","format-standard","has-post-thumbnail","hentry","category-artiklar-2026"],"_links":{"self":[{"href":"https:\/\/kampanj.lt.se\/idrottsgalan\/wp-json\/wp\/v2\/posts\/1692","targetHints":{"allow":["GET"]}}],"collection":[{"href":"https:\/\/kampanj.lt.se\/idrottsgalan\/wp-json\/wp\/v2\/posts"}],"about":[{"href":"https:\/\/kampanj.lt.se\/idrottsgalan\/wp-json\/wp\/v2\/types\/post"}],"author":[{"embeddable":true,"href":"https:\/\/kampanj.lt.se\/idrottsgalan\/wp-json\/wp\/v2\/users\/1"}],"replies":[{"embeddable":true,"href":"https:\/\/kampanj.lt.se\/idrottsgalan\/wp-json\/wp\/v2\/comments?post=1692"}],"version-history":[{"count":14,"href":"https:\/\/kampanj.lt.se\/idrottsgalan\/wp-json\/wp\/v2\/posts\/1692\/revisions"}],"predecessor-version":[{"id":1919,"href":"https:\/\/kampanj.lt.se\/idrottsgalan\/wp-json\/wp\/v2\/posts\/1692\/revisions\/1919"}],"wp:featuredmedia":[{"embeddable":true,"href":"https:\/\/kampanj.lt.se\/idrottsgalan\/wp-json\/wp\/v2\/media\/1710"}],"wp:attachment":[{"href":"https:\/\/kampanj.lt.se\/idrottsgalan\/wp-json\/wp\/v2\/media?parent=1692"}],"wp:term":[{"taxonomy":"category","embeddable":true,"href":"https:\/\/kampanj.lt.se\/idrottsgalan\/wp-json\/wp\/v2\/categories?post=1692"},{"taxonomy":"post_tag","embeddable":true,"href":"https:\/\/kampanj.lt.se\/idrottsgalan\/wp-json\/wp\/v2\/tags?post=1692"}],"curies":[{"name":"wp","href":"https:\/\/api.w.org\/{rel}","templated":true}]}}