{"id":1663,"date":"2026-02-02T15:39:00","date_gmt":"2026-02-02T14:39:00","guid":{"rendered":"https:\/\/kampanj.lt.se\/idrottsgalan\/?p=1663"},"modified":"2026-03-12T10:44:11","modified_gmt":"2026-03-12T09:44:11","slug":"sodertalje-behover-oss-och-vi-behover-sodertalje","status":"publish","type":"post","link":"https:\/\/kampanj.lt.se\/idrottsgalan\/sodertalje-behover-oss-och-vi-behover-sodertalje\/","title":{"rendered":"S\u00f6dert\u00e4lje beh\u00f6ver oss och vi beh\u00f6ver S\u00f6dert\u00e4lje"},"content":{"rendered":"<p>[et_pb_section fb_built=&#8221;1&#8243; custom_padding_last_edited=&#8221;off|phone&#8221; module_class=&#8221;brodtext&#8221; _builder_version=&#8221;4.23.4&#8243; _module_preset=&#8221;default&#8221; background_color=&#8221;#f7f9fb&#8221; custom_padding=&#8221;30px||30px||false|false&#8221; custom_padding_tablet=&#8221;50px||50px||true|false&#8221; custom_padding_phone=&#8221;40px||40px||true|false&#8221; global_colors_info=&#8221;{}&#8221; theme_builder_area=&#8221;post_content&#8221;][et_pb_row _builder_version=&#8221;4.23.1&#8243; _module_preset=&#8221;default&#8221; width_tablet=&#8221;80%&#8221; width_phone=&#8221;90%&#8221; width_last_edited=&#8221;on|phone&#8221; max_width=&#8221;640px&#8221; module_alignment=&#8221;center&#8221; custom_margin=&#8221;0px||0px||true|false&#8221; custom_padding=&#8221;0px||0px||true|false&#8221; global_colors_info=&#8221;{}&#8221; theme_builder_area=&#8221;post_content&#8221;][et_pb_column type=&#8221;4_4&#8243; _builder_version=&#8221;4.20.0&#8243; _module_preset=&#8221;default&#8221; global_colors_info=&#8221;{}&#8221; theme_builder_area=&#8221;post_content&#8221;][et_pb_text _builder_version=&#8221;4.27.5&#8243; _module_preset=&#8221;default&#8221; header_font=&#8221;|700|||||||&#8221; header_font_size=&#8221;41px&#8221; custom_margin=&#8221;||0px||false|false&#8221; custom_padding=&#8221;||0px||false|false&#8221; header_font_size_tablet=&#8221;39px&#8221; header_font_size_phone=&#8221;35px&#8221; header_font_size_last_edited=&#8221;on|tablet&#8221; custom_css_free_form=&#8221;.citat-blue{||  color:#007CBF;||}||.reg-txt{||  font-weight:normal!important;||}&#8221; global_colors_info=&#8221;{}&#8221; theme_builder_area=&#8221;post_content&#8221;]<\/p>\n<h3>Fredrik Nilz\u00e9n, Scania:<\/h3>\n<h1>\u201cS\u00f6dert\u00e4lje beh\u00f6ver oss och vi beh\u00f6ver S\u00f6dert\u00e4lje\u201d<\/h1>\n<p>[\/et_pb_text][et_pb_text _builder_version=&#8221;4.27.5&#8243; _dynamic_attributes=&#8221;content&#8221; _module_preset=&#8221;default&#8221; text_font=&#8221;Inter||||||||&#8221; text_text_color=&#8221;#505762&#8243; header_5_font=&#8221;Inter||||||||&#8221; header_5_text_color=&#8221;#505762&#8243; header_5_font_size=&#8221;14px&#8221; custom_margin=&#8221;||14px||false|false&#8221; global_colors_info=&#8221;{}&#8221; theme_builder_area=&#8221;post_content&#8221;]@ET-DC@eyJkeW5hbWljIjp0cnVlLCJjb250ZW50IjoicG9zdF9kYXRlIiwic2V0dGluZ3MiOnsiYmVmb3JlIjoiIiwiYWZ0ZXIiOiIiLCJkYXRlX2Zvcm1hdCI6ImRlZmF1bHQiLCJjdXN0b21fZGF0ZV9mb3JtYXQiOiIifX0=@[\/et_pb_text][et_pb_text _builder_version=&#8221;4.27.5&#8243; _module_preset=&#8221;default&#8221; text_font=&#8221;|700|||||||&#8221; text_text_color=&#8221;#191919&#8243; text_font_size=&#8221;20px&#8221; header_4_font=&#8221;Inter|700|||||||&#8221; header_4_text_color=&#8221;#191919&#8243; header_4_font_size=&#8221;20px&#8221; header_4_line_height=&#8221;1.3em&#8221; custom_margin=&#8221;||0px||false|false&#8221; custom_padding=&#8221;||0px||false|false&#8221; global_colors_info=&#8221;{}&#8221; theme_builder_area=&#8221;post_content&#8221;]<\/p>\n<h4>Att driva skiftet mot ett h\u00e5llbart transportsystem \u00e4r Scanias syfte som f\u00f6retag. Men h\u00e5llbarhet handlar om s\u00e5 mycket mer \u00e4n minskad klimatp\u00e5verkan.<\/h4>\n<p>[\/et_pb_text][et_pb_text _builder_version=&#8221;4.27.5&#8243; _module_preset=&#8221;default&#8221; text_font=&#8221;|700|||||||&#8221; text_text_color=&#8221;#191919&#8243; text_font_size=&#8221;20px&#8221; header_4_font=&#8221;Inter|700|||||||&#8221; header_4_text_color=&#8221;#191919&#8243; header_4_font_size=&#8221;20px&#8221; header_4_line_height=&#8221;1.3em&#8221; custom_margin=&#8221;||0px||false|false&#8221; custom_padding=&#8221;||0px||false|false&#8221; global_colors_info=&#8221;{}&#8221; theme_builder_area=&#8221;post_content&#8221;]<\/p>\n<h4>\u2013 Vi \u00e4r och vill vara en integrerad del av samh\u00e4llsbyggandet p\u00e5 riktigt i S\u00f6dert\u00e4lje. F\u00f6r att lyckas med det m\u00e5ste vi aktivt bidra till lokala sammanhang som skapar trygghet, gemenskap och trivsel, s\u00e4ger Fredrik Nilz\u00e9n, h\u00e5llbarhetschef p\u00e5 Scania.<\/h4>\n<p>[\/et_pb_text][et_pb_text _builder_version=&#8221;4.27.5&#8243; _module_preset=&#8221;default&#8221; text_font=&#8221;||||||||&#8221; text_text_color=&#8221;#141414&#8243; text_font_size=&#8221;16px&#8221; header_6_font_size=&#8221;16px&#8221; header_6_line_height=&#8221;1.3em&#8221; background_color=&#8221;#eff0f2&#8243; custom_margin=&#8221;20px||0px||false|false&#8221; custom_padding=&#8221;14px|20px|14px|20px|true|true&#8221; header_6_line_height_phone=&#8221;1.3em&#8221; header_6_line_height_last_edited=&#8221;off|desktop&#8221; global_colors_info=&#8221;{}&#8221; theme_builder_area=&#8221;post_content&#8221;]<\/p>\n<h6 style=\"padding-bottom: 0px;\"><strong>Inneh\u00e5ll fr\u00e5n Scania<\/strong> \u2013 stolt partner till S\u00f6dert\u00e4lje Idrottsgala 2026.<\/h6>\n<p>[\/et_pb_text][\/et_pb_column][\/et_pb_row][et_pb_row _builder_version=&#8221;4.23.1&#8243; _module_preset=&#8221;default&#8221; width_tablet=&#8221;100%&#8221; width_phone=&#8221;100%&#8221; width_last_edited=&#8221;on|phone&#8221; max_width=&#8221;950px&#8221; module_alignment=&#8221;center&#8221; custom_padding=&#8221;30px||30px||true|false&#8221; global_colors_info=&#8221;{}&#8221; theme_builder_area=&#8221;post_content&#8221;][et_pb_column type=&#8221;4_4&#8243; _builder_version=&#8221;4.23.1&#8243; _module_preset=&#8221;default&#8221; global_colors_info=&#8221;{}&#8221; theme_builder_area=&#8221;post_content&#8221;][et_pb_image src=&#8221;https:\/\/kampanj.lt.se\/idrottsgalan\/wp-content\/uploads\/2026\/02\/lt_scania_main-1.jpg&#8221; title_text=&#8221;lt_scania_main&#8221; _builder_version=&#8221;4.27.5&#8243; _module_preset=&#8221;default&#8221; custom_margin=&#8221;0px||0px||true|false&#8221; custom_padding=&#8221;0px||0px||false|false&#8221; global_colors_info=&#8221;{}&#8221; theme_builder_area=&#8221;post_content&#8221;][\/et_pb_image][\/et_pb_column][\/et_pb_row][et_pb_row _builder_version=&#8221;4.23.1&#8243; _module_preset=&#8221;default&#8221; width_tablet=&#8221;80%&#8221; width_phone=&#8221;90%&#8221; width_last_edited=&#8221;on|phone&#8221; max_width=&#8221;640px&#8221; module_alignment=&#8221;center&#8221; custom_margin=&#8221;0px||0px||true|false&#8221; custom_padding=&#8221;0px||0px||false|false&#8221; global_colors_info=&#8221;{}&#8221; theme_builder_area=&#8221;post_content&#8221;][et_pb_column type=&#8221;4_4&#8243; _builder_version=&#8221;4.20.0&#8243; _module_preset=&#8221;default&#8221; global_colors_info=&#8221;{}&#8221; theme_builder_area=&#8221;post_content&#8221;][et_pb_text module_class=&#8221;tiempos-txt&#8221; _builder_version=&#8221;4.27.5&#8243; _module_preset=&#8221;default&#8221; text_text_color=&#8221;#191919&#8243; text_font_size=&#8221;18px&#8221; link_font=&#8221;||||||||&#8221; header_2_font_size=&#8221;24px&#8221; width_tablet=&#8221;100%&#8221; width_phone=&#8221;100%&#8221; width_last_edited=&#8221;off|desktop&#8221; custom_padding=&#8221;||||false|false&#8221; header_2_font_size_last_edited=&#8221;off|phone&#8221; custom_css_free_form=&#8221;h2{||  padding-bottom:0px;||  margin-bottom:8px;||}&#8221; global_colors_info=&#8221;{}&#8221; theme_builder_area=&#8221;post_content&#8221;]<\/p>\n<p><a href=\"https:\/\/www.scania.com\/group\/en\/home\/about-scania\/scania-in-brief\/partnerships\/sponsorship-and-community-engagement.html#accordion-498be14986-item-3d72c67c89\" target=\"_blank\" rel=\"noopener\">EXTERN L\u00c4NK: L\u00e4s mer om Scanias samh\u00e4llsengagemang h\u00e4r<\/a><\/p>\n<p><span style=\"font-weight: 400;\">Med \u00f6ver 18\u202f000 anst\u00e4llda i S\u00f6dert\u00e4lje \u00e4r Scania en viktig akt\u00f6r i lokalsamh\u00e4llet. Fredrik Nilz\u00e9n s\u00e4ger att engagemanget dels handlar om ett ansvar \u2013 men ocks\u00e5 om att skapa f\u00f6ruts\u00e4ttningar f\u00f6r att Scania ska kunna forts\u00e4tta vara framg\u00e5ngsrikt som f\u00f6retag.<\/span><\/p>\n<p><span style=\"font-weight: 400;\">Han konstaterar att transporter \u00e4r en fundamental del av samh\u00e4llet.<\/span><\/p>\n<p><span style=\"font-weight: 400;\">\u2013 Utan transporter stannar livsmedelsf\u00f6rs\u00f6rjningen, v\u00e5rden och mycket annat. Det \u00e4r samh\u00e4llskritiskt att ha ett h\u00e5llbart transportsystem. Men ut\u00f6ver att vi tillverkar fordon och transportl\u00f6sningar s\u00e5 \u00e4r vi ocks\u00e5 en t\u00e5rtbit i hela samh\u00e4llsbyggandet.<\/span><\/p>\n<p><span style=\"font-weight: 400;\">\u2013 Samh\u00e4llet beh\u00f6ver Scania, men Scania beh\u00f6ver ocks\u00e5 samh\u00e4llet. F\u00f6r att utvecklas som f\u00f6retag \u00f6ver tid beh\u00f6ver vi m\u00e4nniskor med r\u00e4tt kompetens som vill bo och leva i S\u00f6dert\u00e4lje \u2013 och d\u00e5 kr\u00e4vs bra f\u00f6ruts\u00e4ttningar f\u00f6r familjer, med skola, fritidsverksamhet och trygga milj\u00f6er f\u00f6r barn och unga, s\u00e4ger Fredrik Nilz\u00e9n.<\/span><\/p>\n<p>[\/et_pb_text][et_pb_image src=&#8221;https:\/\/kampanj.lt.se\/idrottsgalan\/wp-content\/uploads\/2026\/02\/lt_scania_fredrik_nilzen.jpg&#8221; title_text=&#8221;lt_scania_fredrik_nilzen&#8221; _builder_version=&#8221;4.27.5&#8243; _module_preset=&#8221;default&#8221; custom_margin=&#8221;25px||0px||false|false&#8221; custom_padding=&#8221;0px||0px||true|false&#8221; global_colors_info=&#8221;{}&#8221; theme_builder_area=&#8221;post_content&#8221;][\/et_pb_image][et_pb_text _builder_version=&#8221;4.27.5&#8243; _module_preset=&#8221;default&#8221; text_text_color=&#8221;#505762&#8243; text_line_height=&#8221;1.3em&#8221; header_5_font=&#8221;Inter||||||||&#8221; header_5_text_color=&#8221;#505762&#8243; width_tablet=&#8221;80%&#8221; width_phone=&#8221;90%&#8221; width_last_edited=&#8221;on|phone&#8221; module_alignment=&#8221;left&#8221; custom_margin=&#8221;10px||30px||false|false&#8221; custom_padding=&#8221;0px||0px||false|false&#8221; custom_padding_tablet=&#8221;|||20px|false|false&#8221; custom_padding_phone=&#8221;|||20px|false|false&#8221; custom_padding_last_edited=&#8221;off|desktop&#8221; locked=&#8221;off&#8221; global_colors_info=&#8221;{}&#8221; theme_builder_area=&#8221;post_content&#8221;]<\/p>\n<p>Fredrik Nilz\u00e9n, h\u00e5llbarhetschef p\u00e5 Scania. Foto: Peggy Bergman, Scania<\/p>\n<p>[\/et_pb_text][et_pb_text module_class=&#8221;tiempos-txt&#8221; _builder_version=&#8221;4.27.5&#8243; _module_preset=&#8221;default&#8221; text_text_color=&#8221;#191919&#8243; text_font_size=&#8221;18px&#8221; link_font=&#8221;||||||||&#8221; header_2_font_size=&#8221;24px&#8221; custom_padding=&#8221;||||false|false&#8221; custom_css_free_form=&#8221;h2{||  padding-bottom:0px;||  margin-bottom:8px;||}&#8221; global_colors_info=&#8221;{}&#8221; theme_builder_area=&#8221;post_content&#8221;]<\/p>\n<h2>Idrotten som tryggt sammanhang<\/h2>\n<p><span style=\"font-weight: 400;\">Att st\u00f6tta den lokala idrotten \u00e4r d\u00e4rf\u00f6r en sj\u00e4lvklarhet. Scania finns med vid S\u00f6dert\u00e4lje Idrottsgala 2026, d\u00e4r man delar ut priset \u201d\u00c5rets h\u00e5llbara idrottsinitiativ\u201d.<\/span><\/p>\n<p><span style=\"font-weight: 400;\">\u2013 Det finns alltid en r\u00f6d tr\u00e5d i det vi g\u00f6r, och det k\u00e4nns viktigt f\u00f6r oss att vara med och lyfta fram fina f\u00f6rebilder f\u00f6r barn och unga. s\u00e4ger Jeanna T\u00e4llberg, HR-chef p\u00e5 Scania.<\/span><\/p>\n<p><span style=\"font-weight: 400;\">F\u00f6r b\u00e5de Fredrik Nilz\u00e9n och Jeanna T\u00e4llberg finns ocks\u00e5 en personlig drivkraft i det lokala engagemanget:<\/span><\/p>\n<p><span style=\"font-weight: 400;\">\u2013 Jag har under m\u00e5nga \u00e5r jobbat med organisationer som st\u00f6ttar barn och unga. Jag vet hur mycket ett sammanhang genom idrott kan betyda, inte minst f\u00f6r ungdomar som f\u00e5r prova p\u00e5 att vara ledare, s\u00e4ger Fredrik Nilz\u00e9n.<\/span><\/p>\n<p><span style=\"font-weight: 400;\">Jeanna T\u00e4llberg \u00e4r S\u00f6dert\u00e4ljebo sedan m\u00e5nga \u00e5r.<\/span><\/p>\n<p><span style=\"font-weight: 400;\">\u2013 Det h\u00e4r \u00e4r min stad, som jag k\u00e4nner starkt f\u00f6r. Det finns v\u00e4ldigt mycket fint i S\u00f6dert\u00e4lje! Vi har m\u00e5nga olika kulturer representerade och en fantastisk m\u00e5ngfald.<\/span><\/p>\n<p>[\/et_pb_text][et_pb_image src=&#8221;https:\/\/kampanj.lt.se\/idrottsgalan\/wp-content\/uploads\/2026\/02\/lt_scania_jeanna_tallberg.jpg&#8221; title_text=&#8221;lt_scania_jeanna_tallberg&#8221; _builder_version=&#8221;4.27.5&#8243; _module_preset=&#8221;default&#8221; custom_margin=&#8221;25px||0px||false|false&#8221; custom_padding=&#8221;0px||0px||true|false&#8221; global_colors_info=&#8221;{}&#8221; theme_builder_area=&#8221;post_content&#8221;][\/et_pb_image][et_pb_text _builder_version=&#8221;4.27.5&#8243; _module_preset=&#8221;default&#8221; text_text_color=&#8221;#505762&#8243; text_line_height=&#8221;1.3em&#8221; header_5_font=&#8221;Inter||||||||&#8221; header_5_text_color=&#8221;#505762&#8243; width_tablet=&#8221;80%&#8221; width_phone=&#8221;90%&#8221; width_last_edited=&#8221;on|phone&#8221; module_alignment=&#8221;left&#8221; custom_margin=&#8221;10px||30px||false|false&#8221; custom_padding=&#8221;0px||0px||false|false&#8221; custom_padding_tablet=&#8221;|||20px|false|false&#8221; custom_padding_phone=&#8221;|||20px|false|false&#8221; custom_padding_last_edited=&#8221;off|desktop&#8221; locked=&#8221;off&#8221; global_colors_info=&#8221;{}&#8221; theme_builder_area=&#8221;post_content&#8221;]<\/p>\n<p>Jeanna T\u00e4llberg, HR-chef p\u00e5 Scania. Foto: Dan Boman, Scania<\/p>\n<p>[\/et_pb_text][et_pb_text module_class=&#8221;tiempos-txt&#8221; _builder_version=&#8221;4.27.5&#8243; _module_preset=&#8221;default&#8221; text_text_color=&#8221;#191919&#8243; text_font_size=&#8221;18px&#8221; link_font=&#8221;||||||||&#8221; header_2_font_size=&#8221;24px&#8221; custom_padding=&#8221;||||false|false&#8221; custom_css_free_form=&#8221;h2{||  padding-bottom:0px;||  margin-bottom:8px;||}&#8221; global_colors_info=&#8221;{}&#8221; theme_builder_area=&#8221;post_content&#8221;]<\/p>\n<h2>F\u00f6reningslivet bygger broar<\/h2>\n<p><span style=\"font-weight: 400;\">Tidigare i yrkeslivet arbetade Jeanna T\u00e4llberg som socialsekreterare i S\u00f6dert\u00e4lje.<\/span><\/p>\n<p><span style=\"font-weight: 400;\">\u2013 Jag har sett p\u00e5 n\u00e4ra h\u00e5ll att det inte \u00e4r alla barn som har tillg\u00e5ng till trygga vuxna hemma. D\u00e5 \u00e4r skolan och f\u00f6reningslivet v\u00e4ldigt viktiga platser. D\u00e4r finns f\u00f6rebilder och vuxna att f\u00e5 st\u00f6d av.<\/span><\/p>\n<p><span style=\"font-weight: 400;\">Att Scania finns med och st\u00f6ttar idrotten i S\u00f6dert\u00e4lje \u00e4r d\u00e4rf\u00f6r en sj\u00e4lvklarhet, menar Jeanna T\u00e4llberg.<\/span><\/p>\n<p><span style=\"font-weight: 400;\">\u2013 F\u00f6reningslivet bygger broar mellan olika grupper. Man f\u00e5r nya kompisar som kanske kommer fr\u00e5n andra bakgrunder och kulturer \u00e4n man sj\u00e4lv. Man l\u00e4r sig att samarbeta i ett lag och f\u00e5r k\u00e4nna vad det inneb\u00e4r att vara en del av ett team.<\/span><\/p>\n<p><a href=\"https:\/\/www.scania.com\/group\/en\/home\/about-scania\/scania-in-brief\/partnerships\/sponsorship-and-community-engagement.html#accordion-498be14986-item-3d72c67c89\" target=\"_blank\" rel=\"noopener\">EXTERN L\u00c4NK: L\u00e4s mer om Scanias samh\u00e4llsengagemang h\u00e4r<\/a><\/p>\n<p>[\/et_pb_text][et_pb_text _builder_version=&#8221;4.27.5&#8243; _module_preset=&#8221;default&#8221; text_font=&#8221;&#8211;et_global_body_font||||||||&#8221; text_text_color=&#8221;#191919&#8243; text_font_size=&#8221;16px&#8221; text_line_height=&#8221;1.5em&#8221; header_font=&#8221;&#8211;et_global_body_font||||||||&#8221; header_2_font=&#8221;|700|||||||&#8221; header_2_text_color=&#8221;#191919&#8243; header_2_font_size=&#8221;24px&#8221; background_color=&#8221;#f0f0f2&#8243; width=&#8221;640px&#8221; width_tablet=&#8221;100%&#8221; width_phone=&#8221;100%&#8221; width_last_edited=&#8221;on|phone&#8221; module_alignment=&#8221;center&#8221; custom_margin=&#8221;30px||||false|false&#8221; custom_padding=&#8221;30px|30px|30px|30px|true|true&#8221; hover_enabled=&#8221;0&#8243; header_2_font_size_tablet=&#8221;24px&#8221; header_2_font_size_phone=&#8221;22px&#8221; header_2_font_size_last_edited=&#8221;on|phone&#8221; border_radii=&#8221;on|0.5rem|0.5rem|0.5rem|0.5rem&#8221; locked=&#8221;off&#8221; global_colors_info=&#8221;{}&#8221; theme_builder_area=&#8221;post_content&#8221; sticky_enabled=&#8221;0&#8243;]<\/p>\n<h3>S\u00f6dert\u00e4lje Idrottsgala<\/h3>\n<p><strong>Var:<\/strong> T\u00e4ljehallen.<br \/>\n<strong>N\u00e4r:<\/strong> S\u00f6dert\u00e4lje Idrottsgala gick av stapeln 11 mars.<br \/>\n<strong>Varf\u00f6r:<\/strong> L\u00e4nstidningen S\u00f6dert\u00e4lje ville tillsammans med en rad partners uppm\u00e4rksamma s\u00e5v\u00e4l elit- som breddidrotten i S\u00f6dert\u00e4lje och Nykvarn samt de eldsj\u00e4lar som driver f\u00f6reningslivet fram\u00e5t.<br \/>\n<strong>Vilka var d\u00e4r: <\/strong>Framst\u00e5ende idrottsprofiler och aktiva inom f\u00f6reningslivet. Martin &amp; Love Stenmarck underh\u00f6ll och galan leddes av tv-profilen Jessica Almen\u00e4s.<\/p>\n<p>Vill du vara en del av S\u00f6dert\u00e4lje Idrottsgala 2027 kontakta Pontus Kronemyr: <a href=\"mailto:pontus.kronemyr@bonniernews.se\">pontus.kronemyr@bonniernews.se<\/a>[\/et_pb_text][\/et_pb_column][\/et_pb_row][\/et_pb_section]<\/p>\n","protected":false},"excerpt":{"rendered":"<p>Fredrik Nilz\u00e9n, Scania:\u201cS\u00f6dert\u00e4lje beh\u00f6ver oss och vi beh\u00f6ver S\u00f6dert\u00e4lje\u201dAtt driva skiftet mot ett h\u00e5llbart transportsystem \u00e4r Scanias syfte som f\u00f6retag. Men h\u00e5llbarhet handlar om s\u00e5 mycket mer \u00e4n minskad klimatp\u00e5verkan.\u2013 Vi \u00e4r och vill vara en integrerad del av samh\u00e4llsbyggandet p\u00e5 riktigt i S\u00f6dert\u00e4lje. F\u00f6r att lyckas med det m\u00e5ste vi aktivt bidra till lokala [&hellip;]<\/p>\n","protected":false},"author":1,"featured_media":1685,"comment_status":"open","ping_status":"open","sticky":false,"template":"","format":"standard","meta":{"_et_pb_use_builder":"on","_et_pb_old_content":"","_et_gb_content_width":"","footnotes":""},"categories":[5],"tags":[],"class_list":["post-1663","post","type-post","status-publish","format-standard","has-post-thumbnail","hentry","category-artiklar-2026"],"_links":{"self":[{"href":"https:\/\/kampanj.lt.se\/idrottsgalan\/wp-json\/wp\/v2\/posts\/1663","targetHints":{"allow":["GET"]}}],"collection":[{"href":"https:\/\/kampanj.lt.se\/idrottsgalan\/wp-json\/wp\/v2\/posts"}],"about":[{"href":"https:\/\/kampanj.lt.se\/idrottsgalan\/wp-json\/wp\/v2\/types\/post"}],"author":[{"embeddable":true,"href":"https:\/\/kampanj.lt.se\/idrottsgalan\/wp-json\/wp\/v2\/users\/1"}],"replies":[{"embeddable":true,"href":"https:\/\/kampanj.lt.se\/idrottsgalan\/wp-json\/wp\/v2\/comments?post=1663"}],"version-history":[{"count":16,"href":"https:\/\/kampanj.lt.se\/idrottsgalan\/wp-json\/wp\/v2\/posts\/1663\/revisions"}],"predecessor-version":[{"id":1920,"href":"https:\/\/kampanj.lt.se\/idrottsgalan\/wp-json\/wp\/v2\/posts\/1663\/revisions\/1920"}],"wp:featuredmedia":[{"embeddable":true,"href":"https:\/\/kampanj.lt.se\/idrottsgalan\/wp-json\/wp\/v2\/media\/1685"}],"wp:attachment":[{"href":"https:\/\/kampanj.lt.se\/idrottsgalan\/wp-json\/wp\/v2\/media?parent=1663"}],"wp:term":[{"taxonomy":"category","embeddable":true,"href":"https:\/\/kampanj.lt.se\/idrottsgalan\/wp-json\/wp\/v2\/categories?post=1663"},{"taxonomy":"post_tag","embeddable":true,"href":"https:\/\/kampanj.lt.se\/idrottsgalan\/wp-json\/wp\/v2\/tags?post=1663"}],"curies":[{"name":"wp","href":"https:\/\/api.w.org\/{rel}","templated":true}]}}